{"id":16370,"date":"2016-11-11T19:31:16","date_gmt":"2016-11-11T19:31:16","guid":{"rendered":"http:\/\/archiv.szolnoktv.hu\/?p=16370"},"modified":"2021-08-26T11:41:22","modified_gmt":"2021-08-26T11:41:22","slug":"cigany-rakkutato-biztatta-tanulasra-a-fiatalokat","status":"publish","type":"post","link":"http:\/\/archiv.szolnoktv.hu\/?p=16370","title":{"rendered":"Cig\u00e1ny r\u00e1kkutat\u00f3 biztatta tanul\u00e1sra a fiatalokat"},"content":{"rendered":"<div class='booster-block booster-read-block'><\/div><p>A Karcagi cig\u00e1nytelepr\u0151l a  r\u00e1kkutat\u00e1sig. Egy biol\u00f3gus, genetikus doktorjel\u00f6lt cig\u00e1ny fiatalember \u00e9rkezett az Egy\u00fctt Egym\u00e1s\u00e9rt Ifj\u00fas\u00e1gi Klubba, hogy tanul\u00e1sra biztassa a di\u00e1kokat. Az Aba-Nov\u00e1k-Ag\u00f3ra Kultur\u00e1lis K\u00f6zpont klubterme cs\u00fct\u00f6rt\u00f6k\u00f6n este megtelt \u00e9rdekl\u0151d\u0151 fiatalokkal.<\/p>\n<p>A karcagi cig\u00e1nytelepr\u0151l indult Horv\u00e1th J\u00f3zsef, aki ma m\u00e1r a debreceni orvostudom\u00e1nyi egyetemen kutat biol\u00f3gusk\u00e9nt \u00e9s genetikusk\u00e9nt. <\/p>\n<p>-\u201eAz els\u0151dleges c\u00e9lom, hogy az \u00e9lett\u00f6rt\u00e9netemen kereszt\u00fcl bemutassam, hogy mindig van m\u00e1s \u00fat \u00e9s mindig van m\u00e1r lehet\u0151s\u00e9g \u00e9s hogy felh\u00edvjam a fiataloknak a figyelm\u00e9t, hogy mennyire fontos a tanul\u00e1s, illetve f\u0151leg a h\u00e1tr\u00e1nyos helyzet\u0171 f\u0151leg cig\u00e1ny sz\u00e1rmaz\u00e1s\u00fa fiatalokn\u00e1l ez az egyetlen lehet\u0151s\u00e9g \u00e9s j\u00e1rhat\u00f3 \u00fat a kiszakad\u00e1shoz\u201e- mondta Horv\u00e1th J\u00f3zsef r\u00e1kkutat\u00f3. <\/p>\n<p>Az  Egy\u00fctt Egym\u00e1s\u00e9rt Ifj\u00fas\u00e1gi Klub  r\u00e9sztvev\u0151i azt is megtudhatt\u00e1k el\u0151ad\u00e1s\u00e1b\u00f3l, hogy roma n\u00e9pess\u00e9g 55 %-\u00e1nak 8 oszt\u00e1lyn\u00e1l kevesebb a v\u00e9gzetts\u00e9ge. Mind\u00f6ssze 9%-uk megy k\u00f6z\u00e9piskol\u00e1ba, diplom\u00e1ja pedig csup\u00e1n 0,8 sz\u00e1zal\u00e9kuknak van. Pedig sokkal t\u00f6bbnek lehetne. Egyetlen kulcsa van a sikernek : a tanul\u00e1s. \u00d5 is kitart\u00f3 tanul\u00e1ssal jutott el a kutat\u00e1sig. <\/p>\n<p>_\u201eR\u00e9gen mi a sz\u00e1j\u00fcregi r\u00e1k korai diagn\u00f3zis\u00e1n , kor\u00e1bbi st\u00e1dium\u00fa meghat\u00e1roz\u00e1s\u00e1n dolgozunk a debreceni orvostudom\u00e1nyi  egyetemen \u00edgy rem\u00e9lve azt, hogy sokak \u00e9let\u00e9t meg tudjuk menteni\u201e-tette hozz\u00e1. <\/p>\n<p>Manaps\u00e1g legink\u00e1bb a mikroszk\u00f3p felett g\u00f6rnyed, kutat, \u00e9s k\u00e9sz\u00fcl a doktorij\u00e1ra. <br \/>El\u0151ad\u00e1s\u00e1ban arra  biztatta a fiatalokat, hogy tanuljanak \u00e9s k\u00fczdjenek az \u00e1lmaik\u00e9rt.<br \/>\n<div style=\"width: 640px;\" class=\"wp-video\"><!--[if lt IE 9]><script>document.createElement('video');<\/script><![endif]-->\n<video class=\"wp-video-shortcode\" id=\"video-16370-1\" width=\"640\" height=\"360\" preload=\"metadata\" controls=\"controls\"><source type=\"video\/mp4\" src=\"\/spots\/hir\/hir_161111_01.mp4?_=1\" \/><a href=\"\/spots\/hir\/hir_161111_01.mp4\">\/spots\/hir\/hir_161111_01.mp4<\/a><\/video><\/div><\/p>\n","protected":false},"excerpt":{"rendered":"<p>A Karcagi cig\u00e1nytelepr\u0151l a r\u00e1kkutat\u00e1sig. Egy biol\u00f3gus, genetikus doktorjel\u00f6lt cig\u00e1ny fiatalember \u00e9rkezett az Egy\u00fctt Egym\u00e1s\u00e9rt Ifj\u00fas\u00e1gi Klubba, hogy tanul\u00e1sra biztassa a di\u00e1kokat. Az Aba-Nov\u00e1k-Ag\u00f3ra Kultur\u00e1lis K\u00f6zpont klubterme cs\u00fct\u00f6rt\u00f6k\u00f6n este megtelt \u00e9rdekl\u0151d\u0151 fiatalokkal. A karcagi cig\u00e1nytelepr\u0151l indult Horv\u00e1th J\u00f3zsef, aki ma m\u00e1r a debreceni orvostudom\u00e1nyi egyetemen kutat biol\u00f3gusk\u00e9nt \u00e9s genetikusk\u00e9nt. -\u201eAz els\u0151dleges c\u00e9lom, hogy az \u00e9lett\u00f6rt\u00e9netemen [&hellip;]<\/p>\n","protected":false},"author":2,"featured_media":0,"comment_status":"closed","ping_status":"closed","sticky":false,"template":"","format":"standard","meta":[],"categories":[16],"tags":[],"_links":{"self":[{"href":"http:\/\/archiv.szolnoktv.hu\/index.php?rest_route=\/wp\/v2\/posts\/16370"}],"collection":[{"href":"http:\/\/archiv.szolnoktv.hu\/index.php?rest_route=\/wp\/v2\/posts"}],"about":[{"href":"http:\/\/archiv.szolnoktv.hu\/index.php?rest_route=\/wp\/v2\/types\/post"}],"author":[{"embeddable":true,"href":"http:\/\/archiv.szolnoktv.hu\/index.php?rest_route=\/wp\/v2\/users\/2"}],"replies":[{"embeddable":true,"href":"http:\/\/archiv.szolnoktv.hu\/index.php?rest_route=%2Fwp%2Fv2%2Fcomments&post=16370"}],"version-history":[{"count":1,"href":"http:\/\/archiv.szolnoktv.hu\/index.php?rest_route=\/wp\/v2\/posts\/16370\/revisions"}],"predecessor-version":[{"id":16452,"href":"http:\/\/archiv.szolnoktv.hu\/index.php?rest_route=\/wp\/v2\/posts\/16370\/revisions\/16452"}],"wp:attachment":[{"href":"http:\/\/archiv.szolnoktv.hu\/index.php?rest_route=%2Fwp%2Fv2%2Fmedia&parent=16370"}],"wp:term":[{"taxonomy":"category","embeddable":true,"href":"http:\/\/archiv.szolnoktv.hu\/index.php?rest_route=%2Fwp%2Fv2%2Fcategories&post=16370"},{"taxonomy":"post_tag","embeddable":true,"href":"http:\/\/archiv.szolnoktv.hu\/index.php?rest_route=%2Fwp%2Fv2%2Ftags&post=16370"}],"curies":[{"name":"wp","href":"https:\/\/api.w.org\/{rel}","templated":true}]}}