{"id":16369,"date":"2016-11-10T19:23:02","date_gmt":"2016-11-10T19:23:02","guid":{"rendered":"http:\/\/archiv.szolnoktv.hu\/?p=16369"},"modified":"2021-08-26T11:41:23","modified_gmt":"2021-08-26T11:41:23","slug":"mi-magyarok-a-magyar-tudomany-unnepe-a-muzeumban","status":"publish","type":"post","link":"http:\/\/archiv.szolnoktv.hu\/?p=16369","title":{"rendered":"\u201eMi, Magyarok\u201e &#8211; A Magyar Tudom\u00e1ny \u00dcnnepe a m\u00fazeumban"},"content":{"rendered":"<div class='booster-block booster-read-block'><\/div><p>A leg\u00fajabb kutat\u00e1si eredm\u00e9nyeket is ismertett\u00e9k a  a Magyar Tudom\u00e1ny \u00dcnnepe alkalm\u00e1b\u00f3l a \u201eMi Magyarok\u201e Konferenci\u00e1n. A Damjanich J\u00e1nos M\u00fazeumban emellett sz\u00ednes palett\u00e1val k\u00e9sz\u00fcltek a kutat\u00f3k, szerte\u00e1gaz\u00f3 t\u00e9m\u00e1kban hangoztak el el\u0151ad\u00e1sok.<\/p>\n<p>K\u00e9t t\u00e9ma, az 1956-os Forradalom \u00e9s Szabads\u00e1gharc, \u00e9s az id\u00e9n 70 \u00e9ves Tisza t\u00e1ncegy\u00fcttes, valamint a  magyar tud\u00f3sok eredm\u00e9nyei k\u00f6r\u00e9 szervezt\u00e9k id\u00e9n a Magyar Tudom\u00e1ny \u00dcnnep\u00e9t a Damjanich J\u00e1nos M\u00fazeumban. A \u201eMi Magyarok\u201e Konferenci\u00e1n a n\u00e9rajz- \u00e9s a n\u00e9pt\u00e1nc kutat\u00e1s k\u00fclf\u00f6ldi hat\u00e1sait is ismertett\u00e9k. <\/p>\n<p>Gecse Annabella n\u00e9prajzkutat\u00f3-m\u00fazeol\u00f3gus ezt a munk\u00e1t \u00edgy jellemezte:\u201eSz\u00ednpadon nagyon sokszor tal\u00e1lkozunk a n\u00e9pt\u00e1nccal, F\u00f6lsz\u00e1llott a P\u00e1va \u00fajra, t\u00f6bbek k\u00f6z\u00f6tt ott is, azzal kevesebbet, hogy milyen munka \u00e9s milyen tudom\u00e1nyos kutat\u00e1s \u00e1ll em\u00f6g\u00f6tt. Ha abba gondolunk bele, hogy p\u00e9ld\u00e1ul egy kalotaszegi t\u00e1ncost\u00f3l, M\u00e1ty\u00e1s Istv\u00e1nt\u00f3l, Martin Gy\u00f6rgy 34 \u00e9ven kereszt\u00fcl gy\u0171jt\u00f6tt, mire \u00f6ssze\u00e1ll\u00edtott a koll\u00e9g\u00e1ival egy 700 oldalas k\u00f6nyvet, akkor ez m\u00e1ris jelzi, hogy ez nem csak a sz\u00ednpad.\u201e  <\/p>\n<p>A szolnokiakon k\u00edv\u00fcl t\u00f6bb m\u00e1s v\u00e1rosb\u00f3l is \u00e9rkeztek el\u0151ad\u00f3k. Nagy sz\u00fcks\u00e9g van a tud\u00f3sokra, ugyanis kutat\u00e1saikkal, eredm\u00e9nyeikkel \u00e9s publik\u00e1ci\u00f3ikkal hozz\u00e1j\u00e1rulhatnak az orsz\u00e1g eredm\u00e9nyeihez \u00e9s utat mutathatnak a j\u00f6v\u0151 fel\u00e9. &#8211; hangs\u00falyozta Szalay Ferenc polg\u00e1rmester.<\/p>\n<p>\u201eEgy v\u00e1rosban is azt hiszem, hogyha a tudom\u00e1nyos \u00e9let, a szellem komoly magass\u00e1gai nincsenek jelen, akkor egy v\u00e1ros f\u00e9ll\u00e1b\u00fa \u00e9s elkezd billegni. Nem mindegy, hogy hogyan m\u0171k\u00f6dik a m\u00fazeum, nem mindegy, hoyg hogyan m\u0171k\u00f6dik a lev\u00e9lt\u00e1r, nem mindegy, hogy hogyan m\u0171k\u00f6dnek a k\u00f3rh\u00e1zak, nem mindegy hogyan m\u0171k\u00f6dik az oktat\u00e1s a kult\u00fara \u00e9s oly&#8217; sok minden.\u201e &#8211; mutatott r\u00e1 Szalay Ferenc<\/p>\n<p>A polg\u00e1rmester a Szolnokr\u00f3l elsz\u00e1rmazott \u00e9s nemzetk\u00f6zi karriert is befut\u00f3 tud\u00f3sokat is m\u00e9ltatta k\u00f6sz\u00f6nt\u0151 besz\u00e9d\u00e9ben. A szakmai konferenci\u00e1n a t\u00f6bbi k\u00f6z\u00f6tt az 1956-os forradalom \u00e9s szabads\u00e1gharcr\u00f3l, a magyar nemzeti t\u00e1jr\u00f3l \u00e9s az \u00c1rp\u00e1d-korr\u00f3l is elhangoztak el\u0151ad\u00e1sok.  <br \/>\n<div style=\"width: 640px;\" class=\"wp-video\"><!--[if lt IE 9]><script>document.createElement('video');<\/script><![endif]-->\n<video class=\"wp-video-shortcode\" id=\"video-16369-1\" width=\"640\" height=\"360\" preload=\"metadata\" controls=\"controls\"><source type=\"video\/mp4\" src=\"\/spots\/hir\/hir_161110_06.mp4?_=1\" \/><a href=\"\/spots\/hir\/hir_161110_06.mp4\">\/spots\/hir\/hir_161110_06.mp4<\/a><\/video><\/div><\/p>\n","protected":false},"excerpt":{"rendered":"<p>A leg\u00fajabb kutat\u00e1si eredm\u00e9nyeket is ismertett\u00e9k a a Magyar Tudom\u00e1ny \u00dcnnepe alkalm\u00e1b\u00f3l a \u201eMi Magyarok\u201e Konferenci\u00e1n. A Damjanich J\u00e1nos M\u00fazeumban emellett sz\u00ednes palett\u00e1val k\u00e9sz\u00fcltek a kutat\u00f3k, szerte\u00e1gaz\u00f3 t\u00e9m\u00e1kban hangoztak el el\u0151ad\u00e1sok. K\u00e9t t\u00e9ma, az 1956-os Forradalom \u00e9s Szabads\u00e1gharc, \u00e9s az id\u00e9n 70 \u00e9ves Tisza t\u00e1ncegy\u00fcttes, valamint a magyar tud\u00f3sok eredm\u00e9nyei k\u00f6r\u00e9 szervezt\u00e9k id\u00e9n a Magyar [&hellip;]<\/p>\n","protected":false},"author":2,"featured_media":0,"comment_status":"closed","ping_status":"closed","sticky":false,"template":"","format":"standard","meta":[],"categories":[16],"tags":[],"_links":{"self":[{"href":"http:\/\/archiv.szolnoktv.hu\/index.php?rest_route=\/wp\/v2\/posts\/16369"}],"collection":[{"href":"http:\/\/archiv.szolnoktv.hu\/index.php?rest_route=\/wp\/v2\/posts"}],"about":[{"href":"http:\/\/archiv.szolnoktv.hu\/index.php?rest_route=\/wp\/v2\/types\/post"}],"author":[{"embeddable":true,"href":"http:\/\/archiv.szolnoktv.hu\/index.php?rest_route=\/wp\/v2\/users\/2"}],"replies":[{"embeddable":true,"href":"http:\/\/archiv.szolnoktv.hu\/index.php?rest_route=%2Fwp%2Fv2%2Fcomments&post=16369"}],"version-history":[{"count":1,"href":"http:\/\/archiv.szolnoktv.hu\/index.php?rest_route=\/wp\/v2\/posts\/16369\/revisions"}],"predecessor-version":[{"id":16453,"href":"http:\/\/archiv.szolnoktv.hu\/index.php?rest_route=\/wp\/v2\/posts\/16369\/revisions\/16453"}],"wp:attachment":[{"href":"http:\/\/archiv.szolnoktv.hu\/index.php?rest_route=%2Fwp%2Fv2%2Fmedia&parent=16369"}],"wp:term":[{"taxonomy":"category","embeddable":true,"href":"http:\/\/archiv.szolnoktv.hu\/index.php?rest_route=%2Fwp%2Fv2%2Fcategories&post=16369"},{"taxonomy":"post_tag","embeddable":true,"href":"http:\/\/archiv.szolnoktv.hu\/index.php?rest_route=%2Fwp%2Fv2%2Ftags&post=16369"}],"curies":[{"name":"wp","href":"https:\/\/api.w.org\/{rel}","templated":true}]}}