{"id":16355,"date":"2016-11-07T19:14:22","date_gmt":"2016-11-07T19:14:22","guid":{"rendered":"http:\/\/archiv.szolnoktv.hu\/?p=16355"},"modified":"2021-08-26T11:41:29","modified_gmt":"2021-08-26T11:41:29","slug":"filmforgatas-a-reptarban","status":"publish","type":"post","link":"http:\/\/archiv.szolnoktv.hu\/?p=16355","title":{"rendered":"Filmforgat\u00e1s a Rept\u00e1rban"},"content":{"rendered":"<div class='booster-block booster-read-block'><\/div><p>Dokumentum filmet forgattak a szolnoki Rept\u00e1rban. A II. vil\u00e1gh\u00e1bor\u00fa h\u00edres Puma rep\u00fcl\u0151 vad\u00e1szoszt\u00e1ly\u00e1nak m\u00e9g \u00e9l\u0151 k\u00e9t pil\u00f3t\u00e1ja j\u00e1rt a m\u00fazeumban. A r\u00f3luk k\u00e9sz\u00fcl\u0151 filmhez k\u00e9sz\u00edtettek a veter\u00e1nokr\u00f3l felv\u00e9teleket.<\/p>\n<p>Nagy v\u00e1rakoz\u00e1s el\u0151zte meg a veter\u00e1nok \u00e9rkez\u00e9s\u00e9t. A katonai rep\u00fcl\u00e9s \u00e9s rep\u00fcl\u00e9s-kutat\u00e1s ismert alakjai v\u00e1rt\u00e1k a n\u00e9h\u00e1ny h\u00f3nap h\u00edj\u00e1n 100 esztend\u0151s Nyemecz P\u00e1lt, a 97 \u00e9ves Szentiv\u00e1nyi J\u00e1nost \u00e9s a 93 \u00e9ves Frank\u00f3 Endr\u00e9t. Mindh\u00e1rman pil\u00f3tak\u00e9nt szolg\u00e1ltak a II. Vil\u00e1gh\u00e1bor\u00faban. Szentiv\u00e1nyi J\u00e1nos \u00e9s Frank\u00f3 Endre, a h\u00edres Puma vad\u00e1szoszt\u00e1ly m\u00e9g \u00e9l\u0151 k\u00e9t tagja. A r\u00f3luk k\u00e9sz\u00fcl\u0151 dokumentumfilmhez forgattak a szolnoki Rept\u00e1rban.<\/p>\n<p>&#8220;Ami\u00e9rt elj\u00f6tt\u00fcnk, hogy a m\u00fazeumban is legyenek felv\u00e9telek, az \u00f6regek megmutatn\u00e1k a szimul\u00e1torban hogy mit tudnak, \u00e9s harcoln\u00e1nak, ak\u00e1r a egym\u00e1ssal, ak\u00e1r a puma sz\u00e1zad parancsnok\u00e1val.&#8221;&#8221; -mondta HOCHSTEIN ANDR\u00c1S szervez\u0151.<\/p>\n<p>A Puma vad\u00e1szoszt\u00e1ly 1944. \u00e1prilis 1-\u00e9n alakult. Egyszerre 40 Messerchmitt vad\u00e1szg\u00e9p bevet\u00e9s\u00e9re volt alkalmas. A h\u00e1bor\u00fa sor\u00e1n 649 bevet\u00e9st hajtottak v\u00e9gre. Frank\u00f3 Endre 16 \u00e9vesen m\u00e1r rep\u00fclt, rep\u00fcl\u0151pil\u00f3ta az \u00e9retts\u00e9git k\u00f6vet\u0151en lett.<\/p>\n<p>&#8220;&#8221;T\u00edz k\u00f6r\u00fcli bevet\u00e9sem volt, szerencs\u00e9re v\u00e9ge lett a h\u00e1bor\u00fanak, ak\u00e1rmennyire is rep\u00fcl\u0151 volt az ember \u00e9s szeretett rep\u00fclni, a l\u00e9gi harc nem volt ak\u00e1rmi, jobb hogy v\u00e9ge volt.&#8221;&#8221; -mondta FRANK\u00d3 ENDRE f\u0151hadnagy.<br \/>Szentiv\u00e1nyi J\u00e1nos is az \u00e9retts\u00e9gi ut\u00e1n ker\u00fclt a l\u00e9gier\u0151h\u00f6z. \u00d5 volt a legfiatalabb.<\/p>\n<p>&#8220;&#8221;A jelentkez\u0151k l\u00e9tsz\u00e1ma 4500 f\u0151 volt, \u00e9s ebb\u0151l 200-at vettek fel, ebb\u0151l 90-en voltunk tiszt jel\u00f6ltek, 110 pedig altisztjel\u00f6lt. Sz\u00edvet melenget\u0151 volt, hogy \u00e9n is a kiv\u00e1lasztottak k\u00f6z\u00f6tt voltam.&#8221;&#8221; -mondta SZENTIV\u00c1NYI J\u00c1NOS alezredes.<\/p>\n<p>A filmet tavasszal kezdt\u00e9k forgatni, a szolnoki az utols\u00f3 forgat\u00e1si napok egyike volt. A film -a tervek szerint- nem egy ismeretterjeszt\u0151 alkot\u00e1s lesz, hanem k\u00e9t emberi t\u00f6rt\u00e9netet \u00f6sszefoglal\u00f3 portr\u00e9film.  &#8221;<br \/>\n<div style=\"width: 640px;\" class=\"wp-video\"><!--[if lt IE 9]><script>document.createElement('video');<\/script><![endif]-->\n<video class=\"wp-video-shortcode\" id=\"video-16355-1\" width=\"640\" height=\"360\" preload=\"metadata\" controls=\"controls\"><source type=\"video\/mp4\" src=\"\/spots\/hir\/hir_161107_04.mp4?_=1\" \/><a href=\"\/spots\/hir\/hir_161107_04.mp4\">\/spots\/hir\/hir_161107_04.mp4<\/a><\/video><\/div><\/p>\n","protected":false},"excerpt":{"rendered":"<p>Dokumentum filmet forgattak a szolnoki Rept\u00e1rban. A II. vil\u00e1gh\u00e1bor\u00fa h\u00edres Puma rep\u00fcl\u0151 vad\u00e1szoszt\u00e1ly\u00e1nak m\u00e9g \u00e9l\u0151 k\u00e9t pil\u00f3t\u00e1ja j\u00e1rt a m\u00fazeumban. A r\u00f3luk k\u00e9sz\u00fcl\u0151 filmhez k\u00e9sz\u00edtettek a veter\u00e1nokr\u00f3l felv\u00e9teleket. Nagy v\u00e1rakoz\u00e1s el\u0151zte meg a veter\u00e1nok \u00e9rkez\u00e9s\u00e9t. A katonai rep\u00fcl\u00e9s \u00e9s rep\u00fcl\u00e9s-kutat\u00e1s ismert alakjai v\u00e1rt\u00e1k a n\u00e9h\u00e1ny h\u00f3nap h\u00edj\u00e1n 100 esztend\u0151s Nyemecz P\u00e1lt, a 97 \u00e9ves Szentiv\u00e1nyi [&hellip;]<\/p>\n","protected":false},"author":2,"featured_media":0,"comment_status":"closed","ping_status":"closed","sticky":false,"template":"","format":"standard","meta":[],"categories":[16],"tags":[],"_links":{"self":[{"href":"http:\/\/archiv.szolnoktv.hu\/index.php?rest_route=\/wp\/v2\/posts\/16355"}],"collection":[{"href":"http:\/\/archiv.szolnoktv.hu\/index.php?rest_route=\/wp\/v2\/posts"}],"about":[{"href":"http:\/\/archiv.szolnoktv.hu\/index.php?rest_route=\/wp\/v2\/types\/post"}],"author":[{"embeddable":true,"href":"http:\/\/archiv.szolnoktv.hu\/index.php?rest_route=\/wp\/v2\/users\/2"}],"replies":[{"embeddable":true,"href":"http:\/\/archiv.szolnoktv.hu\/index.php?rest_route=%2Fwp%2Fv2%2Fcomments&post=16355"}],"version-history":[{"count":1,"href":"http:\/\/archiv.szolnoktv.hu\/index.php?rest_route=\/wp\/v2\/posts\/16355\/revisions"}],"predecessor-version":[{"id":16467,"href":"http:\/\/archiv.szolnoktv.hu\/index.php?rest_route=\/wp\/v2\/posts\/16355\/revisions\/16467"}],"wp:attachment":[{"href":"http:\/\/archiv.szolnoktv.hu\/index.php?rest_route=%2Fwp%2Fv2%2Fmedia&parent=16355"}],"wp:term":[{"taxonomy":"category","embeddable":true,"href":"http:\/\/archiv.szolnoktv.hu\/index.php?rest_route=%2Fwp%2Fv2%2Fcategories&post=16355"},{"taxonomy":"post_tag","embeddable":true,"href":"http:\/\/archiv.szolnoktv.hu\/index.php?rest_route=%2Fwp%2Fv2%2Ftags&post=16355"}],"curies":[{"name":"wp","href":"https:\/\/api.w.org\/{rel}","templated":true}]}}