{"id":16354,"date":"2016-11-07T19:13:07","date_gmt":"2016-11-07T19:13:07","guid":{"rendered":"http:\/\/archiv.szolnoktv.hu\/?p=16354"},"modified":"2021-08-26T11:41:29","modified_gmt":"2021-08-26T11:41:29","slug":"bozsony-ferenc-1956-november-4-rol","status":"publish","type":"post","link":"http:\/\/archiv.szolnoktv.hu\/?p=16354","title":{"rendered":"B\u0151zs\u00f6ny Ferenc 1956. november 4-r\u0151l"},"content":{"rendered":"<div class='booster-block booster-read-block'><\/div><p>1956. november 4-\u00e9n indult meg a szovjet intervenci\u00f3 a magyar forradalom lever\u00e9s\u00e9re. Nagy  Imre ekkor mondta el utols\u00f3 r\u00e1di\u00f3 besz\u00e9d\u00e9t a parlamenti ideiglenes st\u00fadi\u00f3ban. B\u0151zs\u00f6ny Ferenc  bemond\u00f3k\u00e9nt hallgatta v\u00e9gig a besz\u00e9d felv\u00e9tel\u00e9t.<\/p>\n<p>Gyertyagy\u00fajt\u00e1ssal eml\u00e9keztek 1956. november 4-re a t\u00f6r\u00f6kszentmik\u00f3si &#8217;56-os eml\u00e9km\u0171n\u00e9l p\u00e9nteken. 60 \u00e9ve indult meg a szovjet &#8216;Forg\u00f3sz\u00e9l&#8217; hadm\u0171velet, amely keret\u00e9ben a f\u0151v\u00e1rosba 3 ir\u00e1nyb\u00f3l nyomultak be a p\u00e1nc\u00e9losok, hogy eltiporj\u00e1k a forradalmat. November 4-\u00e9n, 5 \u00f3ra 20 perckor hangzott el Nagy Imre minisztereln\u00f6k sokat id\u00e9zett besz\u00e9de, amelyet a Magyar R\u00e1di\u00f3 ideiglenes Parlamenti st\u00fadi\u00f3j\u00e1ban r\u00f6gz\u00edtettek \u00e9s onnan sug\u00e1roztak. <\/p>\n<p>November 4-e hajnalban a R\u00e1di\u00f3ban alig 2 h\u00f3napja bemond\u00f3k\u00e9nt dolgoz\u00f3, akkor 25 \u00e9ves B\u0151zs\u00f6ny Ferenc nyitott ajt\u00f3t az \u00e9rkez\u0151 minisztereln\u00f6knek. <\/p>\n<p>\u201eOda m\u00e1r beosztottak minket is bemond\u00f3kat \u00e9s ezen a 3-\u00e1n l\u00e9v\u0151 est\u00e9n, akkor \u00e9n szolg\u00e1latban voltam \u00e9s mi bent is \u00e9jszak\u00e1ztunk a Parlamentben. Nehogy azt higgy\u00e9k, hogy az ott valami sz\u00e1lloda volt, hanem ilyen sz\u00fcks\u00e9g m\u00f3don kaptunk egy pl\u00e9det \u00e9s ott a rengeteg irod\u00e1k valamelyik\u00e9t \u00e9jszaka kisz\u00fartuk magunknak \u00e9s ott valamelyik pamlagon aludtunk \u00e9jszaka. Azt\u00e1n j\u00f6ttek \u00e9breszteni benn\u00fcnket \u00e9s indult az ad\u00e1s.\u201e &#8211; a Magyar R\u00e1di\u00f3 \u00f6r\u00f6k\u00f6s f\u0151bemond\u00f3ja.  <\/p>\n<p>A Magyar R\u00e1di\u00f3 \u00d6r\u00f6k\u00f6s F\u0151bemond\u00f3j\u00e1nak p\u00e9nteken elhangzott el\u0151ad\u00e1s\u00e1b\u00f3l a holnapi T\u00c9MA c\u00edm\u0171 m\u0171sorunkban l\u00e1thatnak hosszabb r\u00e9szleteket.<br \/>\n<div style=\"width: 640px;\" class=\"wp-video\"><!--[if lt IE 9]><script>document.createElement('video');<\/script><![endif]-->\n<video class=\"wp-video-shortcode\" id=\"video-16354-1\" width=\"640\" height=\"360\" preload=\"metadata\" controls=\"controls\"><source type=\"video\/mp4\" src=\"\/spots\/hir\/hir_161107_03.mp4?_=1\" \/><a href=\"\/spots\/hir\/hir_161107_03.mp4\">\/spots\/hir\/hir_161107_03.mp4<\/a><\/video><\/div><\/p>\n","protected":false},"excerpt":{"rendered":"<p>1956. november 4-\u00e9n indult meg a szovjet intervenci\u00f3 a magyar forradalom lever\u00e9s\u00e9re. Nagy Imre ekkor mondta el utols\u00f3 r\u00e1di\u00f3 besz\u00e9d\u00e9t a parlamenti ideiglenes st\u00fadi\u00f3ban. B\u0151zs\u00f6ny Ferenc bemond\u00f3k\u00e9nt hallgatta v\u00e9gig a besz\u00e9d felv\u00e9tel\u00e9t. Gyertyagy\u00fajt\u00e1ssal eml\u00e9keztek 1956. november 4-re a t\u00f6r\u00f6kszentmik\u00f3si &#8217;56-os eml\u00e9km\u0171n\u00e9l p\u00e9nteken. 60 \u00e9ve indult meg a szovjet &#8216;Forg\u00f3sz\u00e9l&#8217; hadm\u0171velet, amely keret\u00e9ben a f\u0151v\u00e1rosba 3 [&hellip;]<\/p>\n","protected":false},"author":2,"featured_media":0,"comment_status":"closed","ping_status":"closed","sticky":false,"template":"","format":"standard","meta":[],"categories":[16],"tags":[],"_links":{"self":[{"href":"http:\/\/archiv.szolnoktv.hu\/index.php?rest_route=\/wp\/v2\/posts\/16354"}],"collection":[{"href":"http:\/\/archiv.szolnoktv.hu\/index.php?rest_route=\/wp\/v2\/posts"}],"about":[{"href":"http:\/\/archiv.szolnoktv.hu\/index.php?rest_route=\/wp\/v2\/types\/post"}],"author":[{"embeddable":true,"href":"http:\/\/archiv.szolnoktv.hu\/index.php?rest_route=\/wp\/v2\/users\/2"}],"replies":[{"embeddable":true,"href":"http:\/\/archiv.szolnoktv.hu\/index.php?rest_route=%2Fwp%2Fv2%2Fcomments&post=16354"}],"version-history":[{"count":1,"href":"http:\/\/archiv.szolnoktv.hu\/index.php?rest_route=\/wp\/v2\/posts\/16354\/revisions"}],"predecessor-version":[{"id":16468,"href":"http:\/\/archiv.szolnoktv.hu\/index.php?rest_route=\/wp\/v2\/posts\/16354\/revisions\/16468"}],"wp:attachment":[{"href":"http:\/\/archiv.szolnoktv.hu\/index.php?rest_route=%2Fwp%2Fv2%2Fmedia&parent=16354"}],"wp:term":[{"taxonomy":"category","embeddable":true,"href":"http:\/\/archiv.szolnoktv.hu\/index.php?rest_route=%2Fwp%2Fv2%2Fcategories&post=16354"},{"taxonomy":"post_tag","embeddable":true,"href":"http:\/\/archiv.szolnoktv.hu\/index.php?rest_route=%2Fwp%2Fv2%2Ftags&post=16354"}],"curies":[{"name":"wp","href":"https:\/\/api.w.org\/{rel}","templated":true}]}}