{"id":16353,"date":"2016-11-07T19:11:43","date_gmt":"2016-11-07T19:11:43","guid":{"rendered":"http:\/\/archiv.szolnoktv.hu\/?p=16353"},"modified":"2021-08-26T11:41:30","modified_gmt":"2021-08-26T11:41:30","slug":"xxvii-vofelytalalkozo","status":"publish","type":"post","link":"http:\/\/archiv.szolnoktv.hu\/?p=16353","title":{"rendered":"XXVII. V\u0151f\u00e9lytal\u00e1lkoz\u00f3"},"content":{"rendered":"<div class='booster-block booster-read-block'><\/div><p>Kiki\u00e1lt\u00e1s v\u0151f\u00e9ly m\u00f3dra, ty\u00fakh\u00fasleves, birkap\u00f6rk\u00f6lt, zenekarok, menyasszony. No meg kit\u0171n\u0151 hangulat. Ez jellemezte a p\u00e9nteki megyei v\u0151f\u00e9lytal\u00e1lkoz\u00f3t, ami m\u00e1r a 27. volt a sorban.<\/p>\n<p>Hamis\u00edtatlan lakodalmas zene, menyasszony-v\u0151leg\u00e9ny, n\u00e1szn\u00e9p, no meg a v\u0151f\u00e9lyek. \u00d5k ugyanis a lakodalom karmesterei. P\u00e9nteken este a Tiszti Klub \u00e9tteremben tal\u00e1lkoztak a megyeb\u00e9liek. Sokan m\u00e1r ezen az \u00e9jjelen elkeltek -m\u00e1r ha volt m\u00e9g szabad id\u0151pontjuk  a 2017-es napt\u00e1rban. A p\u00e9nteki esem\u00e9nyen 5 zenekar  \u00e9s 18 v\u0151f\u00e9ly mutatkozott be a k\u00f6z\u00f6ns\u00e9gnek. <\/p>\n<p>-\u201e A  vend\u00e9g kezel\u00e9se, templomba ki be menetel, az utc\u00e1n ki hol megy mert a hagyom\u00e1nyok szerint az sem mindegy ki megy el\u00f6l, ez mind a v\u0151f\u00e9ly feladata\u201e &#8211; mondta a szervez\u0151 v\u0151f\u00e9ly Fodor Istv\u00e1n. <\/p>\n<p>Az igazi magyar lakodalmakon bevett szok\u00e1s szerint sorakoztatt\u00e1k fel az \u00e9teleket. <br \/>A r\u00e9gi tr\u00e9fa m\u00e9g ma is nevettetett, a menyasszony lukas kan\u00e1llal szedte ur\u00e1nak a levest. <br \/>Ahogyan a legt\u00f6bb lagzis men\u00fc, ez is ty\u00fakh\u00faslevessel indult. Melyet a kinevezett  \u00f6r\u00f6mapa k\u00f3stolt meg legel\u00e9bb. Az \u00e9telek, a cukr\u00e1szati remekek, az italok mellett bemutatkozott menyasszonyi ruha k\u00f6lcs\u00f6nz\u0151 \u00e9s  fot\u00f3s is az esem\u00e9nyen.<br \/>\n<div style=\"width: 640px;\" class=\"wp-video\"><!--[if lt IE 9]><script>document.createElement('video');<\/script><![endif]-->\n<video class=\"wp-video-shortcode\" id=\"video-16353-1\" width=\"640\" height=\"360\" preload=\"metadata\" controls=\"controls\"><source type=\"video\/mp4\" src=\"\/spots\/hir\/hir_161107_06.mp4?_=1\" \/><a href=\"\/spots\/hir\/hir_161107_06.mp4\">\/spots\/hir\/hir_161107_06.mp4<\/a><\/video><\/div><\/p>\n","protected":false},"excerpt":{"rendered":"<p>Kiki\u00e1lt\u00e1s v\u0151f\u00e9ly m\u00f3dra, ty\u00fakh\u00fasleves, birkap\u00f6rk\u00f6lt, zenekarok, menyasszony. No meg kit\u0171n\u0151 hangulat. Ez jellemezte a p\u00e9nteki megyei v\u0151f\u00e9lytal\u00e1lkoz\u00f3t, ami m\u00e1r a 27. volt a sorban. Hamis\u00edtatlan lakodalmas zene, menyasszony-v\u0151leg\u00e9ny, n\u00e1szn\u00e9p, no meg a v\u0151f\u00e9lyek. \u00d5k ugyanis a lakodalom karmesterei. P\u00e9nteken este a Tiszti Klub \u00e9tteremben tal\u00e1lkoztak a megyeb\u00e9liek. Sokan m\u00e1r ezen az \u00e9jjelen elkeltek -m\u00e1r ha [&hellip;]<\/p>\n","protected":false},"author":2,"featured_media":0,"comment_status":"closed","ping_status":"closed","sticky":false,"template":"","format":"standard","meta":[],"categories":[16],"tags":[],"_links":{"self":[{"href":"http:\/\/archiv.szolnoktv.hu\/index.php?rest_route=\/wp\/v2\/posts\/16353"}],"collection":[{"href":"http:\/\/archiv.szolnoktv.hu\/index.php?rest_route=\/wp\/v2\/posts"}],"about":[{"href":"http:\/\/archiv.szolnoktv.hu\/index.php?rest_route=\/wp\/v2\/types\/post"}],"author":[{"embeddable":true,"href":"http:\/\/archiv.szolnoktv.hu\/index.php?rest_route=\/wp\/v2\/users\/2"}],"replies":[{"embeddable":true,"href":"http:\/\/archiv.szolnoktv.hu\/index.php?rest_route=%2Fwp%2Fv2%2Fcomments&post=16353"}],"version-history":[{"count":1,"href":"http:\/\/archiv.szolnoktv.hu\/index.php?rest_route=\/wp\/v2\/posts\/16353\/revisions"}],"predecessor-version":[{"id":16469,"href":"http:\/\/archiv.szolnoktv.hu\/index.php?rest_route=\/wp\/v2\/posts\/16353\/revisions\/16469"}],"wp:attachment":[{"href":"http:\/\/archiv.szolnoktv.hu\/index.php?rest_route=%2Fwp%2Fv2%2Fmedia&parent=16353"}],"wp:term":[{"taxonomy":"category","embeddable":true,"href":"http:\/\/archiv.szolnoktv.hu\/index.php?rest_route=%2Fwp%2Fv2%2Fcategories&post=16353"},{"taxonomy":"post_tag","embeddable":true,"href":"http:\/\/archiv.szolnoktv.hu\/index.php?rest_route=%2Fwp%2Fv2%2Ftags&post=16353"}],"curies":[{"name":"wp","href":"https:\/\/api.w.org\/{rel}","templated":true}]}}