{"id":16352,"date":"2016-11-07T19:04:31","date_gmt":"2016-11-07T19:04:31","guid":{"rendered":"http:\/\/archiv.szolnoktv.hu\/?p=16352"},"modified":"2021-08-26T11:41:30","modified_gmt":"2021-08-26T11:41:30","slug":"xiv-eskuvo-kiallitas","status":"publish","type":"post","link":"http:\/\/archiv.szolnoktv.hu\/?p=16352","title":{"rendered":"XIV. Esk\u00fcv\u0151 Ki\u00e1ll\u00edt\u00e1s"},"content":{"rendered":"<div class='booster-block booster-read-block'><\/div><p>21 szakma \u00e9s 41 ki\u00e1ll\u00edt\u00f3  a XIV. Esk\u00fcv\u0151 ki\u00e1ll\u00edt\u00e1son. \u00dajdons\u00e1g a cerem\u00f3niamester,  a mobil b\u00e1r,  a DJ  \u00e9s  a muffintorta. A 2017-es &#8217;18 as esk\u00fcv\u0151kre m\u00e1r ezeket k\u00e9rik a h\u00e1zasuland\u00f3 p\u00e1rok. A leg\u00fajabb trendekkel is megismerkedhettek  vas\u00e1rnap a Campuszon  fiatalok \u00e9s sz\u00fcleik.<\/p>\n<p>41 ki\u00e1ll\u00edt\u00f3 mutatta be szolg\u00e1ltat\u00e1sait az idei esk\u00fcv\u0151 ki\u00e1ll\u00edt\u00e1son. A XIV. rendezv\u00e9nyen 21 szakma k\u00e9pviseltette mag\u00e1t. Nemcsak fiatalok, hanem csal\u00e1dtagok is k\u00edv\u00e1ncsiak voltak a k\u00edn\u00e1latra.  A nagy nap pedig m\u00e1r nem is csak egyetlen napig tart. <\/p>\n<p>\u201e-Az  esk\u00fcv\u0151k id\u0151tartama sz\u00e9th\u00faz\u00f3dik, k\u00fcl\u00f6n rendezik a templomi \u00e9s a polg\u00e1ri szertart\u00e1st, a csal\u00e1d elvonul egy h\u00e9tv\u00e9g\u00e9re, m\u00e1r nem csak egy est\u00e9r\u0151l sz\u00f3lnak az esk\u00fcv\u0151k, hanem egy csal\u00e1di h\u00e9tv\u00e9g\u00e9r\u0151l is-mondta a rendez\u0151 Bablina Angelika. <\/p>\n<p>Ami maradt, hogy gy\u0171jteni kell az esk\u00fcv\u0151re, illetve a lakodalomra. \u00e9s id\u0151ben el kell kezdeni a szervez\u00e9st. Vivien\u00e9k 2018-ban esk\u00fcsznek. <\/p>\n<p>\u201e-Igen mert 2017re m\u00e1r se helyet se d\u00e1tumot v\u0151f\u00e9lyt nem tal\u00e1ltunk \u00fagyhogy igen ilyen hamar el kell kezdeni-mondta T\u00f6r\u00f6k Vivien. <\/p>\n<p>Addig m\u00e9g gy\u0171jt\u00f6getni is kell, az esk\u00fcv\u0151 ugyanis nem olcs\u00f3. <\/p>\n<p>\u201e-Ahogy \u00edgy el\u0151re sz\u00e1molgattunk, olyan 2 milli\u00f3 forint vagy kicsit f\u00f6l\u00f6tte \u00e9s ez m\u00e9g nem is a legrongyr\u00e1z\u00f3sabb dolog. \u00c9s nem is olyan nagy a csal\u00e1d, 80-90 f\u0151s vend\u00e9gseregr\u0151l besz\u00e9l\u00fcnk-tette hozz\u00e1 a v\u0151leg\u00e9ny T\u00f3th Norbert.<\/p>\n<p>Ami \u00e1lland\u00f3 az a leend\u0151 ara ruh\u00e1ja. 2017-re is sz\u00e9les a paletta a menyasszonyi ruh\u00e1k tekintet\u00e9ben. A nagy abroncsos, als\u00f3szokny\u00e1s ruh\u00e1k szinte teljesen elt\u0171ntek. <\/p>\n<p>-\u201eMaradt a klasszikus vonal\u00fa ruha, az mindig megmarad a visszafogott, decensebb st\u00edlushoz, viszont a b\u00e1trabb, mer\u00e9szebb h\u00f6lgyeknek a teljesen \u00e1tl\u00e1tsz\u00f3 , a testen csak a csipk\u00e9k halmaza, azok uralkodnak. Ez \u00fagy val\u00f3s\u00edthat\u00f3 meg, hogy testsz\u00edn\u0171 alapanyagra dolgozunk-tudtuk meg H\u00e9jja J\u00e1nost\u00f3l.<\/p>\n<p>\u00dajdons\u00e1g, hogy m\u00e1r p\u00e9nteken is egyre t\u00f6bb lagzit tartanak, mobil b\u00e1rt k\u00e9rnek l\u00e1tv\u00e1nyos kokt\u00e9lokkal album helyett fot\u00f3k\u00f6nyvet csin\u00e1ltatnak g\u00e9pi helyett kalligrafikus \u00edr\u00e1ssal bar\u00e1tkoznak, muffintort\u00e1t rendelnek, v\u0151f\u00e9ly helyett cerem\u00f3niamester van, zenekar helyett pedig DJ. <\/p>\n<p>-\u201e Olyan 8-9 ezer dallal szokta elmenni, ami adathordoz\u00f3n, CD-n, winchesteren van, \u00e9s internetkapcsolat is van, \u00fagyhogy nincs olyan zene, amit ne tudn\u00e1nak t\u0151l\u00fcnk k\u00e9rni\u201e- mondta a DJ-k\u00e9nt dolgoz\u00f3 Kov\u00e1cs Attila.<\/p>\n<p>Pint\u00e9r Zsolt cerem\u00f3niamester pedig \u00f6r\u00fcl annak, hogy a  p\u00e1rok m\u00e1r mernek  nyitni, nem szeretnek ragaszkodni a hagyom\u00e1nyokhoz, elengedik a sz\u00fcl\u0151ket, hogy \u0151k maguk d\u00f6ntsenek.  <\/p>\n<p>A l\u00e9nyeg, hogy a nagy nap olyan legyen amilyennek a p\u00e1r meg\u00e1lmodta.<br \/>\n<div style=\"width: 640px;\" class=\"wp-video\"><!--[if lt IE 9]><script>document.createElement('video');<\/script><![endif]-->\n<video class=\"wp-video-shortcode\" id=\"video-16352-1\" width=\"640\" height=\"360\" preload=\"metadata\" controls=\"controls\"><source type=\"video\/mp4\" src=\"\/spots\/hir\/hir_161107_01.mp4?_=1\" \/><a href=\"\/spots\/hir\/hir_161107_01.mp4\">\/spots\/hir\/hir_161107_01.mp4<\/a><\/video><\/div><\/p>\n","protected":false},"excerpt":{"rendered":"<p>21 szakma \u00e9s 41 ki\u00e1ll\u00edt\u00f3 a XIV. Esk\u00fcv\u0151 ki\u00e1ll\u00edt\u00e1son. \u00dajdons\u00e1g a cerem\u00f3niamester, a mobil b\u00e1r, a DJ \u00e9s a muffintorta. A 2017-es &#8217;18 as esk\u00fcv\u0151kre m\u00e1r ezeket k\u00e9rik a h\u00e1zasuland\u00f3 p\u00e1rok. A leg\u00fajabb trendekkel is megismerkedhettek vas\u00e1rnap a Campuszon fiatalok \u00e9s sz\u00fcleik. 41 ki\u00e1ll\u00edt\u00f3 mutatta be szolg\u00e1ltat\u00e1sait az idei esk\u00fcv\u0151 ki\u00e1ll\u00edt\u00e1son. A XIV. rendezv\u00e9nyen 21 [&hellip;]<\/p>\n","protected":false},"author":2,"featured_media":0,"comment_status":"closed","ping_status":"closed","sticky":false,"template":"","format":"standard","meta":[],"categories":[16],"tags":[],"_links":{"self":[{"href":"http:\/\/archiv.szolnoktv.hu\/index.php?rest_route=\/wp\/v2\/posts\/16352"}],"collection":[{"href":"http:\/\/archiv.szolnoktv.hu\/index.php?rest_route=\/wp\/v2\/posts"}],"about":[{"href":"http:\/\/archiv.szolnoktv.hu\/index.php?rest_route=\/wp\/v2\/types\/post"}],"author":[{"embeddable":true,"href":"http:\/\/archiv.szolnoktv.hu\/index.php?rest_route=\/wp\/v2\/users\/2"}],"replies":[{"embeddable":true,"href":"http:\/\/archiv.szolnoktv.hu\/index.php?rest_route=%2Fwp%2Fv2%2Fcomments&post=16352"}],"version-history":[{"count":1,"href":"http:\/\/archiv.szolnoktv.hu\/index.php?rest_route=\/wp\/v2\/posts\/16352\/revisions"}],"predecessor-version":[{"id":16470,"href":"http:\/\/archiv.szolnoktv.hu\/index.php?rest_route=\/wp\/v2\/posts\/16352\/revisions\/16470"}],"wp:attachment":[{"href":"http:\/\/archiv.szolnoktv.hu\/index.php?rest_route=%2Fwp%2Fv2%2Fmedia&parent=16352"}],"wp:term":[{"taxonomy":"category","embeddable":true,"href":"http:\/\/archiv.szolnoktv.hu\/index.php?rest_route=%2Fwp%2Fv2%2Fcategories&post=16352"},{"taxonomy":"post_tag","embeddable":true,"href":"http:\/\/archiv.szolnoktv.hu\/index.php?rest_route=%2Fwp%2Fv2%2Ftags&post=16352"}],"curies":[{"name":"wp","href":"https:\/\/api.w.org\/{rel}","templated":true}]}}