{"id":16351,"date":"2016-11-04T20:00:04","date_gmt":"2016-11-04T20:00:04","guid":{"rendered":"http:\/\/archiv.szolnoktv.hu\/?p=16351"},"modified":"2021-08-26T11:41:31","modified_gmt":"2021-08-26T11:41:31","slug":"az-56-os-forradalom-es-szabadsagharc-martirjaira-emlekeztek","status":"publish","type":"post","link":"http:\/\/archiv.szolnoktv.hu\/?p=16351","title":{"rendered":"Az 56-os forradalom \u00e9s szabads\u00e1gharc m\u00e1rt\u00edrjaira eml\u00e9keztek"},"content":{"rendered":"<div class='booster-block booster-read-block'><\/div><p>Ma 60 \u00e9ve, hogy megindultak a szovjet tankok \u00e9s levert\u00e9k az 1956-os forradalmat \u00e9s szabads\u00e1gharcot. Az \u00e1ldozatokra Szolnokon is gyertyagy\u00fajt\u00e1ssal eml\u00e9keztek.<\/p>\n<p>60 \u00e9ve indultak meg a szovjet csapatok \u00e9s vert\u00e9k le az 56-os forradalmat \u00e9s szabads\u00e1gharcot. Erre eml\u00e9kezett a v\u00e1ros az 56-osok ter\u00e9n. <br \/>-\u201eV\u00e9g\u00fcl 2600 ember halt meg k\u00f6zvetlen\u00fcl a harcokban, tov\u00e1bbi t\u00f6bb sz\u00e1zan hal\u00e1lb\u00fcntet\u00e9st kaptak, t\u00f6bb ezer emberre v\u00e1rt b\u00f6rt\u00f6n, megnyomor\u00edtott \u00e9letsors, 200 ezer ember hagyta el az orsz\u00e1got az 57-es \u00e9v els\u0151 fel\u00e9\u00e9ig-mondta Gy\u0151ri P\u00e9ter Benj\u00e1min evang\u00e9likus esperes . <br \/> Besz\u00e9d\u00e9ben a szabads\u00e1gr\u00f3l \u00e9s a szeretetr\u0151l is sz\u00f3lt. Elmondta: az igazi szabads\u00e1g a szeretetben gy\u00f6kerezik. <br \/><BR><BR><br \/>-\u201eAz igaz\u00e1n fontos dolgok, amikr\u0151l igaz\u00e1n meg vagyunk gy\u0151z\u0151dve, azok olyan dolgok, amik\u00e9rt akkor is k\u00fczd\u00fcnk amikor m\u00e1r minden elveszni l\u00e1tszik. \u00dagy is mondhatn\u00e1m, az az igaz\u00e1n a mi\u00e9nk, amit akkor sem adunk f\u00f6l, amikor m\u00e1r minden elveszett. Ennek az eml\u00e9kezete november negyedike- folytatta. <br \/><BR><BR><br \/>Haz\u00e1nk, egym\u00e1s \u00e9s a szabads\u00e1gharcosok ir\u00e1nt \u00e9rzett szeret\u00fcnk h\u00edv eml\u00e9kezni november 4-\u00e9n-folytatta. Az eml\u00e9kez\u0151k ezut\u00e1n meggy\u00fajtott\u00e1k \u00e9s elhelyezt\u00e9k a kegyelet m\u00e9cseseit a kopjaf\u00e1n\u00e1l.<br \/>\n<div style=\"width: 640px;\" class=\"wp-video\"><!--[if lt IE 9]><script>document.createElement('video');<\/script><![endif]-->\n<video class=\"wp-video-shortcode\" id=\"video-16351-1\" width=\"640\" height=\"360\" preload=\"metadata\" controls=\"controls\"><source type=\"video\/mp4\" src=\"\/spots\/hir\/hir_161104_07.mp4?_=1\" \/><a href=\"\/spots\/hir\/hir_161104_07.mp4\">\/spots\/hir\/hir_161104_07.mp4<\/a><\/video><\/div><\/p>\n","protected":false},"excerpt":{"rendered":"<p>Ma 60 \u00e9ve, hogy megindultak a szovjet tankok \u00e9s levert\u00e9k az 1956-os forradalmat \u00e9s szabads\u00e1gharcot. Az \u00e1ldozatokra Szolnokon is gyertyagy\u00fajt\u00e1ssal eml\u00e9keztek. 60 \u00e9ve indultak meg a szovjet csapatok \u00e9s vert\u00e9k le az 56-os forradalmat \u00e9s szabads\u00e1gharcot. Erre eml\u00e9kezett a v\u00e1ros az 56-osok ter\u00e9n. -\u201eV\u00e9g\u00fcl 2600 ember halt meg k\u00f6zvetlen\u00fcl a harcokban, tov\u00e1bbi t\u00f6bb sz\u00e1zan hal\u00e1lb\u00fcntet\u00e9st [&hellip;]<\/p>\n","protected":false},"author":2,"featured_media":0,"comment_status":"closed","ping_status":"closed","sticky":false,"template":"","format":"standard","meta":[],"categories":[16],"tags":[],"_links":{"self":[{"href":"http:\/\/archiv.szolnoktv.hu\/index.php?rest_route=\/wp\/v2\/posts\/16351"}],"collection":[{"href":"http:\/\/archiv.szolnoktv.hu\/index.php?rest_route=\/wp\/v2\/posts"}],"about":[{"href":"http:\/\/archiv.szolnoktv.hu\/index.php?rest_route=\/wp\/v2\/types\/post"}],"author":[{"embeddable":true,"href":"http:\/\/archiv.szolnoktv.hu\/index.php?rest_route=\/wp\/v2\/users\/2"}],"replies":[{"embeddable":true,"href":"http:\/\/archiv.szolnoktv.hu\/index.php?rest_route=%2Fwp%2Fv2%2Fcomments&post=16351"}],"version-history":[{"count":1,"href":"http:\/\/archiv.szolnoktv.hu\/index.php?rest_route=\/wp\/v2\/posts\/16351\/revisions"}],"predecessor-version":[{"id":16471,"href":"http:\/\/archiv.szolnoktv.hu\/index.php?rest_route=\/wp\/v2\/posts\/16351\/revisions\/16471"}],"wp:attachment":[{"href":"http:\/\/archiv.szolnoktv.hu\/index.php?rest_route=%2Fwp%2Fv2%2Fmedia&parent=16351"}],"wp:term":[{"taxonomy":"category","embeddable":true,"href":"http:\/\/archiv.szolnoktv.hu\/index.php?rest_route=%2Fwp%2Fv2%2Fcategories&post=16351"},{"taxonomy":"post_tag","embeddable":true,"href":"http:\/\/archiv.szolnoktv.hu\/index.php?rest_route=%2Fwp%2Fv2%2Ftags&post=16351"}],"curies":[{"name":"wp","href":"https:\/\/api.w.org\/{rel}","templated":true}]}}