{"id":16290,"date":"2016-11-04T19:57:28","date_gmt":"2016-11-04T19:57:28","guid":{"rendered":"http:\/\/archiv.szolnoktv.hu\/?p=16290"},"modified":"2021-08-26T09:20:44","modified_gmt":"2021-08-26T09:20:44","slug":"szolnok-varos-felszabadulasanak-72-evfordulojara-emlekezett-a-munkaspart","status":"publish","type":"post","link":"http:\/\/archiv.szolnoktv.hu\/?p=16290","title":{"rendered":"Szolnok v\u00e1ros felszabadul\u00e1s\u00e1nak 72. \u00e9vfordul\u00f3j\u00e1ra eml\u00e9kezett  a Munk\u00e1sp\u00e1rt"},"content":{"rendered":"<div class='booster-block booster-read-block'><\/div><p>Szolnok v\u00e1ros felszabadul\u00e1s\u00e1nak 72. \u00e9vfordul\u00f3j\u00e1ra eml\u00e9kezett a Munk\u00e1sp\u00e1rt Szolnoki Szervezete. A lebontott f\u00e1kly\u00e1s szoborn\u00e1l majd a temet\u0151ben   a magyar \u00e1ldozatok \u00e9s a szovjet h\u0151s\u00f6k eml\u00e9km\u0171ve el\u0151tt r\u00f3tt\u00e1k le kegyelet\u00fcket.<\/p>\n<p>Ezen a helysz\u00ednen utolj\u00e1ra eml\u00e9kez\u00fcnk- hangzott el a Magyar Munk\u00e1sp\u00e1rt szolnoki szervezet\u00e9nek \u00fcnnepi megeml\u00e9kez\u00e9s\u00e9n. A lebontott felszabadul\u00e1si eml\u00e9km\u0171 hely\u00e9n  rendezett esem\u00e9nyen a Munk\u00e1sp\u00e1rt K\u00f6zponti bizotts\u00e1g\u00e1nak tagja eml\u00e9kezett a 72 \u00e9vvel ezel\u0151tti esem\u00e9nyekre. <br \/><BR><BR><br \/>-\u201e1944 november 4-\u00e9n szabadult fel Szolnok a fasiszta megsz\u00e1ll\u00e1s al\u00f3l. V\u00e9get \u00e9rtek a harcok, v\u00e9get \u00e9rt a h\u00e1bor\u00fa. Az emberek kij\u00f6hettek a pinc\u00e9kb\u0151l az \u00f3v\u00f3helyekr\u0151l, t\u00f6bb\u00e9 nem kellett rettegni\u00fck att\u00f3l, hogy amerikai bomb\u00e1z\u00f3k fogj\u00e1k r\u00e1juk sz\u00f3rni hal\u00e1los terh\u00fcket. Nem kellett att\u00f3l rettegni , hogy a szovjet t\u00fcz\u00e9rs\u00e9g neh\u00e9z gr\u00e1n\u00e1tjai fognak becsap\u00f3dni a h\u00e1zukba\u201e-mondta Filemon Krist\u00f3f. <br \/><BR><BR><br \/>V\u00e9get \u00e9rt a h\u00e1bor\u00fa \u00e9s a puszt\u00edt\u00e1s, ezt pedig minden kult\u00fara \u00fcnnepk\u00e9nt tartja sz\u00e1mon. -tette hozz\u00e1. \u00c9rthetetlennek tartja, hogy a  v\u00e1ros felszabadul\u00e1s\u00e1nak 72. \u00e9vfordul\u00f3j\u00e1n m\u00e1r nem eml\u00e9kezhetnek a felszabadul\u00e1si eml\u00e9km\u0171n\u00e9l. A p\u00e1rt tagjai \u00e9s a szimpatiz\u00e1nsok a koszor\u00fa elhelyez\u00e9se ut\u00e1n a temet\u0151ben r\u00f3tt\u00e1k le kegyelet\u00fcket a magyar \u00e1ldozatok \u00e9s a szovjet h\u0151s\u00f6k eml\u00e9km\u0171ve el\u0151tt. <br \/>\n<div style=\"width: 640px;\" class=\"wp-video\"><!--[if lt IE 9]><script>document.createElement('video');<\/script><![endif]-->\n<video class=\"wp-video-shortcode\" id=\"video-16290-1\" width=\"640\" height=\"360\" preload=\"metadata\" controls=\"controls\"><source type=\"video\/mp4\" src=\"\/spots\/hir\/hir_161104_06.mp4?_=1\" \/><a href=\"\/spots\/hir\/hir_161104_06.mp4\">\/spots\/hir\/hir_161104_06.mp4<\/a><\/video><\/div><\/p>\n","protected":false},"excerpt":{"rendered":"<p>Szolnok v\u00e1ros felszabadul\u00e1s\u00e1nak 72. \u00e9vfordul\u00f3j\u00e1ra eml\u00e9kezett a Munk\u00e1sp\u00e1rt Szolnoki Szervezete. A lebontott f\u00e1kly\u00e1s szoborn\u00e1l majd a temet\u0151ben a magyar \u00e1ldozatok \u00e9s a szovjet h\u0151s\u00f6k eml\u00e9km\u0171ve el\u0151tt r\u00f3tt\u00e1k le kegyelet\u00fcket. Ezen a helysz\u00ednen utolj\u00e1ra eml\u00e9kez\u00fcnk- hangzott el a Magyar Munk\u00e1sp\u00e1rt szolnoki szervezet\u00e9nek \u00fcnnepi megeml\u00e9kez\u00e9s\u00e9n. A lebontott felszabadul\u00e1si eml\u00e9km\u0171 hely\u00e9n rendezett esem\u00e9nyen a Munk\u00e1sp\u00e1rt K\u00f6zponti bizotts\u00e1g\u00e1nak tagja [&hellip;]<\/p>\n","protected":false},"author":2,"featured_media":0,"comment_status":"closed","ping_status":"closed","sticky":false,"template":"","format":"standard","meta":[],"categories":[16],"tags":[],"_links":{"self":[{"href":"http:\/\/archiv.szolnoktv.hu\/index.php?rest_route=\/wp\/v2\/posts\/16290"}],"collection":[{"href":"http:\/\/archiv.szolnoktv.hu\/index.php?rest_route=\/wp\/v2\/posts"}],"about":[{"href":"http:\/\/archiv.szolnoktv.hu\/index.php?rest_route=\/wp\/v2\/types\/post"}],"author":[{"embeddable":true,"href":"http:\/\/archiv.szolnoktv.hu\/index.php?rest_route=\/wp\/v2\/users\/2"}],"replies":[{"embeddable":true,"href":"http:\/\/archiv.szolnoktv.hu\/index.php?rest_route=%2Fwp%2Fv2%2Fcomments&post=16290"}],"version-history":[{"count":1,"href":"http:\/\/archiv.szolnoktv.hu\/index.php?rest_route=\/wp\/v2\/posts\/16290\/revisions"}],"predecessor-version":[{"id":16291,"href":"http:\/\/archiv.szolnoktv.hu\/index.php?rest_route=\/wp\/v2\/posts\/16290\/revisions\/16291"}],"wp:attachment":[{"href":"http:\/\/archiv.szolnoktv.hu\/index.php?rest_route=%2Fwp%2Fv2%2Fmedia&parent=16290"}],"wp:term":[{"taxonomy":"category","embeddable":true,"href":"http:\/\/archiv.szolnoktv.hu\/index.php?rest_route=%2Fwp%2Fv2%2Fcategories&post=16290"},{"taxonomy":"post_tag","embeddable":true,"href":"http:\/\/archiv.szolnoktv.hu\/index.php?rest_route=%2Fwp%2Fv2%2Ftags&post=16290"}],"curies":[{"name":"wp","href":"https:\/\/api.w.org\/{rel}","templated":true}]}}