{"id":16289,"date":"2016-11-04T16:38:43","date_gmt":"2016-11-04T16:38:43","guid":{"rendered":"http:\/\/archiv.szolnoktv.hu\/?p=16289"},"modified":"2021-08-26T09:20:44","modified_gmt":"2021-08-26T09:20:44","slug":"tuzolto-fecskendot-vettek-a-torokszentmiklosi-langlovagok","status":"publish","type":"post","link":"http:\/\/archiv.szolnoktv.hu\/?p=16289","title":{"rendered":"T\u0171zolt\u00f3 fecskend\u0151t vettek a t\u00f6r\u00f6kszentmikl\u00f3si l\u00e1nglovagok"},"content":{"rendered":"<div class='booster-block booster-read-block'><\/div><p>\u00daj t\u0171zolt\u00f3g\u00e9pj\u00e1rm\u0171vet v\u00e1s\u00e1rolt a T\u00f6r\u00f6kszentmikl\u00f3si \u00d6nkorm\u00e1nyzati T\u0171zolt\u00f3 Parancsnoks\u00e1g. A haszn\u00e1lt, de j\u00f3 \u00e1llapot\u00fa j\u00e1rm\u0171 j\u00f3val megb\u00edzhat\u00f3bb mint el\u0151dje, melyet Franciaorsz\u00e1gb\u00f3l kaptak p\u00e1r \u00e9ve a helyi l\u00e1nglovagok.<\/p>\n<p>Az interneten kereszt\u00fcl tal\u00e1ltak r\u00e1 a t\u00f6r\u00f6kszentmikl\u00f3si t\u0171zolt\u00f3k a haszn\u00e1lt, de m\u0171szakilag kifog\u00e1stalan \u00e1llapot\u00fa g\u00e9pj\u00e1rm\u0171re.<br \/><BR><BR><br \/>&#8220;Hosszas levelez\u00e9sek ut\u00e1n \u00edgy siker\u00fclt Lengyelorsz\u00e1gb\u00f3l mintegy 14 milli\u00f3 forint\u00e9rt megv\u00e1s\u00e1rolni. Nem vagyok szakember, de a szakemberek szerint ezt a p\u00e9nzt ezt a nek\u00fcnk \u00faj t\u0171zolt\u00f3 g\u00e9pj\u00e1rm\u0171 ezt az \u00f6sszeget meg\u00e9rte.&#8221;&#8221;- er\u0151s\u00edtette meg Dr. Pataky Csaba az egyes\u00fclet eln\u00f6ke.<br \/><BR><BR><br \/>A nagy m\u00falt\u00fa- id\u00e9n 141 \u00e9ves, jelenleg 18 tagot sz\u00e1ml\u00e1l\u00f3 mikl\u00f3si t\u0171zolt\u00f3 egyes\u00fclet eddig egy Franciaorsz\u00e1gb\u00f3l kapott j\u00e1rm\u0171vet haszn\u00e1lt, melynek m\u0171szaki \u00e1llapota azonban id\u0151k\u00f6zben leromlott. B\u00e1r egy ma reggeli t\u0171zeset elh\u00e1r\u00edt\u00e1sa kapcs\u00e1n probl\u00e9mamentesen m\u0171k\u00f6d\u00f6tt, r\u00e1f\u00e9r a pihen\u00e9s- a mai napt\u00f3l tartal\u00e9k \u00e1llom\u00e1nyba vett\u00e9k.  &#8221;<br \/>\n<div style=\"width: 640px;\" class=\"wp-video\"><!--[if lt IE 9]><script>document.createElement('video');<\/script><![endif]-->\n<video class=\"wp-video-shortcode\" id=\"video-16289-1\" width=\"640\" height=\"360\" preload=\"metadata\" controls=\"controls\"><source type=\"video\/mp4\" src=\"\/spots\/hir\/hir_161104_05_01.mp4?_=1\" \/><a href=\"\/spots\/hir\/hir_161104_05_01.mp4\">\/spots\/hir\/hir_161104_05_01.mp4<\/a><\/video><\/div><\/p>\n","protected":false},"excerpt":{"rendered":"<p>\u00daj t\u0171zolt\u00f3g\u00e9pj\u00e1rm\u0171vet v\u00e1s\u00e1rolt a T\u00f6r\u00f6kszentmikl\u00f3si \u00d6nkorm\u00e1nyzati T\u0171zolt\u00f3 Parancsnoks\u00e1g. A haszn\u00e1lt, de j\u00f3 \u00e1llapot\u00fa j\u00e1rm\u0171 j\u00f3val megb\u00edzhat\u00f3bb mint el\u0151dje, melyet Franciaorsz\u00e1gb\u00f3l kaptak p\u00e1r \u00e9ve a helyi l\u00e1nglovagok. Az interneten kereszt\u00fcl tal\u00e1ltak r\u00e1 a t\u00f6r\u00f6kszentmikl\u00f3si t\u0171zolt\u00f3k a haszn\u00e1lt, de m\u0171szakilag kifog\u00e1stalan \u00e1llapot\u00fa g\u00e9pj\u00e1rm\u0171re.&#8220;Hosszas levelez\u00e9sek ut\u00e1n \u00edgy siker\u00fclt Lengyelorsz\u00e1gb\u00f3l mintegy 14 milli\u00f3 forint\u00e9rt megv\u00e1s\u00e1rolni. Nem vagyok szakember, de [&hellip;]<\/p>\n","protected":false},"author":2,"featured_media":0,"comment_status":"closed","ping_status":"closed","sticky":false,"template":"","format":"standard","meta":[],"categories":[16],"tags":[],"_links":{"self":[{"href":"http:\/\/archiv.szolnoktv.hu\/index.php?rest_route=\/wp\/v2\/posts\/16289"}],"collection":[{"href":"http:\/\/archiv.szolnoktv.hu\/index.php?rest_route=\/wp\/v2\/posts"}],"about":[{"href":"http:\/\/archiv.szolnoktv.hu\/index.php?rest_route=\/wp\/v2\/types\/post"}],"author":[{"embeddable":true,"href":"http:\/\/archiv.szolnoktv.hu\/index.php?rest_route=\/wp\/v2\/users\/2"}],"replies":[{"embeddable":true,"href":"http:\/\/archiv.szolnoktv.hu\/index.php?rest_route=%2Fwp%2Fv2%2Fcomments&post=16289"}],"version-history":[{"count":1,"href":"http:\/\/archiv.szolnoktv.hu\/index.php?rest_route=\/wp\/v2\/posts\/16289\/revisions"}],"predecessor-version":[{"id":16292,"href":"http:\/\/archiv.szolnoktv.hu\/index.php?rest_route=\/wp\/v2\/posts\/16289\/revisions\/16292"}],"wp:attachment":[{"href":"http:\/\/archiv.szolnoktv.hu\/index.php?rest_route=%2Fwp%2Fv2%2Fmedia&parent=16289"}],"wp:term":[{"taxonomy":"category","embeddable":true,"href":"http:\/\/archiv.szolnoktv.hu\/index.php?rest_route=%2Fwp%2Fv2%2Fcategories&post=16289"},{"taxonomy":"post_tag","embeddable":true,"href":"http:\/\/archiv.szolnoktv.hu\/index.php?rest_route=%2Fwp%2Fv2%2Ftags&post=16289"}],"curies":[{"name":"wp","href":"https:\/\/api.w.org\/{rel}","templated":true}]}}