{"id":16288,"date":"2016-11-04T16:18:32","date_gmt":"2016-11-04T16:18:32","guid":{"rendered":"http:\/\/archiv.szolnoktv.hu\/?p=16288"},"modified":"2021-08-26T09:20:44","modified_gmt":"2021-08-26T09:20:44","slug":"megyei-szurovizsgalat-tiszaszoloson","status":"publish","type":"post","link":"http:\/\/archiv.szolnoktv.hu\/?p=16288","title":{"rendered":"Megyei sz\u0171r\u0151vizsg\u00e1lat Tiszasz\u0151l\u0151s\u00f6n"},"content":{"rendered":"<div class='booster-block booster-read-block'><\/div><p>Tiszasz\u0151l\u0151s\u00f6n j\u00e1rtak ma a Het\u00e9nyi G\u00e9za K\u00f3rh\u00e1z Rendel\u0151int\u00e9zet\u00e9nek szakdolgoz\u00f3i. A megyei \u00f6nkorm\u00e1nyzat kistelep\u00fcl\u00e9si sz\u0171r\u0151programj\u00e1nak r\u00e9szek\u00e9nt minden helyben \u00e9l\u0151 inform\u00e1ci\u00f3t kaphatott \u00e1ltal\u00e1nos eg\u00e9szs\u00e9gi \u00e1llapot\u00e1r\u00f3l.<\/p>\n<p>Tiszasz\u0151l\u0151s\u00f6n j\u00e1rtak ma a Het\u00e9nyi G\u00e9za K\u00f3rh\u00e1z Rendel\u0151int\u00e9zet\u00e9nek szakdolgoz\u00f3i. A megyei \u00f6nkorm\u00e1nyzat kistelep\u00fcl\u00e9si sz\u0171r\u0151programj\u00e1nak r\u00e9szek\u00e9nt minden helyben \u00e9l\u0151 inform\u00e1ci\u00f3t kaphatott \u00e1ltal\u00e1nos eg\u00e9szs\u00e9gi \u00e1llapot\u00e1r\u00f3l.<br \/><BR><BR><br \/>Anyag: 2009- ben indult  a megyei \u00f6nkorm\u00e1nyzat ingyenes telep\u00fcl\u00e9si sz\u0171r\u0151programja. A misszi\u00f3 szakmai h\u00e1tter\u00e9t a Het\u00e9nyi G\u00e9za Megyei K\u00f3rh\u00e1z biztos\u00edtja \u00e9vr\u0151l- \u00e9vre. A mozg\u00f3 st\u00e1b ma az 1600 lelkes Tiszasz\u0151l\u0151s\u00f6n v\u00e1rta az eg\u00e9szs\u00e9gi \u00e1llapotuk ir\u00e1nt \u00e9rdekl\u0151d\u0151 helyieket, akiknek egy hasonl\u00f3an \u00e1tfog\u00f3 kontroll\u00e9rt \u00f3r\u00e1kat kellene utazni.<br \/><BR><BR><br \/>&#8220;Egy kistelep\u00fcl\u00e9sr\u0151l a buszj\u00e1rat miatt, a k\u00f6zleked\u00e9s miatt k\u00e9s\u0151bb indulnak el az emberek az eg\u00e9szs\u00e9g\u00fcgyi sz\u0171r\u00e9sre, amikor elindulnak m\u00e1r, akkor komoly baj van.&#8221;&#8221;- mondta az esem\u00e9nyt megel\u0151z\u0151 sajt\u00f3t\u00e1j\u00e9koztat\u00f3n Kov\u00e1cs S\u00e1ndor a megyei k\u00f6zgy\u0171l\u00e9s eln\u00f6ke.<br \/><BR><BR><br \/>A vezet\u0151 hal\u00e1loknak sz\u00e1m\u00edt\u00f3 r\u00e1kos-, vagy sz\u00edv- \u00e9s \u00e9rrendszeri megbeteged\u00e9sek mellett m\u00e1s rizik\u00f3faktorok is jelen vannak.<br \/><BR><BR><br \/>&#8220;&#8221;Ugyanilyen fontoss\u00e1g\u00fa p\u00e9ld\u00e1ul a l\u00e9gz\u00e9sfunkci\u00f3, a COPD sz\u0171r\u00e9se. Azt kevesen tudj\u00e1k, hogy ennek a hal\u00e1loz\u00e1sa is igen magas Magyarorsz\u00e1gon.&#8221;&#8221;- hangs\u00falyozta Dr. M\u00f3zer Erzs\u00e9bet a Het\u00e9nyi G\u00e9za K\u00f3rh\u00e1z Rendel\u0151int\u00e9zet\u00e9nek vezet\u0151 f\u0151orvosa.<br \/><BR><BR><br \/>A megyei \u00f6nkorm\u00e1nyzat ebben az \u00e9vben a k\u00f6lts\u00e9gvet\u00e9si m\u00f3dos\u00edt\u00e1st k\u00f6vet\u0151en egymilli\u00f3 hatsz\u00e1z nyolcvanezer forintot biztos\u00edt ingyenes sz\u0171r\u0151vizsg\u00e1latok lebonyol\u00edt\u00e1s\u00e1ra. Tiszasz\u0151l\u0151s ut\u00e1n holnap Tiszaroffra, majd Tiszateny\u0151re l\u00e1togat el a mozg\u00f3 labor.<br \/> &#8221;<br \/>\n<div style=\"width: 640px;\" class=\"wp-video\"><!--[if lt IE 9]><script>document.createElement('video');<\/script><![endif]-->\n<video class=\"wp-video-shortcode\" id=\"video-16288-1\" width=\"640\" height=\"360\" preload=\"metadata\" controls=\"controls\"><source type=\"video\/mp4\" src=\"\/spots\/hir\/hir_161104_04.mp4?_=1\" \/><a href=\"\/spots\/hir\/hir_161104_04.mp4\">\/spots\/hir\/hir_161104_04.mp4<\/a><\/video><\/div><\/p>\n","protected":false},"excerpt":{"rendered":"<p>Tiszasz\u0151l\u0151s\u00f6n j\u00e1rtak ma a Het\u00e9nyi G\u00e9za K\u00f3rh\u00e1z Rendel\u0151int\u00e9zet\u00e9nek szakdolgoz\u00f3i. A megyei \u00f6nkorm\u00e1nyzat kistelep\u00fcl\u00e9si sz\u0171r\u0151programj\u00e1nak r\u00e9szek\u00e9nt minden helyben \u00e9l\u0151 inform\u00e1ci\u00f3t kaphatott \u00e1ltal\u00e1nos eg\u00e9szs\u00e9gi \u00e1llapot\u00e1r\u00f3l. Tiszasz\u0151l\u0151s\u00f6n j\u00e1rtak ma a Het\u00e9nyi G\u00e9za K\u00f3rh\u00e1z Rendel\u0151int\u00e9zet\u00e9nek szakdolgoz\u00f3i. A megyei \u00f6nkorm\u00e1nyzat kistelep\u00fcl\u00e9si sz\u0171r\u0151programj\u00e1nak r\u00e9szek\u00e9nt minden helyben \u00e9l\u0151 inform\u00e1ci\u00f3t kaphatott \u00e1ltal\u00e1nos eg\u00e9szs\u00e9gi \u00e1llapot\u00e1r\u00f3l.Anyag: 2009- ben indult a megyei \u00f6nkorm\u00e1nyzat ingyenes telep\u00fcl\u00e9si sz\u0171r\u0151programja. [&hellip;]<\/p>\n","protected":false},"author":2,"featured_media":0,"comment_status":"closed","ping_status":"closed","sticky":false,"template":"","format":"standard","meta":[],"categories":[16],"tags":[],"_links":{"self":[{"href":"http:\/\/archiv.szolnoktv.hu\/index.php?rest_route=\/wp\/v2\/posts\/16288"}],"collection":[{"href":"http:\/\/archiv.szolnoktv.hu\/index.php?rest_route=\/wp\/v2\/posts"}],"about":[{"href":"http:\/\/archiv.szolnoktv.hu\/index.php?rest_route=\/wp\/v2\/types\/post"}],"author":[{"embeddable":true,"href":"http:\/\/archiv.szolnoktv.hu\/index.php?rest_route=\/wp\/v2\/users\/2"}],"replies":[{"embeddable":true,"href":"http:\/\/archiv.szolnoktv.hu\/index.php?rest_route=%2Fwp%2Fv2%2Fcomments&post=16288"}],"version-history":[{"count":1,"href":"http:\/\/archiv.szolnoktv.hu\/index.php?rest_route=\/wp\/v2\/posts\/16288\/revisions"}],"predecessor-version":[{"id":16293,"href":"http:\/\/archiv.szolnoktv.hu\/index.php?rest_route=\/wp\/v2\/posts\/16288\/revisions\/16293"}],"wp:attachment":[{"href":"http:\/\/archiv.szolnoktv.hu\/index.php?rest_route=%2Fwp%2Fv2%2Fmedia&parent=16288"}],"wp:term":[{"taxonomy":"category","embeddable":true,"href":"http:\/\/archiv.szolnoktv.hu\/index.php?rest_route=%2Fwp%2Fv2%2Fcategories&post=16288"},{"taxonomy":"post_tag","embeddable":true,"href":"http:\/\/archiv.szolnoktv.hu\/index.php?rest_route=%2Fwp%2Fv2%2Ftags&post=16288"}],"curies":[{"name":"wp","href":"https:\/\/api.w.org\/{rel}","templated":true}]}}