{"id":16287,"date":"2016-11-04T15:54:37","date_gmt":"2016-11-04T15:54:37","guid":{"rendered":"http:\/\/archiv.szolnoktv.hu\/?p=16287"},"modified":"2021-08-26T09:20:45","modified_gmt":"2021-08-26T09:20:45","slug":"lmp-sajtotajekoztato-a-termeszetes-vizek-kotelezo-okologiai-halaszatarol","status":"publish","type":"post","link":"http:\/\/archiv.szolnoktv.hu\/?p=16287","title":{"rendered":"LMP sajt\u00f3t\u00e1j\u00e9koztat\u00f3 a term\u00e9szetes vizek k\u00f6telez\u0151 \u00f6kol\u00f3giai hal\u00e1szat\u00e1r\u00f3l"},"content":{"rendered":"<div class='booster-block booster-read-block'><\/div><p>: Az LMP m\u00f3dos\u00edtan\u00e1 a horg\u00e1szati \u00e9s hal\u00e1szati t\u00f6rv\u00e9nyt. Sallai R. Benedek a p\u00e1rt orsz\u00e1ggy\u0171l\u00e9si k\u00e9pvisel\u0151je mai sajt\u00f3t\u00e1j\u00e9koztat\u00f3j\u00e1n elmondta: Az \u00f6kol\u00f3giai, szelekt\u00edv hal\u00e1szatra sz\u00fcks\u00e9g van, a hal\u00e1szat megsz\u00fcntet\u00e9se amellett, hogy emberek meg\u00e9lhet\u00e9s\u00e9t sodorta vesz\u00e9lybe, az \u00f6kol\u00f3giai egyens\u00falynak is \u00e1rtott. <\/p>\n<p>Az LMP m\u00f3dos\u00edtan\u00e1 a horg\u00e1szati \u00e9s hal\u00e1szati t\u00f6rv\u00e9nyt. Sallai R. Benedek a p\u00e1rt orsz\u00e1ggy\u0171l\u00e9si k\u00e9pvisel\u0151je mai sajt\u00f3t\u00e1j\u00e9koztat\u00f3j\u00e1n elmondta: Az \u00f6kol\u00f3giai, szelekt\u00edv hal\u00e1szatra sz\u00fcks\u00e9g van, a hal\u00e1szat megsz\u00fcntet\u00e9se amellett, hogy emberek meg\u00e9lhet\u00e9s\u00e9t sodorta vesz\u00e9lybe, az \u00f6kol\u00f3giai egyens\u00falynak is \u00e1rtott. <br \/><BR><BR><br \/>Narr\u00e1ci\u00f3: Az LMP kezdem\u00e9nyezi az \u00f6kol\u00f3giai c\u00e9l\u00fa szelekt\u00edv hal\u00e1szat k\u00f6telez\u0151v\u00e9 t\u00e9tel\u00e9t a term\u00e9szetes vizeken &#8211; mondta Sallai R. Benedek Szolnokon. A k\u00e9pvisel\u0151 r\u00e1mutatott: a term\u00e9szetes vizek kereskedelmi c\u00e9l\u00fa hal\u00e1szat\u00e1nak 2016. janu\u00e1r 1-i megsz\u00fcntet\u00e9s\u00e9vel mintegy 250 hal\u00e1szcsal\u00e1d vesztette el a meg\u00e9lhet\u00e9s\u00e9t. Ek\u00f6zben pedig az invaz\u00edv fajok, p\u00e9ld\u00e1ul a busa popul\u00e1ci\u00f3ja jelent\u0151sen gyarapodott, a v\u00edz min\u0151s\u00e9ge nem javult \u00e9s a horg\u00e1szfog\u00e1sok sem n\u00f6vekedtek. <br \/><BR><BR><br \/>Sallai R. Benedek, orsz\u00e1ggy\u0171l\u00e9si k\u00e9pvisel\u0151 al\u00e1h\u00fazta: \u201eA horg\u00e1szati hasznos\u00edt\u00e1s az\u00e9rt jelent probl\u00e9m\u00e1t, mert egy rendk\u00edv\u00fcl szelekt\u00edv halhasznos\u00edt\u00e1si m\u00f3d, ami azt jelenti, hogy nem tudja, csak egy-egy sz\u0171k fajr\u00e9sz\u00e9t kiszedni a halfaun\u00e1nak, ami bizony eltol\u00f3d\u00e1st okoz a vizekben. Ez r\u00e9szben egy \u00f6kol\u00f3giai gond, \u00e9s egy term\u00e9szetes vizek \u00f6kol\u00f3giai \u00e1llapot\u00e1t vesz\u00e9lyeztet\u0151 gond, r\u00e9szben pedig ott marad az, hogy 250 csal\u00e1d munka n\u00e9lk\u00fcl maradt.\u201e  <br \/><BR><BR><br \/>Az LMP megkezdte a felk\u00e9sz\u00fcl\u00e9st a 2018-as v\u00e1laszt\u00e1sokra, ennek r\u00e9sze a t\u00f6rv\u00e9nym\u00f3dos\u00edt\u00e1s is, amellyel k\u00f6rnyezetv\u00e9delmi \u00e9s szakmai c\u00e9lok is megval\u00f3suln\u00e1nak a term\u00e9szetes vizeken. &#8211; tette hozz\u00e1 a politikus.<br \/>\n<div style=\"width: 640px;\" class=\"wp-video\"><!--[if lt IE 9]><script>document.createElement('video');<\/script><![endif]-->\n<video class=\"wp-video-shortcode\" id=\"video-16287-1\" width=\"640\" height=\"360\" preload=\"metadata\" controls=\"controls\"><source type=\"video\/mp4\" src=\"\/spots\/hir\/hir_161104_02_01.mp4?_=1\" \/><a href=\"\/spots\/hir\/hir_161104_02_01.mp4\">\/spots\/hir\/hir_161104_02_01.mp4<\/a><\/video><\/div><\/p>\n","protected":false},"excerpt":{"rendered":"<p>: Az LMP m\u00f3dos\u00edtan\u00e1 a horg\u00e1szati \u00e9s hal\u00e1szati t\u00f6rv\u00e9nyt. Sallai R. Benedek a p\u00e1rt orsz\u00e1ggy\u0171l\u00e9si k\u00e9pvisel\u0151je mai sajt\u00f3t\u00e1j\u00e9koztat\u00f3j\u00e1n elmondta: Az \u00f6kol\u00f3giai, szelekt\u00edv hal\u00e1szatra sz\u00fcks\u00e9g van, a hal\u00e1szat megsz\u00fcntet\u00e9se amellett, hogy emberek meg\u00e9lhet\u00e9s\u00e9t sodorta vesz\u00e9lybe, az \u00f6kol\u00f3giai egyens\u00falynak is \u00e1rtott. Az LMP m\u00f3dos\u00edtan\u00e1 a horg\u00e1szati \u00e9s hal\u00e1szati t\u00f6rv\u00e9nyt. Sallai R. Benedek a p\u00e1rt orsz\u00e1ggy\u0171l\u00e9si k\u00e9pvisel\u0151je mai [&hellip;]<\/p>\n","protected":false},"author":2,"featured_media":0,"comment_status":"closed","ping_status":"closed","sticky":false,"template":"","format":"standard","meta":[],"categories":[16],"tags":[],"_links":{"self":[{"href":"http:\/\/archiv.szolnoktv.hu\/index.php?rest_route=\/wp\/v2\/posts\/16287"}],"collection":[{"href":"http:\/\/archiv.szolnoktv.hu\/index.php?rest_route=\/wp\/v2\/posts"}],"about":[{"href":"http:\/\/archiv.szolnoktv.hu\/index.php?rest_route=\/wp\/v2\/types\/post"}],"author":[{"embeddable":true,"href":"http:\/\/archiv.szolnoktv.hu\/index.php?rest_route=\/wp\/v2\/users\/2"}],"replies":[{"embeddable":true,"href":"http:\/\/archiv.szolnoktv.hu\/index.php?rest_route=%2Fwp%2Fv2%2Fcomments&post=16287"}],"version-history":[{"count":1,"href":"http:\/\/archiv.szolnoktv.hu\/index.php?rest_route=\/wp\/v2\/posts\/16287\/revisions"}],"predecessor-version":[{"id":16294,"href":"http:\/\/archiv.szolnoktv.hu\/index.php?rest_route=\/wp\/v2\/posts\/16287\/revisions\/16294"}],"wp:attachment":[{"href":"http:\/\/archiv.szolnoktv.hu\/index.php?rest_route=%2Fwp%2Fv2%2Fmedia&parent=16287"}],"wp:term":[{"taxonomy":"category","embeddable":true,"href":"http:\/\/archiv.szolnoktv.hu\/index.php?rest_route=%2Fwp%2Fv2%2Fcategories&post=16287"},{"taxonomy":"post_tag","embeddable":true,"href":"http:\/\/archiv.szolnoktv.hu\/index.php?rest_route=%2Fwp%2Fv2%2Ftags&post=16287"}],"curies":[{"name":"wp","href":"https:\/\/api.w.org\/{rel}","templated":true}]}}