{"id":16286,"date":"2016-11-04T15:52:49","date_gmt":"2016-11-04T15:52:49","guid":{"rendered":"http:\/\/archiv.szolnoktv.hu\/?p=16286"},"modified":"2021-08-26T09:20:45","modified_gmt":"2021-08-26T09:20:45","slug":"torekveseim","status":"publish","type":"post","link":"http:\/\/archiv.szolnoktv.hu\/?p=16286","title":{"rendered":"T\u00f6rekv\u00e9seim"},"content":{"rendered":"<div class='booster-block booster-read-block'><\/div><p>T\u00f6rekv\u00e9seim c\u00edmmel ny\u00edlt meg K\u00e1di P\u00e9ter ki\u00e1ll\u00edt\u00e1sa a Verseghy Ferenc K\u00f6nyvt\u00e1rban. A 23 m\u0171b\u0151l \u00e1ll\u00f3 t\u00e1rlat festm\u00e9nyei az alkot\u00f3 diplomamunk\u00e1j\u00e1b\u00f3l sz\u00e1rmaznak, melyek hivat\u00e1sos m\u0171v\u00e9ssz\u00e9 avatt\u00e1k.<\/p>\n<p>Er\u0151teljes sz\u00ednhaszn\u00e1lat, t\u00f6bbsz\u00f6r visszat\u00e9r\u0151 h\u00edd \u00e9s part mot\u00edvumok l\u00e1that\u00f3k a Verseghy k\u00f6nyvt\u00e1r leg\u00fajabb ki\u00e1ll\u00edt\u00e1s\u00e1nak v\u00e1sznain. K\u00e1di P\u00e9ter festm\u00e9nyei a szimbolik\u00e1t \u00e9s val\u00f3s\u00e1gt\u00f3l val\u00f3 elrugaszkod\u00e1st hangs\u00falyozz\u00e1k. <br \/><BR><BR><br \/>A h\u00edd \u00f6sszek\u00f6t\u0151 elem, teh\u00e1t a lelkeket, az emberi gondolatokat \u00f6sszek\u00f6t\u0151 elem. N\u00e9ha az\u00e9rt is jelenik meg egy k\u00e9pen a k\u00e9t part, hogy a k\u00e9t ellenkez\u0151 partot is k\u00e9pes \u00f6sszek\u00f6tni egy h\u00edd. \u00cdgy a k\u00e9t ellent\u00e9t k\u00f6z\u00f6tt -jobb oldal, bal oldal- ak\u00e1rmilyen ellent\u00e9t k\u00f6z\u00f6tt is k\u00e9pes valami kulcsot, k\u00f6z\u00f6set l\u00e9trehozni.- mondta K\u00e1di P\u00e9ter, k\u00e9pz\u0151m\u0171v\u00e9sz <br \/><BR><BR><br \/>Egy fest\u0151 nem csak a v\u00e1szon el\u0151tt m\u0171k\u00f6dik alkot\u00f3k\u00e9nt, hiszen a fest\u00e9szet \u00e9s a k\u00e9pz\u0151m\u0171v\u00e9szet egy l\u00e9tforma. Ez az \u00e9letst\u00edlus a T\u00f6rekv\u00e9seim c\u00edm\u0171 ki\u00e1ll\u00edt\u00e1s minden r\u00e9szlet\u00e9ben tetten \u00e9rhet\u0151. <br \/><BR><BR><br \/>A fest\u0151 akkor is fest\u0151, amikor besz\u00e9l, mert minden mondata sz\u00edneket rejt, a fest\u0151 akkor is fest\u0151, mikor k\u00f6ltem\u00e9nyt \u00edr \u00e9s cser\u00e9be a fest\u0151 amikor k\u00e9pet fest, akkor: k\u00f6lt\u0151, zen\u00e9sz, t\u00e1ncos, sz\u00ednm\u0171v\u00e9sz, \u00edr\u00f3 \u00e9s m\u00e9g ah\u00e1ny m\u0171v\u00e9szeti v\u00e1lfaj l\u00e9tezik, ez mind egyben.- tette hozz\u00e1 a ki\u00e1ll\u00edt\u00e1st megnyitva Verebes Gy\u00f6rgy a M\u0171v\u00e9sztelepe, m\u0171v\u00e9szeti vezet\u0151je<br \/><BR><BR><br \/>K\u00e1di P\u00e9ter ki\u00e1ll\u00edt\u00e1sa december 3-ig v\u00e1rja az \u00e9rdekl\u0151d\u0151ket a Verseghy Ferenc K\u00f6nyvt\u00e1rban. <br \/>\n<div style=\"width: 640px;\" class=\"wp-video\"><!--[if lt IE 9]><script>document.createElement('video');<\/script><![endif]-->\n<video class=\"wp-video-shortcode\" id=\"video-16286-1\" width=\"640\" height=\"360\" preload=\"metadata\" controls=\"controls\"><source type=\"video\/mp4\" src=\"\/spots\/hir\/hir_161104_03.mp4?_=1\" \/><a href=\"\/spots\/hir\/hir_161104_03.mp4\">\/spots\/hir\/hir_161104_03.mp4<\/a><\/video><\/div><\/p>\n","protected":false},"excerpt":{"rendered":"<p>T\u00f6rekv\u00e9seim c\u00edmmel ny\u00edlt meg K\u00e1di P\u00e9ter ki\u00e1ll\u00edt\u00e1sa a Verseghy Ferenc K\u00f6nyvt\u00e1rban. A 23 m\u0171b\u0151l \u00e1ll\u00f3 t\u00e1rlat festm\u00e9nyei az alkot\u00f3 diplomamunk\u00e1j\u00e1b\u00f3l sz\u00e1rmaznak, melyek hivat\u00e1sos m\u0171v\u00e9ssz\u00e9 avatt\u00e1k. Er\u0151teljes sz\u00ednhaszn\u00e1lat, t\u00f6bbsz\u00f6r visszat\u00e9r\u0151 h\u00edd \u00e9s part mot\u00edvumok l\u00e1that\u00f3k a Verseghy k\u00f6nyvt\u00e1r leg\u00fajabb ki\u00e1ll\u00edt\u00e1s\u00e1nak v\u00e1sznain. K\u00e1di P\u00e9ter festm\u00e9nyei a szimbolik\u00e1t \u00e9s val\u00f3s\u00e1gt\u00f3l val\u00f3 elrugaszkod\u00e1st hangs\u00falyozz\u00e1k. A h\u00edd \u00f6sszek\u00f6t\u0151 elem, teh\u00e1t [&hellip;]<\/p>\n","protected":false},"author":2,"featured_media":0,"comment_status":"closed","ping_status":"closed","sticky":false,"template":"","format":"standard","meta":[],"categories":[16],"tags":[],"_links":{"self":[{"href":"http:\/\/archiv.szolnoktv.hu\/index.php?rest_route=\/wp\/v2\/posts\/16286"}],"collection":[{"href":"http:\/\/archiv.szolnoktv.hu\/index.php?rest_route=\/wp\/v2\/posts"}],"about":[{"href":"http:\/\/archiv.szolnoktv.hu\/index.php?rest_route=\/wp\/v2\/types\/post"}],"author":[{"embeddable":true,"href":"http:\/\/archiv.szolnoktv.hu\/index.php?rest_route=\/wp\/v2\/users\/2"}],"replies":[{"embeddable":true,"href":"http:\/\/archiv.szolnoktv.hu\/index.php?rest_route=%2Fwp%2Fv2%2Fcomments&post=16286"}],"version-history":[{"count":1,"href":"http:\/\/archiv.szolnoktv.hu\/index.php?rest_route=\/wp\/v2\/posts\/16286\/revisions"}],"predecessor-version":[{"id":16295,"href":"http:\/\/archiv.szolnoktv.hu\/index.php?rest_route=\/wp\/v2\/posts\/16286\/revisions\/16295"}],"wp:attachment":[{"href":"http:\/\/archiv.szolnoktv.hu\/index.php?rest_route=%2Fwp%2Fv2%2Fmedia&parent=16286"}],"wp:term":[{"taxonomy":"category","embeddable":true,"href":"http:\/\/archiv.szolnoktv.hu\/index.php?rest_route=%2Fwp%2Fv2%2Fcategories&post=16286"},{"taxonomy":"post_tag","embeddable":true,"href":"http:\/\/archiv.szolnoktv.hu\/index.php?rest_route=%2Fwp%2Fv2%2Ftags&post=16286"}],"curies":[{"name":"wp","href":"https:\/\/api.w.org\/{rel}","templated":true}]}}