{"id":16285,"date":"2016-11-04T15:50:58","date_gmt":"2016-11-04T15:50:58","guid":{"rendered":"http:\/\/archiv.szolnoktv.hu\/?p=16285"},"modified":"2021-08-26T09:20:45","modified_gmt":"2021-08-26T09:20:45","slug":"hatarvadasz-kepzes-2","status":"publish","type":"post","link":"http:\/\/archiv.szolnoktv.hu\/?p=16285","title":{"rendered":"Hat\u00e1rvad\u00e1sz-k\u00e9pz\u00e9s"},"content":{"rendered":"<div class='booster-block booster-read-block'><\/div><p>J\u00e1sz-Nagykun-Szolnok Megy\u00e9ben is megkezd\u0151d\u00f6tt a hat\u00e1rvad\u00e1sz k\u00e9pz\u00e9s. Az oktat\u00e1s t\u00f6bb r\u00e9szb\u0151l \u00e1ll, a jelentkez\u0151k m\u00e1jusban tehetik le z\u00e1r\u00f3vizsg\u00e1jukat.<\/p>\n<p>Hat\u00e1rt k\u00e9mlel\u0151 rend\u0151r\u00f6k, j\u00e1r\u0151r\u00f6z\u00e9s, helikopteres megfigyel\u00e9s, ellen\u0151rz\u00e9s. Ez mind feladata a hat\u00e1rvad\u00e1szoknak. Csapatuk 30 megyeb\u00e9livel is b\u0151v\u00fclhet, hiszen megy\u00e9nkben is megkezd\u0151d\u00f6tt a k\u00e9pz\u00e9s, 22 f\u00e9rfi \u00e9s 8 h\u00f6lgy vesz r\u00e9szt rajta. A korm\u00e1ny m\u00e9g ny\u00e1ron jelentette be, hogy 3.000 f\u0151vel er\u0151s\u00edti a rend\u0151ri \u00e1llom\u00e1nyt a toborz\u00e1s pedig szeptember 1-\u00e9n kezd\u0151d\u00f6tt.<br \/><BR><BR><br \/>&#8220;A rend\u0151rs\u00e9g vezet\u00e9se nagy v\u00e1rakoz\u00e1ssal tekint \u00f6n\u00f6kre, hisz az er\u0151s\u00f6d\u0151 illeg\u00e1lis migr\u00e1ci\u00f3s nyom\u00e1s a kor\u00e1bbin\u00e1l l\u00e9nyegesen nagyobb rend\u0151ri er\u0151 alkalmaz\u00e1s\u00e1t teszi sz\u00fcks\u00e9gess\u00e9 Magyarorsz\u00e1g \u00e1llamhat\u00e1r\u00e1n. Sz\u00e1m\u00edtunk arra, hogy felk\u00e9sz\u00fclten \u00e9s magasfok\u00fa elk\u00f6telezetts\u00e9ggel fognak r\u00f6videsen szolg\u00e1latba \u00e1llni.&#8221;&#8221; &#8211; mondta Alf\u00f6ldi Csilla az ORFK oszt\u00e1lyvezet\u0151je.<br \/><BR><BR><br \/>Orsz\u00e1gosan 1667-en vesznek r\u00e9szt a k\u00e9pz\u00e9sben, most az els\u0151 szakaszban 574-en.<br \/><BR><BR><br \/>&#8220;&#8221;Orsz\u00e1gosan mondhatjuk, hogy egyed\u00fcl\u00e1ll\u00f3 m\u00f3don a Magyar Honv\u00e9ds\u00e9g 86. Helikopterb\u00e1zis\u00e1nak seg\u00edts\u00e9g\u00e9vel egy katonai objektumban hajtj\u00e1k v\u00e9gre az eg\u00e9sz k\u00e9pz\u00e9st, amely \u00e1prilis v\u00e9g\u00e9ig, m\u00e1jus elej\u00e9ig tart.&#8221;&#8221; &#8211; mondta Szab\u00f3 Zita a  JNSZ Megyei Rend\u0151r-f\u0151kapit\u00e1nys\u00e1g sz\u00f3viv\u0151je.<br \/><BR><BR><br \/>A jelentkez\u0151k &#8211; akik megfeleltek a felt\u00e9teleknek &#8211; 3 napja megkezdt\u00e9k a k\u00e9pz\u00e9st. \u00c1tvett\u00e9k egyenruh\u00e1ikat \u00e9s alaki foglalkoz\u00e1son vettek r\u00e9szt. A legt\u00f6bben m\u00e1r r\u00e9g\u00f3ta rend\u0151ri p\u00e1ly\u00e1ra k\u00e9sz\u00fclnek \u00e9s azonnal \u00e9ltek a lehet\u0151s\u00e9ggel.<br \/><BR><BR><br \/>&#8220;&#8221;Gyermekkorom \u00f3ta szeretn\u00e9k rend\u0151r lenni \u00e9s \u00fagy gondolom, hogy a k\u00e9szenl\u00e9ti rend\u0151rs\u00e9g csapatszolg\u00e1lati hat\u00e1r\u0151rizeti \u00e9s k\u00f6zter\u00fcletei munk\u00e1it is magas szinten el tudn\u00e1m v\u00e9gezni.&#8221;&#8221; &#8211; mondta Tasn\u00e1di Tamara.<br \/><BR><BR><br \/>&#8220;&#8221;Mindig is vonzott a rend\u0151ri p\u00e1lyafut\u00e1s a rend\u0151r\u00f6k saj\u00e1tos csal\u00e1dja, ami kialakult. Illetve az, hogy pr\u00f3b\u00e1ljak magam, a k\u00f6rnyezetemben \u00e9l\u0151knek, csal\u00e1domnak a k\u00f6zbiztons\u00e1g\u00e1n jav\u00edtani az \u00e1ltal a munka \u00e1ltal, amit majd a rend\u0151rk\u00e9nt teljes\u00edtek, ak\u00e1r lent a hat\u00e1ron, ak\u00e1r a h\u00e9tk\u00f6znapi \u00e9letemben.&#8221;&#8221; &#8211; mondta Dancsi Istv\u00e1n.<br \/><BR><BR><br \/>K\u00fcl\u00f6n\u00f6sen j\u00f3 fizikai kond\u00edci\u00f3, de szellemi t\u0171r\u00e9s \u00e9s tolerancia is sz\u00fcks\u00e9geltetik ahhoz, hogy valaki sikeresen elv\u00e9gezze a k\u00e9pz\u00e9st. Az els\u0151 k\u00e9t h\u00f3napban alapvet\u0151 rend\u00e9szeti ismereteket saj\u00e1t\u00edtanak el valamint sz\u00e1mos gyakorlati feladatot oldanak meg. Ut\u00e1na 1 h\u00f3napon \u00e1t speci\u00e1lis hat\u00e1rvad\u00e1sz k\u00e9pz\u00e9s k\u00f6vetkezik majd a tervek szerint m\u00e1jusban munk\u00e1ba is \u00e1llhatnak a sikeresen vizsg\u00e1z\u00f3k. &#8221;<br \/>\n<div style=\"width: 640px;\" class=\"wp-video\"><!--[if lt IE 9]><script>document.createElement('video');<\/script><![endif]-->\n<video class=\"wp-video-shortcode\" id=\"video-16285-1\" width=\"640\" height=\"360\" preload=\"metadata\" controls=\"controls\"><source type=\"video\/mp4\" src=\"\/spots\/hir\/hir_161104_01.mp4?_=1\" \/><a href=\"\/spots\/hir\/hir_161104_01.mp4\">\/spots\/hir\/hir_161104_01.mp4<\/a><\/video><\/div><\/p>\n","protected":false},"excerpt":{"rendered":"<p>J\u00e1sz-Nagykun-Szolnok Megy\u00e9ben is megkezd\u0151d\u00f6tt a hat\u00e1rvad\u00e1sz k\u00e9pz\u00e9s. Az oktat\u00e1s t\u00f6bb r\u00e9szb\u0151l \u00e1ll, a jelentkez\u0151k m\u00e1jusban tehetik le z\u00e1r\u00f3vizsg\u00e1jukat. Hat\u00e1rt k\u00e9mlel\u0151 rend\u0151r\u00f6k, j\u00e1r\u0151r\u00f6z\u00e9s, helikopteres megfigyel\u00e9s, ellen\u0151rz\u00e9s. Ez mind feladata a hat\u00e1rvad\u00e1szoknak. Csapatuk 30 megyeb\u00e9livel is b\u0151v\u00fclhet, hiszen megy\u00e9nkben is megkezd\u0151d\u00f6tt a k\u00e9pz\u00e9s, 22 f\u00e9rfi \u00e9s 8 h\u00f6lgy vesz r\u00e9szt rajta. A korm\u00e1ny m\u00e9g ny\u00e1ron jelentette be, [&hellip;]<\/p>\n","protected":false},"author":2,"featured_media":0,"comment_status":"closed","ping_status":"closed","sticky":false,"template":"","format":"standard","meta":[],"categories":[16],"tags":[],"_links":{"self":[{"href":"http:\/\/archiv.szolnoktv.hu\/index.php?rest_route=\/wp\/v2\/posts\/16285"}],"collection":[{"href":"http:\/\/archiv.szolnoktv.hu\/index.php?rest_route=\/wp\/v2\/posts"}],"about":[{"href":"http:\/\/archiv.szolnoktv.hu\/index.php?rest_route=\/wp\/v2\/types\/post"}],"author":[{"embeddable":true,"href":"http:\/\/archiv.szolnoktv.hu\/index.php?rest_route=\/wp\/v2\/users\/2"}],"replies":[{"embeddable":true,"href":"http:\/\/archiv.szolnoktv.hu\/index.php?rest_route=%2Fwp%2Fv2%2Fcomments&post=16285"}],"version-history":[{"count":1,"href":"http:\/\/archiv.szolnoktv.hu\/index.php?rest_route=\/wp\/v2\/posts\/16285\/revisions"}],"predecessor-version":[{"id":16296,"href":"http:\/\/archiv.szolnoktv.hu\/index.php?rest_route=\/wp\/v2\/posts\/16285\/revisions\/16296"}],"wp:attachment":[{"href":"http:\/\/archiv.szolnoktv.hu\/index.php?rest_route=%2Fwp%2Fv2%2Fmedia&parent=16285"}],"wp:term":[{"taxonomy":"category","embeddable":true,"href":"http:\/\/archiv.szolnoktv.hu\/index.php?rest_route=%2Fwp%2Fv2%2Fcategories&post=16285"},{"taxonomy":"post_tag","embeddable":true,"href":"http:\/\/archiv.szolnoktv.hu\/index.php?rest_route=%2Fwp%2Fv2%2Ftags&post=16285"}],"curies":[{"name":"wp","href":"https:\/\/api.w.org\/{rel}","templated":true}]}}