{"id":16284,"date":"2016-11-03T16:56:05","date_gmt":"2016-11-03T16:56:05","guid":{"rendered":"http:\/\/archiv.szolnoktv.hu\/?p=16284"},"modified":"2021-08-26T09:20:45","modified_gmt":"2021-08-26T09:20:45","slug":"autok-teli-felkeszitese","status":"publish","type":"post","link":"http:\/\/archiv.szolnoktv.hu\/?p=16284","title":{"rendered":"Aut\u00f3k t\u00e9li felk\u00e9sz\u00edt\u00e9se"},"content":{"rendered":"<div class='booster-block booster-read-block'><\/div><p>Egyre t\u00f6bben v\u00e1ltj\u00e1k le ny\u00e1ri gumijaikat t\u00e9lire. A v\u00e1ros legt\u00f6bb gumiszervizeiben m\u00e1r csak el\u0151re egyeztetett id\u0151pontban v\u00e1llalj\u00e1k a cser\u00e9t. Nem el\u00e9g azonban csak az abroncsok cser\u00e9je, m\u00e1s kieg\u00e9sz\u00edt\u0151kre is figyelni kell az aut\u00f3k t\u00e9li felk\u00e9sz\u00edt\u00e9sekor.<\/p>\n<p>Nagy volt a s\u00fcrg\u00e9s-forg\u00e1s ebben a Nagys\u00e1ndor J\u00f3zsef \u00fati gumiszerv\u00edzben. Az aut\u00f3sok el\u0151re foglalt id\u0151pontra \u00e9rkeznek, sokan cser\u00e9lik le ny\u00e1ri gumijaikat t\u00e9lire. A felnin l\u00e9v\u0151 abroncsok cser\u00e9je gyorsabban megy, ha felnizni kell lassabb a folyamat. Haz\u00e1nkban nem k\u00f6telez\u0151 a t\u00e9li gumi haszn\u00e1lata, de er\u0151sen aj\u00e1nlott. Ha az \u00e1tlagh\u0151m\u00e9rs\u00e9klet 7 \u00b0C al\u00e1 cs\u00f6kken, ideje f\u00f6lrakatni, hiszen 7 \u00b0C alatt a ny\u00e1ri gumik anyaga megkem\u00e9nyedik, ez\u00e1ltal jelent\u0151sen vesz\u00edtenek tapad\u00e1sukb\u00f3l. A szakemberek azt tan\u00e1csolj\u00e1k, hogy senki ne v\u00e1rja meg az els\u0151 h\u00f3es\u00e9st, cser\u00e9lje le id\u0151ben a ny\u00e1ri gumiabroncsokat t\u00e9lire. Ez m\u00e1r a megyei korm\u00e1nyhivatal k\u00f6zleked\u00e9si fel\u00fcgyel\u0151s\u00e9ge. Itt egy aut\u00f3t k\u00e9sz\u00edtenek fel a t\u00e9li k\u00f6zleked\u00e9sre.<br \/><BR><BR><br \/>&#8220;M\u00e1r azt gondolom, hogy az emberek tudat\u00e1ba a t\u00e9li gumiabronccsal t\u00f6rt\u00e9n\u0151 felszerel\u00e9se a j\u00e1rm\u0171nek m\u00e1r megjelent, viszont a t\u00f6bbi kieg\u00e9sz\u00edt\u0151 dolog, ami ezzel j\u00e1rna az nem felt\u00e9tlen\u00fcl.&#8221;&#8221; &#8211; mondta Dorogi Attila a  JNSZ Megyei Korm\u00e1nyhivatal f\u0151oszt\u00e1lyvezet\u0151je.<br \/><BR><BR><br \/>Ilyen p\u00e9ld\u00e1ul az ablakt\u00f6rl\u0151lap\u00e1tok ellen\u0151rz\u00e9se. Sokan nem fektetnek r\u00e1 nagy hangs\u00falyt, pedig a gumi\u00e9lek gyorsan kopnak, ak\u00e1r \u00e9ves cser\u00e9je is indokolt lehet. Fontos megvizsg\u00e1lni a f\u00e9nysz\u00f3r\u00f3kat is, hiszen a t\u00e9li id\u0151j\u00e1r\u00e1si k\u00f6r\u00fclm\u00e9nyek k\u00f6z\u00f6tt gyenge izz\u00f3 eset\u00e9ben jelent\u0151sen cs\u00f6kken a megvil\u00e1g\u00edtott \u00fatfel\u00fclet. Az abroncsok cser\u00e9je csak egy dolog, fontos, hogy annak profilm\u00e9lys\u00e9ge is megfelel\u0151 legyen. \u00c9rdemes ellen\u0151rizni az akkumul\u00e1tor t\u00f6lt\u00f6tts\u00e9gi szintj\u00e9t valamint annak megb\u00edzhat\u00f3s\u00e1g\u00e1t is.<br \/><BR><BR><br \/>&#8220;&#8221;Ma m\u00e1r ez a t\u00e9li \u00e1t\u00e1ll\u00e1s egyre ink\u00e1bb jellemz\u0151 &#8211; gondolom ez a m\u00e9di\u00e1nak \u00e9s a sajt\u00f3nak is k\u00f6sz\u00f6nhet\u0151 &#8211; tudatosan k\u00e9sz\u00fcl\u00fcnk a t\u00e9lre.&#8221;&#8221; &#8211; tette hozz\u00e1 Dorogi Attila.<br \/><BR><BR><br \/>De nem csak az aut\u00f3nak a sof\u0151rnek is fel kell k\u00e9sz\u00fclni a t\u00e9lre. Ilyenkor rendk\u00edv\u00fcl fontos a higgadt magatart\u00e1s, a helyes sebess\u00e9g megv\u00e1laszt\u00e1sa, az el\u0151retekint\u0151 gondolkod\u00e1sm\u00f3d. Es\u0151ben, k\u00f6dben a j\u00e1rm\u0171vek k\u00f6rvonalai elmos\u00f3dnak \u00e9s sokszor a val\u00f3s\u00e1gn\u00e1l t\u00e1volabbinak l\u00e1tszanak, ez\u00e9rt legy\u00fcnk t\u00fcrelmesek \u00e9s tartsunk nagyobb k\u00f6vet\u00e9si \u00e9s f\u00e9kt\u00e1vols\u00e1got. &#8221;<br \/>\n<div style=\"width: 640px;\" class=\"wp-video\"><!--[if lt IE 9]><script>document.createElement('video');<\/script><![endif]-->\n<video class=\"wp-video-shortcode\" id=\"video-16284-1\" width=\"640\" height=\"360\" preload=\"metadata\" controls=\"controls\"><source type=\"video\/mp4\" src=\"\/spots\/hir\/hir_161103_04.mp4?_=1\" \/><a href=\"\/spots\/hir\/hir_161103_04.mp4\">\/spots\/hir\/hir_161103_04.mp4<\/a><\/video><\/div><\/p>\n","protected":false},"excerpt":{"rendered":"<p>Egyre t\u00f6bben v\u00e1ltj\u00e1k le ny\u00e1ri gumijaikat t\u00e9lire. A v\u00e1ros legt\u00f6bb gumiszervizeiben m\u00e1r csak el\u0151re egyeztetett id\u0151pontban v\u00e1llalj\u00e1k a cser\u00e9t. Nem el\u00e9g azonban csak az abroncsok cser\u00e9je, m\u00e1s kieg\u00e9sz\u00edt\u0151kre is figyelni kell az aut\u00f3k t\u00e9li felk\u00e9sz\u00edt\u00e9sekor. Nagy volt a s\u00fcrg\u00e9s-forg\u00e1s ebben a Nagys\u00e1ndor J\u00f3zsef \u00fati gumiszerv\u00edzben. Az aut\u00f3sok el\u0151re foglalt id\u0151pontra \u00e9rkeznek, sokan cser\u00e9lik le ny\u00e1ri [&hellip;]<\/p>\n","protected":false},"author":2,"featured_media":0,"comment_status":"closed","ping_status":"closed","sticky":false,"template":"","format":"standard","meta":[],"categories":[16],"tags":[],"_links":{"self":[{"href":"http:\/\/archiv.szolnoktv.hu\/index.php?rest_route=\/wp\/v2\/posts\/16284"}],"collection":[{"href":"http:\/\/archiv.szolnoktv.hu\/index.php?rest_route=\/wp\/v2\/posts"}],"about":[{"href":"http:\/\/archiv.szolnoktv.hu\/index.php?rest_route=\/wp\/v2\/types\/post"}],"author":[{"embeddable":true,"href":"http:\/\/archiv.szolnoktv.hu\/index.php?rest_route=\/wp\/v2\/users\/2"}],"replies":[{"embeddable":true,"href":"http:\/\/archiv.szolnoktv.hu\/index.php?rest_route=%2Fwp%2Fv2%2Fcomments&post=16284"}],"version-history":[{"count":1,"href":"http:\/\/archiv.szolnoktv.hu\/index.php?rest_route=\/wp\/v2\/posts\/16284\/revisions"}],"predecessor-version":[{"id":16297,"href":"http:\/\/archiv.szolnoktv.hu\/index.php?rest_route=\/wp\/v2\/posts\/16284\/revisions\/16297"}],"wp:attachment":[{"href":"http:\/\/archiv.szolnoktv.hu\/index.php?rest_route=%2Fwp%2Fv2%2Fmedia&parent=16284"}],"wp:term":[{"taxonomy":"category","embeddable":true,"href":"http:\/\/archiv.szolnoktv.hu\/index.php?rest_route=%2Fwp%2Fv2%2Fcategories&post=16284"},{"taxonomy":"post_tag","embeddable":true,"href":"http:\/\/archiv.szolnoktv.hu\/index.php?rest_route=%2Fwp%2Fv2%2Ftags&post=16284"}],"curies":[{"name":"wp","href":"https:\/\/api.w.org\/{rel}","templated":true}]}}