{"id":16283,"date":"2016-11-03T16:54:09","date_gmt":"2016-11-03T16:54:09","guid":{"rendered":"http:\/\/archiv.szolnoktv.hu\/?p=16283"},"modified":"2021-08-26T09:20:45","modified_gmt":"2021-08-26T09:20:45","slug":"napi-jotett-jelmez-art-adomany","status":"publish","type":"post","link":"http:\/\/archiv.szolnoktv.hu\/?p=16283","title":{"rendered":"Napi j\u00f3tett &#8211; Jelmez Art adom\u00e1ny"},"content":{"rendered":"<div class='booster-block booster-read-block'><\/div><p>A Jelmez Art Kft. f\u00e9nym\u00e1sol\u00f3t adom\u00e1nyozott az \u00c9n is Vagyok Mozg\u00e1ss\u00e9r\u00fclt Gener\u00e1ci\u00f3k \u00c9rdekv\u00e9delmi Egyes\u00fclet\u00e9nek. A c\u00e9g m\u00e1r r\u00e9g\u00f3ta t\u00e1mogatja a Szolnok Seg\u00edt programot valamint m\u00e1s egyes\u00fcleteknek is seg\u00edts\u00e9get ny\u00fajt.<\/p>\n<p>Egy &#8211; a v\u00e1llalkoz\u00e1s sz\u00e1m\u00e1ra &#8211; m\u00e1r l\u00e9tsz\u00e1mf\u00f6l\u00f6tti v\u00e1lt f\u00e9nym\u00e1sol\u00f3 jelent megold\u00e1st az \u00c9n is Vagyok Mozg\u00e1ss\u00e9r\u00fclt Gener\u00e1ci\u00f3k \u00c9rdekv\u00e9delmi Egyes\u00fclet\u00e9nek. N\u00e9gy \u00e9ve alakultak, a megy\u00e9ben \u00e9l\u0151 s\u00falyosan \u00e9s halmozottan fogyat\u00e9kos gyermekeket nevel\u0151 sz\u00fcl\u0151kkel, illetve fogyat\u00e9kos fiatalokkal, feln\u0151ttekkel foglalkoznak. Minden apr\u00f3 seg\u00edts\u00e9gnek \u00f6r\u00fclnek, a f\u00e9nym\u00e1sol\u00f3t pedig minden nap haszn\u00e1lj\u00e1k majd.<br \/><BR><BR><br \/> &#8220;J\u00f3l tudjuk majd haszn\u00e1lni \u00e9s alkalmazni az egyes\u00fclet m\u0171k\u00f6d\u00e9s\u00e9ben, k\u00fcl\u00f6nb\u00f6z\u0151 programokban a t\u00e1j\u00e9koztat\u00f3kat, az \u00e9rtes\u00edt\u0151ket, sz\u00f3r\u00f3anyagok k\u00e9sz\u00edt\u00e9s\u00e9re fogjuk haszn\u00e1lni, biztos, hogy nagy seg\u00edts\u00e9g lesz az egyes\u00fclet m\u0171k\u00f6d\u00e9s\u00e9ben.&#8221;&#8221; &#8211; mondta Gomb\u00e1r L\u00e1szl\u00f3n\u00e9 az  \u00c9n is Vagyok Mozg\u00e1ss\u00e9r\u00fclt Gener\u00e1ci\u00f3k \u00c9rdekv\u00e9delmi Egyes\u00fclet titk\u00e1ra.<br \/><BR><BR><br \/>A Jelmez Art Kft. \u00fcgyvezet\u0151 igazgat\u00f3ja miut\u00e1n \u00e1tadta a f\u00e9nym\u00e1sol\u00f3t, tov\u00e1bbi seg\u00edts\u00e9g\u00e9t is felaj\u00e1nlotta az egyes\u00fcletnek.<br \/><BR><BR><br \/>&#8220;&#8221;Nagyon fontosnak tartom, hogy t\u00e1mogassunk olyan embereket, olyan fogyat\u00e9kkal \u00e9l\u0151ket, akik r\u00e1szorulnak bizonyos dolgokra \u00e9s a Jelmez Art Kft. f\u00f6lv\u00e1llalja ezeknek az embereknek, mozg\u00e1ss\u00e9r\u00fclteknek a t\u00e1mogat\u00e1s\u00e1t.&#8221;&#8221; &#8211; mondta Debreczeni Ildik\u00f3 a Jelmez Art Kft. \u00fcgyvezet\u0151 igazgat\u00f3ja.<br \/><BR><BR><br \/>A c\u00e9g tov\u00e1bb\u00e1 a Siketek \u00e9s Nagyothall\u00f3k Orsz\u00e1gos Sz\u00f6vets\u00e9g\u00e9t is seg\u00edti &#8211; tette hozz\u00e1 Debreczeni Ildik\u00f3. A Szolnok Seg\u00edt Program koordin\u00e1tor\u00e1t\u00f3l megtudtuk azt is, hogy a f\u00e9nym\u00e1sol\u00f3t el\u0151sz\u00f6r mag\u00e1nyszem\u00e9lynek sz\u00e1nt\u00e1k volna, az irodai felhaszn\u00e1l\u00e1s \u00f6tlete k\u00e9s\u0151bb j\u00f6tt.<br \/><BR><BR><br \/>&#8220;&#8221;A Hum\u00e1n Szolg\u00e1ltat\u00f3 K\u00f6zpont el\u00e9g sok szervezettel \u00e1ll kapcsolatban, t\u00f6bb szervezetet is megk\u00e9rdezt\u00fcnk \u00e9s v\u00e9g\u00fcl is az \u00c9n is Vagyok Mozg\u00e1ss\u00e9r\u00fclt Gener\u00e1ci\u00f3k \u00c9rdekv\u00e9delmi Egyes\u00fclet meg\u00f6r\u00fclt ennek a felaj\u00e1nl\u00e1snak, \u00fagyhogy \u00edgy j\u00f6ttek \u0151k a k\u00e9pbe.&#8221;&#8221; &#8211; mondta Kiss Rita a Szolnok Seg\u00edt Program koordin\u00e1tora.<br \/><BR><BR><br \/>A f\u00e9nym\u00e1sol\u00f3t boldogan vitte el az egyes\u00fclet titk\u00e1ra, aki azt mondta: \u00faj irod\u00e1jukban &#8211; ahov\u00e1 most k\u00f6lt\u00f6znek &#8211; a helye m\u00e1r megvan. &#8221;<br \/>\n<div style=\"width: 640px;\" class=\"wp-video\"><!--[if lt IE 9]><script>document.createElement('video');<\/script><![endif]-->\n<video class=\"wp-video-shortcode\" id=\"video-16283-1\" width=\"640\" height=\"360\" preload=\"metadata\" controls=\"controls\"><source type=\"video\/mp4\" src=\"\/spots\/hir\/hir_161103_03.mp4?_=1\" \/><a href=\"\/spots\/hir\/hir_161103_03.mp4\">\/spots\/hir\/hir_161103_03.mp4<\/a><\/video><\/div><\/p>\n","protected":false},"excerpt":{"rendered":"<p>A Jelmez Art Kft. f\u00e9nym\u00e1sol\u00f3t adom\u00e1nyozott az \u00c9n is Vagyok Mozg\u00e1ss\u00e9r\u00fclt Gener\u00e1ci\u00f3k \u00c9rdekv\u00e9delmi Egyes\u00fclet\u00e9nek. A c\u00e9g m\u00e1r r\u00e9g\u00f3ta t\u00e1mogatja a Szolnok Seg\u00edt programot valamint m\u00e1s egyes\u00fcleteknek is seg\u00edts\u00e9get ny\u00fajt. Egy &#8211; a v\u00e1llalkoz\u00e1s sz\u00e1m\u00e1ra &#8211; m\u00e1r l\u00e9tsz\u00e1mf\u00f6l\u00f6tti v\u00e1lt f\u00e9nym\u00e1sol\u00f3 jelent megold\u00e1st az \u00c9n is Vagyok Mozg\u00e1ss\u00e9r\u00fclt Gener\u00e1ci\u00f3k \u00c9rdekv\u00e9delmi Egyes\u00fclet\u00e9nek. N\u00e9gy \u00e9ve alakultak, a megy\u00e9ben \u00e9l\u0151 [&hellip;]<\/p>\n","protected":false},"author":2,"featured_media":0,"comment_status":"closed","ping_status":"closed","sticky":false,"template":"","format":"standard","meta":[],"categories":[16],"tags":[],"_links":{"self":[{"href":"http:\/\/archiv.szolnoktv.hu\/index.php?rest_route=\/wp\/v2\/posts\/16283"}],"collection":[{"href":"http:\/\/archiv.szolnoktv.hu\/index.php?rest_route=\/wp\/v2\/posts"}],"about":[{"href":"http:\/\/archiv.szolnoktv.hu\/index.php?rest_route=\/wp\/v2\/types\/post"}],"author":[{"embeddable":true,"href":"http:\/\/archiv.szolnoktv.hu\/index.php?rest_route=\/wp\/v2\/users\/2"}],"replies":[{"embeddable":true,"href":"http:\/\/archiv.szolnoktv.hu\/index.php?rest_route=%2Fwp%2Fv2%2Fcomments&post=16283"}],"version-history":[{"count":1,"href":"http:\/\/archiv.szolnoktv.hu\/index.php?rest_route=\/wp\/v2\/posts\/16283\/revisions"}],"predecessor-version":[{"id":16298,"href":"http:\/\/archiv.szolnoktv.hu\/index.php?rest_route=\/wp\/v2\/posts\/16283\/revisions\/16298"}],"wp:attachment":[{"href":"http:\/\/archiv.szolnoktv.hu\/index.php?rest_route=%2Fwp%2Fv2%2Fmedia&parent=16283"}],"wp:term":[{"taxonomy":"category","embeddable":true,"href":"http:\/\/archiv.szolnoktv.hu\/index.php?rest_route=%2Fwp%2Fv2%2Fcategories&post=16283"},{"taxonomy":"post_tag","embeddable":true,"href":"http:\/\/archiv.szolnoktv.hu\/index.php?rest_route=%2Fwp%2Fv2%2Ftags&post=16283"}],"curies":[{"name":"wp","href":"https:\/\/api.w.org\/{rel}","templated":true}]}}