{"id":16282,"date":"2016-11-03T16:52:10","date_gmt":"2016-11-03T16:52:10","guid":{"rendered":"http:\/\/archiv.szolnoktv.hu\/?p=16282"},"modified":"2021-08-26T09:20:46","modified_gmt":"2021-08-26T09:20:46","slug":"tovabbra-is-sok-jatek-bukik-meg-a-teszteken","status":"publish","type":"post","link":"http:\/\/archiv.szolnoktv.hu\/?p=16282","title":{"rendered":"Tov\u00e1bbra is sok j\u00e1t\u00e9k bukik meg a teszteken"},"content":{"rendered":"<div class='booster-block booster-read-block'><\/div><p>M\u00e9g mindig sok az \u00e1rtalmas csecsem\u0151j\u00e1t\u00e9k a piacon. A Nemzeti Fogyaszt\u00f3v\u00e9delmi Hat\u00f3s\u00e1g tesztj\u00e9n a bevizsg\u00e1lt term\u00e9kek t\u00f6bb mint fele megbukott. A szakemberek a vizsg\u00e1latot a 3 \u00e9v alatti gyermekek k\u00f6r\u00e9ben n\u00e9pszer\u0171 cs\u00f6rg\u0151, r\u00e1g\u00f3 \u00e9s s\u00edpol\u00f3 j\u00e1t\u00e9kokon v\u00e9gezt\u00e9k. <\/p>\n<p>\u00dct\u0151 vizsg\u00e1laton esett \u00e1t minden cs\u00f6rg\u0151 a fogyaszt\u00f3v\u00e9delmi hat\u00f3s\u00e1g laborj\u00e1ban, hogy meg\u00e1llap\u00edts\u00e1k lev\u00e1lik-e r\u00f3la fullad\u00e1st okoz\u00f3 kis alkatr\u00e9sz. A kiv\u00e1lasztott 22 babaj\u00e1t\u00e9kon ezenk\u00edv\u00fcl h\u00faz\u00f3 \u00e9s \u00e9less\u00e9g vizsg\u00e1latot is v\u00e9geztek. Az \u00e9lethelyzeteket modellezve a bevizsg\u00e1lt n\u00e9pszer\u0171 term\u00e9kekb\u0151l 12 nem felelt meg uni\u00f3s el\u0151\u00edr\u00e1soknak.<br \/>A gyerekek t\u00f6bbs\u00e9ge nem csak otthon, hanem a b\u00f6lcs\u0151d\u00e9kben is \u00e9rintkezik a boltokban kaphat\u00f3 n\u00e9pszer\u0171 cs\u00f6rg\u0151kkel, r\u00e1g\u00f3kkal \u00e9s s\u00edpol\u00f3 j\u00e1t\u00e9kokkal. Szolnokon az int\u00e9zm\u00e9nyek, figyelve a gyermekek biztons\u00e1g\u00e1ra, fokozottabb figyelemmel v\u00e1logat az \u00fczletek term\u00e9kei k\u00f6z\u00f6tt. A Kolozsv\u00e1ri \u00fati B\u00f6lcs\u0151de pedig m\u00e9g mindig az alapj\u00e1t\u00e9knak sz\u00e1m\u00edt\u00f3 bab\u00e1t, labd\u00e1t \u00e9s mesek\u00f6nyvet r\u00e9szes\u00edti el\u0151nybe.<br \/><BR><BR><br \/>Mi itt a b\u00f6lcs\u0151d\u00e9ben nem r\u00e9szes\u00edtj\u00fck el\u0151nyben azokat a s\u00edpol\u00f3, cs\u00f6rg\u0151, k\u00fcl\u00f6nf\u00e9le hangokat kiad\u00f3 j\u00e1t\u00e9kokat, amelyek nem adnak lehet\u0151s\u00e9get, hogy t\u00f6bb tapasztalatot szerezzenek a gyerekek. \u00dagyhogy mi olyanokat szoktunk v\u00e1lasztani, ami seg\u00edti a kibontakozni az \u0151 fant\u00e1zi\u00e1jukat \u00e9s min\u00e9l t\u00f6bb lehet\u0151s\u00e9get ad erre. <br \/>T\u00e1j\u00e9koztatott Keskenyn\u00e9 P\u00e9ntek \u00c1gnes a Szolnoki B\u00f6lcs\u0151dei Int\u00e9zm\u00e9nyegys\u00e9g vezet\u0151je <br \/><BR><BR><br \/>A szab\u00e1lyok szerint a 3 \u00e9v alatti gyermekek r\u00e9sz\u00e9re fullad\u00e1st okoz\u00f3 j\u00e1t\u00e9kok nem k\u00e9sz\u00fclhetnek. De a vizsg\u00e1lat alapj\u00e1n kider\u00fclt, hogy a j\u00e1t\u00e9kok eset\u00e9ben a fullad\u00e1sos vesz\u00e9ly a legjelent\u0151sebb, hiszen a bevizsg\u00e1lt term\u00e9kek k\u00f6z\u00fcl 8 j\u00e1t\u00e9k rendeltet\u00e9s szer\u0171 haszn\u00e1lat mellett is s\u00falyos vesz\u00e9lyt jelent. A megbukott term\u00e9kek visszah\u00edv\u00e1s\u00e1r\u00f3l a ter\u00fcletileg illet\u00e9kes korm\u00e1nyhivatalok int\u00e9zkednek. <br \/>\n<div style=\"width: 640px;\" class=\"wp-video\"><!--[if lt IE 9]><script>document.createElement('video');<\/script><![endif]-->\n<video class=\"wp-video-shortcode\" id=\"video-16282-1\" width=\"640\" height=\"360\" preload=\"metadata\" controls=\"controls\"><source type=\"video\/mp4\" src=\"\/spots\/hir\/hir_161103_02.mp4?_=1\" \/><a href=\"\/spots\/hir\/hir_161103_02.mp4\">\/spots\/hir\/hir_161103_02.mp4<\/a><\/video><\/div><\/p>\n","protected":false},"excerpt":{"rendered":"<p>M\u00e9g mindig sok az \u00e1rtalmas csecsem\u0151j\u00e1t\u00e9k a piacon. A Nemzeti Fogyaszt\u00f3v\u00e9delmi Hat\u00f3s\u00e1g tesztj\u00e9n a bevizsg\u00e1lt term\u00e9kek t\u00f6bb mint fele megbukott. A szakemberek a vizsg\u00e1latot a 3 \u00e9v alatti gyermekek k\u00f6r\u00e9ben n\u00e9pszer\u0171 cs\u00f6rg\u0151, r\u00e1g\u00f3 \u00e9s s\u00edpol\u00f3 j\u00e1t\u00e9kokon v\u00e9gezt\u00e9k. \u00dct\u0151 vizsg\u00e1laton esett \u00e1t minden cs\u00f6rg\u0151 a fogyaszt\u00f3v\u00e9delmi hat\u00f3s\u00e1g laborj\u00e1ban, hogy meg\u00e1llap\u00edts\u00e1k lev\u00e1lik-e r\u00f3la fullad\u00e1st okoz\u00f3 kis alkatr\u00e9sz. [&hellip;]<\/p>\n","protected":false},"author":2,"featured_media":0,"comment_status":"closed","ping_status":"closed","sticky":false,"template":"","format":"standard","meta":[],"categories":[16],"tags":[],"_links":{"self":[{"href":"http:\/\/archiv.szolnoktv.hu\/index.php?rest_route=\/wp\/v2\/posts\/16282"}],"collection":[{"href":"http:\/\/archiv.szolnoktv.hu\/index.php?rest_route=\/wp\/v2\/posts"}],"about":[{"href":"http:\/\/archiv.szolnoktv.hu\/index.php?rest_route=\/wp\/v2\/types\/post"}],"author":[{"embeddable":true,"href":"http:\/\/archiv.szolnoktv.hu\/index.php?rest_route=\/wp\/v2\/users\/2"}],"replies":[{"embeddable":true,"href":"http:\/\/archiv.szolnoktv.hu\/index.php?rest_route=%2Fwp%2Fv2%2Fcomments&post=16282"}],"version-history":[{"count":1,"href":"http:\/\/archiv.szolnoktv.hu\/index.php?rest_route=\/wp\/v2\/posts\/16282\/revisions"}],"predecessor-version":[{"id":16299,"href":"http:\/\/archiv.szolnoktv.hu\/index.php?rest_route=\/wp\/v2\/posts\/16282\/revisions\/16299"}],"wp:attachment":[{"href":"http:\/\/archiv.szolnoktv.hu\/index.php?rest_route=%2Fwp%2Fv2%2Fmedia&parent=16282"}],"wp:term":[{"taxonomy":"category","embeddable":true,"href":"http:\/\/archiv.szolnoktv.hu\/index.php?rest_route=%2Fwp%2Fv2%2Fcategories&post=16282"},{"taxonomy":"post_tag","embeddable":true,"href":"http:\/\/archiv.szolnoktv.hu\/index.php?rest_route=%2Fwp%2Fv2%2Ftags&post=16282"}],"curies":[{"name":"wp","href":"https:\/\/api.w.org\/{rel}","templated":true}]}}