{"id":16281,"date":"2016-11-03T14:58:05","date_gmt":"2016-11-03T14:58:05","guid":{"rendered":"http:\/\/archiv.szolnoktv.hu\/?p=16281"},"modified":"2021-08-26T09:20:46","modified_gmt":"2021-08-26T09:20:46","slug":"oszi-kerteszeti-munkak-a-varosban","status":"publish","type":"post","link":"http:\/\/archiv.szolnoktv.hu\/?p=16281","title":{"rendered":"\u00d5szi kert\u00e9szeti munk\u00e1k a v\u00e1rosban"},"content":{"rendered":"<div class='booster-block booster-read-block'><\/div><p>November v\u00e9g\u00e9ig befejez\u0151dik a v\u00e1ros z\u00f6ldter\u00fcleteinek t\u00e9li felk\u00e9sz\u00edt\u00e9se. A Munkalehet\u0151s\u00e9g a J\u00f6v\u0151\u00e9rt Szolnok Nonprofit Kft. dolgoz\u00f3i tegnap az utols\u00f3 kandel\u00e1ber vir\u00e1gokat is elsz\u00e1ll\u00edtott\u00e1k, ma pedig a Verseghy parkban rendezt\u00e9k az \u00e1gy\u00e1sokat.<\/p>\n<p>A tervezettn\u00e9l tov\u00e1bb d\u00edsz\u00edtett\u00e9k a V\u00e1rkonyi t\u00e9ri Zagyvah\u00edd kandel\u00e1bereit a m\u00e1jus 25. -\u00e9n kihelyezett musk\u00e1tlik, melyek elt\u00e1vol\u00edt\u00e1sa v\u00e9g\u00fcl szerd\u00e1n t\u00f6rt\u00e9nt meg. Az id\u0151j\u00e1r\u00e1s\u00e1ll\u00f3 d\u00edszn\u00f6v\u00e9nyek az enyhe id\u0151 miatt t\u0171rt\u00e9k tov\u00e1bb az idei \u0151szt&#8230;. A Verseghy parkot d\u00edsz\u00edt\u0151 egyny\u00e1ri vir\u00e1gok felszed\u00e9se sem t\u0171rt m\u00e1r halaszt\u00e1st. A munka az \u00e1gy\u00e1sok fel\u00e1s\u00e1s\u00e1val, el\u0151k\u00e9sz\u00edt\u00e9s\u00e9vel \u00e9r v\u00e9get.<br \/><BR><BR><br \/>&#8220;Nem csak bontunk egy\u00e9bk\u00e9nt hanem \u00e9p\u00edt\u00fcnk is, hiszen a v\u00e1ros sz\u00e1m\u00e1ra termelt\u00fcnk id\u00e9n \u00f6tezer \u00e9vel\u0151 n\u00f6v\u00e9nyt amit most kezd\u00fcnk \u00fcltetni. Az \u00e1gy\u00e1sel\u0151k\u00e9sz\u00edt\u00e9s m\u00e1r ott is zajlik, a gyalogh\u00edd k\u00e9t h\u00eddf\u0151j\u00e9n\u00e9l fogjuk ezeket a n\u00f6v\u00e9nyeket el\u00fcltetni.&#8221;&#8221;- mondja Fodor Gy\u00f6rgy a  &#038;#8220<br \/>\nMunkalehet\u0151s\u00e9g a J\u00f6v\u0151\u00e9rt\u201e Szolnok Nonprofit Kft. \u00fcgyvezet\u0151 igazgat\u00f3ja.<br \/><BR><BR><br \/>Az \u0151sz nyomait takar\u00edtj\u00e1k a Boldog S\u00e1ndor Istv\u00e1n k\u00f6r\u00faton. Helyenk\u00e9nt a lehullott plat\u00e1nlevelek m\u00e1r a k\u00f6zleked\u00e9st akad\u00e1lyozt\u00e1k. <br \/><BR><BR><br \/>&#8220;&#8221;Hiszen a f\u00e1k intenz\u00edven kezdt\u00e9k hullatni a lombjukat, teh\u00e1t a norm\u00e1l k\u00f6ztisztas\u00e1gi munk\u00e1k- a s\u00f6pr\u00f6get\u00e9s \u00e9s az utcai hullad\u00e9kgy\u0171jt\u0151k \u00fcr\u00edt\u00e9se mellett a koll\u00e9g\u00e1im m\u00e1r szedik a lombot. Ezek a zs\u00e1kok l\u00e1that\u00f3k m\u00e9g sok helyen, hiszen azt is el tudom mondani, hogy a kommun\u00e1lis hullad\u00e9kot m\u00e1r nem hagyjuk a k\u00f6zter\u00fcleten zs\u00e1kban, hanem kont\u00e9nerekben gy\u0171jtj\u00fck.&#8221;&#8221;<br \/><BR><BR><br \/>A 20 f\u0151s a kert\u00e9szeti csoport mellett 11 f\u0151s hajl\u00e9ktalan brig\u00e1d is beseg\u00edt az \u0151szi munk\u00e1kba, melyekkel el\u0151rel\u00e1that\u00f3lag november 20- \u00e1n v\u00e9geznek majd. &#8220;<\/p>\n","protected":false},"excerpt":{"rendered":"<p>November v\u00e9g\u00e9ig befejez\u0151dik a v\u00e1ros z\u00f6ldter\u00fcleteinek t\u00e9li felk\u00e9sz\u00edt\u00e9se. A Munkalehet\u0151s\u00e9g a J\u00f6v\u0151\u00e9rt Szolnok Nonprofit Kft. dolgoz\u00f3i tegnap az utols\u00f3 kandel\u00e1ber vir\u00e1gokat is elsz\u00e1ll\u00edtott\u00e1k, ma pedig a Verseghy parkban rendezt\u00e9k az \u00e1gy\u00e1sokat. A tervezettn\u00e9l tov\u00e1bb d\u00edsz\u00edtett\u00e9k a V\u00e1rkonyi t\u00e9ri Zagyvah\u00edd kandel\u00e1bereit a m\u00e1jus 25. -\u00e9n kihelyezett musk\u00e1tlik, melyek elt\u00e1vol\u00edt\u00e1sa v\u00e9g\u00fcl szerd\u00e1n t\u00f6rt\u00e9nt meg. Az id\u0151j\u00e1r\u00e1s\u00e1ll\u00f3 d\u00edszn\u00f6v\u00e9nyek [&hellip;]<\/p>\n","protected":false},"author":2,"featured_media":0,"comment_status":"closed","ping_status":"closed","sticky":false,"template":"","format":"standard","meta":[],"categories":[16],"tags":[],"_links":{"self":[{"href":"http:\/\/archiv.szolnoktv.hu\/index.php?rest_route=\/wp\/v2\/posts\/16281"}],"collection":[{"href":"http:\/\/archiv.szolnoktv.hu\/index.php?rest_route=\/wp\/v2\/posts"}],"about":[{"href":"http:\/\/archiv.szolnoktv.hu\/index.php?rest_route=\/wp\/v2\/types\/post"}],"author":[{"embeddable":true,"href":"http:\/\/archiv.szolnoktv.hu\/index.php?rest_route=\/wp\/v2\/users\/2"}],"replies":[{"embeddable":true,"href":"http:\/\/archiv.szolnoktv.hu\/index.php?rest_route=%2Fwp%2Fv2%2Fcomments&post=16281"}],"version-history":[{"count":1,"href":"http:\/\/archiv.szolnoktv.hu\/index.php?rest_route=\/wp\/v2\/posts\/16281\/revisions"}],"predecessor-version":[{"id":16300,"href":"http:\/\/archiv.szolnoktv.hu\/index.php?rest_route=\/wp\/v2\/posts\/16281\/revisions\/16300"}],"wp:attachment":[{"href":"http:\/\/archiv.szolnoktv.hu\/index.php?rest_route=%2Fwp%2Fv2%2Fmedia&parent=16281"}],"wp:term":[{"taxonomy":"category","embeddable":true,"href":"http:\/\/archiv.szolnoktv.hu\/index.php?rest_route=%2Fwp%2Fv2%2Fcategories&post=16281"},{"taxonomy":"post_tag","embeddable":true,"href":"http:\/\/archiv.szolnoktv.hu\/index.php?rest_route=%2Fwp%2Fv2%2Ftags&post=16281"}],"curies":[{"name":"wp","href":"https:\/\/api.w.org\/{rel}","templated":true}]}}