{"id":16280,"date":"2016-11-02T16:02:41","date_gmt":"2016-11-02T16:02:41","guid":{"rendered":"http:\/\/archiv.szolnoktv.hu\/?p=16280"},"modified":"2021-08-26T09:20:46","modified_gmt":"2021-08-26T09:20:46","slug":"hajlektalanok-teli-ellatas","status":"publish","type":"post","link":"http:\/\/archiv.szolnoktv.hu\/?p=16280","title":{"rendered":"Hajl\u00e9ktalanok t\u00e9li ell\u00e1t\u00e1s"},"content":{"rendered":"<div class='booster-block booster-read-block'><\/div><p>November 1-j\u00e9vel megkezd\u0151d\u00f6tt a hajl\u00e9ktalanok t\u00e9li ell\u00e1t\u00e1sa. Id\u00e9n mintegy 1500 f\u00e9r\u0151hellyel n\u0151tt az orsz\u00e1gban a hajl\u00e9ktalansz\u00e1ll\u00f3k befogad\u00f3k\u00e9pess\u00e9ge. A kr\u00edzis id\u0151szakra Szolnokon 12 hellyel b\u0151v\u00edtett\u00e9k a T\u00f3szegi \u00fati hajl\u00e9ktalansz\u00e1ll\u00f3t. <\/p>\n<p>Az \u00e9jjeli mened\u00e9kotthon szob\u00e1i m\u00e1r most megteltek, azonban a kr\u00edzis sz\u00e1ll\u00f3 matracait eddig m\u00e9g nem sokan vett\u00e9k ig\u00e9nybe. T\u00f6bben pedig egyel\u0151re csak a Prizma \u00fati nappali meleged\u0151be t\u00e9rnek be. <br \/><BR><BR><br \/>Szolnokon a T\u00f3szegi \u00faton tal\u00e1lhat\u00f3 a hajl\u00e9ktalanok \u00e9jjeli mened\u00e9k helye, ott 27 f\u00e9r\u0151hely\u00fcnk van, illetve az \u00e1tmeneti sz\u00e1ll\u00f3n 23 f\u00e9r\u0151helyet tudunk biztos\u00edtani. November 1-t\u0151l a kr\u00edzis id\u0151szakba a f\u00e9r\u0151helyet plusz 12 f\u00e9r\u0151hellyel tudjuk b\u0151v\u00edteni.- t\u00e1j\u00e9koztatott Gajdos T\u00edmea a HSZK \u00c1tmeneti Int\u00e9zm\u00e9nyek vezet\u0151je<br \/><BR><BR><br \/>A kr\u00edzis id\u0151szakban a Hum\u00e1n Szolg\u00e1ltat\u00f3 K\u00f6zpont munk\u00e1sai fokozottabban vannak jelen az utc\u00e1kon is. A hideg h\u00f3napokban sokan m\u00e9g mindig csak az \u00e9teladom\u00e1nyt fogadj\u00e1k el, amit ebben az \u00e9vben heti k\u00e9tszer osztanak az utc\u00e1n \u00e9l\u0151knek. Azonban akadnak olyan hajl\u00e9ktalanok is, akik a szoci\u00e1lis munk\u00e1sok miatt v\u00e1lasztj\u00e1k nappali meleged\u0151t, \u00e1tmeneti vagy kr\u00edzis sz\u00e1ll\u00f3t.<br \/><BR><BR><br \/> K\u00e9t \u00e9ve j\u00f6ttem ide. Utc\u00e1n kint \u00e9ltem \u00e9s j\u00f6ttek ilyen utcai segeg\u00edt\u0151k, akik befogadtak. Jelenleg hajl\u00e9ktalan sz\u00e1ll\u00f3n vagyok, \u00e1tmeneti hajl\u00e9ktalan sz\u00e1ll\u00f3n.- mondta M\u00e1ga Csaba <br \/><BR><BR><br \/>A kr\u00edzissz\u00e1ll\u00f3 szob\u00e1i az eddigi tapasztalatok alapj\u00e1n november k\u00f6zep\u00e9t\u0151l v\u00e1rhat\u00f3an megtelnek. De a Hum\u00e1n Szolg\u00e1ltat\u00f3 K\u00f6zpont m\u00e9g telt h\u00e1z eset\u00e9n is igyekszik minden hajl\u00e9ktalannak \u00e9jjeli mened\u00e9ket biztos\u00edtani.<br \/>\n<div style=\"width: 640px;\" class=\"wp-video\"><!--[if lt IE 9]><script>document.createElement('video');<\/script><![endif]-->\n<video class=\"wp-video-shortcode\" id=\"video-16280-1\" width=\"640\" height=\"360\" preload=\"metadata\" controls=\"controls\"><source type=\"video\/mp4\" src=\"\/spots\/hir\/hir_161102_05.mp4?_=1\" \/><a href=\"\/spots\/hir\/hir_161102_05.mp4\">\/spots\/hir\/hir_161102_05.mp4<\/a><\/video><\/div><\/p>\n","protected":false},"excerpt":{"rendered":"<p>November 1-j\u00e9vel megkezd\u0151d\u00f6tt a hajl\u00e9ktalanok t\u00e9li ell\u00e1t\u00e1sa. Id\u00e9n mintegy 1500 f\u00e9r\u0151hellyel n\u0151tt az orsz\u00e1gban a hajl\u00e9ktalansz\u00e1ll\u00f3k befogad\u00f3k\u00e9pess\u00e9ge. A kr\u00edzis id\u0151szakra Szolnokon 12 hellyel b\u0151v\u00edtett\u00e9k a T\u00f3szegi \u00fati hajl\u00e9ktalansz\u00e1ll\u00f3t. Az \u00e9jjeli mened\u00e9kotthon szob\u00e1i m\u00e1r most megteltek, azonban a kr\u00edzis sz\u00e1ll\u00f3 matracait eddig m\u00e9g nem sokan vett\u00e9k ig\u00e9nybe. T\u00f6bben pedig egyel\u0151re csak a Prizma \u00fati nappali meleged\u0151be [&hellip;]<\/p>\n","protected":false},"author":2,"featured_media":0,"comment_status":"closed","ping_status":"closed","sticky":false,"template":"","format":"standard","meta":[],"categories":[16],"tags":[],"_links":{"self":[{"href":"http:\/\/archiv.szolnoktv.hu\/index.php?rest_route=\/wp\/v2\/posts\/16280"}],"collection":[{"href":"http:\/\/archiv.szolnoktv.hu\/index.php?rest_route=\/wp\/v2\/posts"}],"about":[{"href":"http:\/\/archiv.szolnoktv.hu\/index.php?rest_route=\/wp\/v2\/types\/post"}],"author":[{"embeddable":true,"href":"http:\/\/archiv.szolnoktv.hu\/index.php?rest_route=\/wp\/v2\/users\/2"}],"replies":[{"embeddable":true,"href":"http:\/\/archiv.szolnoktv.hu\/index.php?rest_route=%2Fwp%2Fv2%2Fcomments&post=16280"}],"version-history":[{"count":1,"href":"http:\/\/archiv.szolnoktv.hu\/index.php?rest_route=\/wp\/v2\/posts\/16280\/revisions"}],"predecessor-version":[{"id":16301,"href":"http:\/\/archiv.szolnoktv.hu\/index.php?rest_route=\/wp\/v2\/posts\/16280\/revisions\/16301"}],"wp:attachment":[{"href":"http:\/\/archiv.szolnoktv.hu\/index.php?rest_route=%2Fwp%2Fv2%2Fmedia&parent=16280"}],"wp:term":[{"taxonomy":"category","embeddable":true,"href":"http:\/\/archiv.szolnoktv.hu\/index.php?rest_route=%2Fwp%2Fv2%2Fcategories&post=16280"},{"taxonomy":"post_tag","embeddable":true,"href":"http:\/\/archiv.szolnoktv.hu\/index.php?rest_route=%2Fwp%2Fv2%2Ftags&post=16280"}],"curies":[{"name":"wp","href":"https:\/\/api.w.org\/{rel}","templated":true}]}}