{"id":16279,"date":"2016-11-02T15:59:13","date_gmt":"2016-11-02T15:59:13","guid":{"rendered":"http:\/\/archiv.szolnoktv.hu\/?p=16279"},"modified":"2021-08-26T09:20:46","modified_gmt":"2021-08-26T09:20:46","slug":"udv-neked-ifjusag-rajzpalyazat","status":"publish","type":"post","link":"http:\/\/archiv.szolnoktv.hu\/?p=16279","title":{"rendered":"\u00dcdv n\u00e9ked ifj\u00fas\u00e1g rajzp\u00e1ly\u00e1zat <br>"},"content":{"rendered":"<div class='booster-block booster-read-block'><\/div><p>Kihirdett\u00e9k az \u201e\u00dcdv n\u00e9ked ifj\u00fas\u00e1g\u201e c\u00edm\u0171 rajzp\u00e1ly\u00e1zat nyerteseit. A Szolnoki M\u0171v\u00e9szeti Egyes\u00fclet \u00e9s a Szolnoki M\u0171v\u00e9sztelep felh\u00edv\u00e1s\u00e1ra t\u00f6bb mint t\u00edz iskol\u00e1b\u00f3l mintegy 160 alkot\u00e1s \u00e9rkezett. A rajzp\u00e1ly\u00e1zat c\u00e9lja az volt, hogy a gyerekek a m\u0171v\u00e9szet eszk\u00f6zeivel fejezhess\u00e9k ki gondolataikat \u00e9s \u00e9rz\u00e9seiket az 1956-os forradalomr\u00f3l \u00e9s szabads\u00e1gharcr\u00f3l.<\/p>\n<p>\u201eMagyarorsz\u00e1g egy szabad orsz\u00e1g\u201e<br \/><BR><BR><br \/>Ezekkel a szavakkal nyitotta meg Falusi Vajk Zsolt az \u201e\u00dcdv n\u00e9ked ifj\u00fas\u00e1g\u201e c\u00edm\u0171 rajzp\u00e1ly\u00e1zat  ki\u00e1ll\u00edt\u00e1s\u00e1t \u00e9s eredm\u00e9nyhirdet\u00e9s\u00e9t.  A v\u00e1ros Oktat\u00e1si, Kultur\u00e1lis \u00e9s Ifj\u00fas\u00e1gi Bizotts\u00e1g\u00e1nak eln\u00f6ke hangs\u00falyozta: a  Szolnoki M\u0171v\u00e9szeti Egyes\u00fclettel \u00e9s a Szolnoki M\u0171v\u00e9szteleppel k\u00f6z\u00f6sen vet\u0151d\u00f6tt fel a rajzp\u00e1ly\u00e1zat gondolata. A gyerekeket is szerett\u00e9k volna bevonni az 1956-os forradalom \u00e9s szabads\u00e1gharc hatvanadik \u00e9vfordul\u00f3j\u00e1nak m\u00e9lt\u00f3 meg\u00fcnnepl\u00e9s\u00e9be. A p\u00e1ly\u00e1zatra a v\u00e1rakoz\u00e1sn\u00e1l is t\u00f6bb p\u00e1lyam\u0171 \u00e9rkezett. <br \/><BR><BR><br \/>Kifejezetten el\u00e9gedettek vagyunk, t\u00f6bb mint t\u00edz iskol\u00e1b\u00f3l t\u00f6bb mint 160 munk\u00e1ja \u00e9rkezett. Nagyon neh\u00e9z volt d\u00edjakat kiosztani, \u00e9rt\u00e9kelni a munk\u00e1kat.  &#8211; mondta Verebes Gy\u00f6rgy, a Szolnoki M\u0171v\u00e9sztelep vezet\u0151je. <br \/><BR><BR><br \/>Verebes Gy\u00f6rgy hozz\u00e1tette: meglep\u0151d\u00f6tt mennyit tudnak a gyerekek az 56-os esem\u00e9nyekr\u0151l \u00e9s mennyire b\u00e1tran meg is jelen\u00edtett\u00e9k azt. A munk\u00e1kat h\u00e1rom kateg\u00f3ri\u00e1ban \u00e9rt\u00e9kelte a zs\u0171ri. A k\u00f6z\u00e9piskol\u00e1sok k\u00f6z\u00fcl ezt az  alkot\u00e1st \u00edt\u00e9lt\u00e9k a legjobbnak. K\u00e9sz\u00edt\u0151je az interneten bukkant r\u00e1 a fot\u00f3ra, amib\u0151l k\u00e9s\u0151bb a k\u00e9p k\u00e9sz\u00fclt. <br \/><BR><BR><br \/>Nagyon megfogott ez a k\u00e9p, mert pont a neten l\u00e1ttam, hogy a h\u00f6lgy szak\u00e1cs volt \u00e9s 15 \u00e9ves. \u00c9s miut\u00e1n k\u00e9sz\u00fclt a k\u00e9p meg is halt, engem nagyon megfogott hogy ilyen kitart\u00f3 ilyen fiatalon \u00e9s mindent megtesz a haz\u00e1j\u00e1\u00e9rt. &#8211; mondta Bal\u00e1zs Kov\u00e1cs Vanessza. <br \/>A fels\u0151 tagozatosok verseny\u00e9ben Sebesty\u00e9n Vir\u00e1gm\u00e1sodik lett.   Ugyan m\u00e9g nem sokat tud \u00e9s tanult  56-r\u00f3l, de ahogyan mondta: ann\u00e1l jobban \u00e9rdekli ez a t\u00e9ma. <br \/>A szolnoki iskol\u00e1sok alkot\u00e1sai p\u00e9ntekig megtekinthet\u0151k az Aba-Nov\u00e1k Ag\u00f3ra Kultur\u00e1lis K\u00f6zpont multiter\u00e9ben.<br \/>\n<div style=\"width: 640px;\" class=\"wp-video\"><!--[if lt IE 9]><script>document.createElement('video');<\/script><![endif]-->\n<video class=\"wp-video-shortcode\" id=\"video-16279-1\" width=\"640\" height=\"360\" preload=\"metadata\" controls=\"controls\"><source type=\"video\/mp4\" src=\"\/spots\/hir\/hir_161102_04.mp4?_=1\" \/><a href=\"\/spots\/hir\/hir_161102_04.mp4\">\/spots\/hir\/hir_161102_04.mp4<\/a><\/video><\/div><\/p>\n","protected":false},"excerpt":{"rendered":"<p>Kihirdett\u00e9k az \u201e\u00dcdv n\u00e9ked ifj\u00fas\u00e1g\u201e c\u00edm\u0171 rajzp\u00e1ly\u00e1zat nyerteseit. A Szolnoki M\u0171v\u00e9szeti Egyes\u00fclet \u00e9s a Szolnoki M\u0171v\u00e9sztelep felh\u00edv\u00e1s\u00e1ra t\u00f6bb mint t\u00edz iskol\u00e1b\u00f3l mintegy 160 alkot\u00e1s \u00e9rkezett. A rajzp\u00e1ly\u00e1zat c\u00e9lja az volt, hogy a gyerekek a m\u0171v\u00e9szet eszk\u00f6zeivel fejezhess\u00e9k ki gondolataikat \u00e9s \u00e9rz\u00e9seiket az 1956-os forradalomr\u00f3l \u00e9s szabads\u00e1gharcr\u00f3l. \u201eMagyarorsz\u00e1g egy szabad orsz\u00e1g\u201eEzekkel a szavakkal nyitotta meg Falusi [&hellip;]<\/p>\n","protected":false},"author":2,"featured_media":0,"comment_status":"closed","ping_status":"closed","sticky":false,"template":"","format":"standard","meta":[],"categories":[16],"tags":[],"_links":{"self":[{"href":"http:\/\/archiv.szolnoktv.hu\/index.php?rest_route=\/wp\/v2\/posts\/16279"}],"collection":[{"href":"http:\/\/archiv.szolnoktv.hu\/index.php?rest_route=\/wp\/v2\/posts"}],"about":[{"href":"http:\/\/archiv.szolnoktv.hu\/index.php?rest_route=\/wp\/v2\/types\/post"}],"author":[{"embeddable":true,"href":"http:\/\/archiv.szolnoktv.hu\/index.php?rest_route=\/wp\/v2\/users\/2"}],"replies":[{"embeddable":true,"href":"http:\/\/archiv.szolnoktv.hu\/index.php?rest_route=%2Fwp%2Fv2%2Fcomments&post=16279"}],"version-history":[{"count":1,"href":"http:\/\/archiv.szolnoktv.hu\/index.php?rest_route=\/wp\/v2\/posts\/16279\/revisions"}],"predecessor-version":[{"id":16302,"href":"http:\/\/archiv.szolnoktv.hu\/index.php?rest_route=\/wp\/v2\/posts\/16279\/revisions\/16302"}],"wp:attachment":[{"href":"http:\/\/archiv.szolnoktv.hu\/index.php?rest_route=%2Fwp%2Fv2%2Fmedia&parent=16279"}],"wp:term":[{"taxonomy":"category","embeddable":true,"href":"http:\/\/archiv.szolnoktv.hu\/index.php?rest_route=%2Fwp%2Fv2%2Fcategories&post=16279"},{"taxonomy":"post_tag","embeddable":true,"href":"http:\/\/archiv.szolnoktv.hu\/index.php?rest_route=%2Fwp%2Fv2%2Ftags&post=16279"}],"curies":[{"name":"wp","href":"https:\/\/api.w.org\/{rel}","templated":true}]}}