{"id":16277,"date":"2016-11-02T15:55:15","date_gmt":"2016-11-02T15:55:15","guid":{"rendered":"http:\/\/archiv.szolnoktv.hu\/?p=16277"},"modified":"2021-08-26T09:20:47","modified_gmt":"2021-08-26T09:20:47","slug":"cegledi-gyermekgyilkossag","status":"publish","type":"post","link":"http:\/\/archiv.szolnoktv.hu\/?p=16277","title":{"rendered":"Cegl\u00e9di gyermekgyilkoss\u00e1g<br>"},"content":{"rendered":"<div class='booster-block booster-read-block'><\/div><p>Megr\u00e1z\u00f3 t\u00f6rt\u00e9net k\u00f6vetkezik. Vas\u00e1rnapra virrad\u00f3ra egy cegl\u00e9di asszony agyonverte 1,5 \u00e9ves gyermek\u00e9t. Az any\u00e1t h\u00e9tf\u0151 este \u0151rizetbe vett\u00e9k, kedd hajnalban pedig a rend\u0151rs\u00e9g a kihallgat\u00e1s ut\u00e1n a 31 \u00e9ves n\u0151 ellen ember\u00f6l\u00e9s gyan\u00faj\u00e1val ind\u00edtott elj\u00e1r\u00e1st.<\/p>\n<p>Vas\u00e1rnapra virrad\u00f3ra egy cegl\u00e9di asszony agyonverte 1,5 \u00e9ves gyermek\u00e9t. Az any\u00e1t h\u00e9tf\u0151 este \u0151rizetbe vett\u00e9k, kedd hajnalban pedig a rend\u0151rs\u00e9g a kihallgat\u00e1s ut\u00e1n a 31 \u00e9ves n\u0151 ellen ember\u00f6l\u00e9s gyan\u00faj\u00e1val ind\u00edtott elj\u00e1r\u00e1st.<br \/><BR><BR><br \/>Tegnap d\u00e9lut\u00e1n m\u00e1r csak m\u00e9csesek eml\u00e9keztettek abban a cegl\u00e9di utc\u00e1ban t\u00f6rt\u00e9ntekre, ahol f\u00e9rj\u00e9vel k\u00f6z\u00f6s alb\u00e9rlet\u00fckben verte agyon 1,5 \u00e9ves gyermek\u00e9t vas\u00e1rnapra virrad\u00f3ra B. M\u00f3nika. A ment\u0151ket az \u00e9desanya riasztotta okt\u00f3ber 30-\u00e1n reggel eszm\u00e9letlen gyermek\u00e9hez. A helysz\u00ednre \u00e9rkez\u0151 ment\u0151k k\u00f6zel egy \u00f3r\u00e1n kereszt\u00fcl pr\u00f3b\u00e1lt\u00e1k \u00fajra\u00e9leszteni a kisgyermeket, de m\u00e1r nem lehetett megmenteni, a helysz\u00ednen elhunyt. A rend\u0151rs\u00e9g k\u00f6zigazgat\u00e1si elj\u00e1r\u00e1s\u00e1ban vizsg\u00e1lta az esetet, majd az igazs\u00e1g\u00fcgyi orvosszak\u00e9rt\u0151 meg\u00e1llap\u00edtotta, hogy a gyermek hal\u00e1l\u00e1t t\u00f6bb, a fej\u00e9re m\u00e9rt \u00fct\u00e9s okozta. A rend\u0151rs\u00e9g 2016. okt\u00f3ber 31-\u00e9n b\u00fcntet\u0151elj\u00e1r\u00e1st rendelt el ember\u00f6l\u00e9s b\u0171ntett elk\u00f6vet\u00e9s\u00e9nek megalapozott gyan\u00faja miatt a gyermek \u00e9desanyja, B. M\u00f3nika ellen. A k\u00e9t gyermeket nevel\u0151 csal\u00e1d mintegy 1 \u00e9ve k\u00f6lt\u00f6z\u00f6tt az utc\u00e1ba alb\u00e9rletbe. A szomsz\u00e9dok csendes nyugodt embereknek ismert\u00e9k \u0151ket. Az \u00e9desapa nem tart\u00f3zkodott a trag\u00e9dia idej\u00e9n otthon \u00e9ppen dolgozott. \u00d5 nem tudja elk\u00e9pzelni, hogy a feles\u00e9ge, aki jelenleg 3. gyermek\u00fckkel 7. h\u00f3napos terhes, sz\u00e1nd\u00e9kosan \u00f6lte volna meg a 1,5 \u00e9ves kisgyermeket. V\u00e9lem\u00e9nye szerint a probl\u00e9m\u00e1k hat\u00e1s\u00e1ra, v\u00e9letlen\u00fcl, hirtelen felindul\u00e1sb\u00f3l k\u00f6vette el tett\u00e9t. Tegnap hajnali kihallgat\u00e1s\u00e1n beismer\u0151 vallom\u00e1st tett a 31 \u00e9ves n\u0151, a nyomoz\u00f3knak azt mondta, hogy idegess\u00e9g\u00e9ben b\u00e1ntalmazta a gyermek\u00e9t.<br \/>\n<div style=\"width: 640px;\" class=\"wp-video\"><!--[if lt IE 9]><script>document.createElement('video');<\/script><![endif]-->\n<video class=\"wp-video-shortcode\" id=\"video-16277-1\" width=\"640\" height=\"360\" preload=\"metadata\" controls=\"controls\"><source type=\"video\/mp4\" src=\"\/spots\/hir\/hir_161102_02.mp4?_=1\" \/><a href=\"\/spots\/hir\/hir_161102_02.mp4\">\/spots\/hir\/hir_161102_02.mp4<\/a><\/video><\/div><\/p>\n","protected":false},"excerpt":{"rendered":"<p>Megr\u00e1z\u00f3 t\u00f6rt\u00e9net k\u00f6vetkezik. Vas\u00e1rnapra virrad\u00f3ra egy cegl\u00e9di asszony agyonverte 1,5 \u00e9ves gyermek\u00e9t. Az any\u00e1t h\u00e9tf\u0151 este \u0151rizetbe vett\u00e9k, kedd hajnalban pedig a rend\u0151rs\u00e9g a kihallgat\u00e1s ut\u00e1n a 31 \u00e9ves n\u0151 ellen ember\u00f6l\u00e9s gyan\u00faj\u00e1val ind\u00edtott elj\u00e1r\u00e1st. Vas\u00e1rnapra virrad\u00f3ra egy cegl\u00e9di asszony agyonverte 1,5 \u00e9ves gyermek\u00e9t. Az any\u00e1t h\u00e9tf\u0151 este \u0151rizetbe vett\u00e9k, kedd hajnalban pedig a rend\u0151rs\u00e9g [&hellip;]<\/p>\n","protected":false},"author":2,"featured_media":0,"comment_status":"closed","ping_status":"closed","sticky":false,"template":"","format":"standard","meta":[],"categories":[16],"tags":[],"_links":{"self":[{"href":"http:\/\/archiv.szolnoktv.hu\/index.php?rest_route=\/wp\/v2\/posts\/16277"}],"collection":[{"href":"http:\/\/archiv.szolnoktv.hu\/index.php?rest_route=\/wp\/v2\/posts"}],"about":[{"href":"http:\/\/archiv.szolnoktv.hu\/index.php?rest_route=\/wp\/v2\/types\/post"}],"author":[{"embeddable":true,"href":"http:\/\/archiv.szolnoktv.hu\/index.php?rest_route=\/wp\/v2\/users\/2"}],"replies":[{"embeddable":true,"href":"http:\/\/archiv.szolnoktv.hu\/index.php?rest_route=%2Fwp%2Fv2%2Fcomments&post=16277"}],"version-history":[{"count":1,"href":"http:\/\/archiv.szolnoktv.hu\/index.php?rest_route=\/wp\/v2\/posts\/16277\/revisions"}],"predecessor-version":[{"id":16304,"href":"http:\/\/archiv.szolnoktv.hu\/index.php?rest_route=\/wp\/v2\/posts\/16277\/revisions\/16304"}],"wp:attachment":[{"href":"http:\/\/archiv.szolnoktv.hu\/index.php?rest_route=%2Fwp%2Fv2%2Fmedia&parent=16277"}],"wp:term":[{"taxonomy":"category","embeddable":true,"href":"http:\/\/archiv.szolnoktv.hu\/index.php?rest_route=%2Fwp%2Fv2%2Fcategories&post=16277"},{"taxonomy":"post_tag","embeddable":true,"href":"http:\/\/archiv.szolnoktv.hu\/index.php?rest_route=%2Fwp%2Fv2%2Ftags&post=16277"}],"curies":[{"name":"wp","href":"https:\/\/api.w.org\/{rel}","templated":true}]}}