{"id":16276,"date":"2016-11-02T15:51:32","date_gmt":"2016-11-02T15:51:32","guid":{"rendered":"http:\/\/archiv.szolnoktv.hu\/?p=16276"},"modified":"2021-08-26T09:20:47","modified_gmt":"2021-08-26T09:20:47","slug":"60-ev-multan","status":"publish","type":"post","link":"http:\/\/archiv.szolnoktv.hu\/?p=16276","title":{"rendered":"60 \u00e9v m\u00falt\u00e1n"},"content":{"rendered":"<div class='booster-block booster-read-block'><\/div><p>Megsz\u00fcletett a v\u00e9geredm\u00e9ny. Kiosztott\u00e1k szombaton a &#8220;Hatvan \u00e9v m\u00falt\u00e1n&#8221;&#8221; c\u00edm\u0171 filmp\u00e1ly\u00e1zat d\u00edjait.  Az 1956- os forradalom \u00e9s szabads\u00e1gharcnak eml\u00e9ket \u00e1ll\u00edt\u00f3 alkot\u00e1sokban szemtan\u00fak mes\u00e9lnek arr\u00f3l mik\u00e9nt \u00e9lt\u00e9k meg a t\u00f6rt\u00e9nelmi napokat, milyen nyomot hagyott benn\u00fck, csal\u00e1djukban a megtorl\u00e1s.  &#8221;<\/p>\n<p>A barcsi Sz\u00e9ch\u00e9nyi Ferenc Gimn\u00e1zium di\u00e1kjainak k\u00fcl\u00f6nd\u00edjas kisj\u00e1t\u00e9kfilmje gener\u00e1ci\u00f3kat \u00e1t\u00edvel\u0151 csal\u00e1di eml\u00e9kekb\u0151l t\u00e1pl\u00e1lkozva eleven\u00edti meg 1956-ot.<br \/><BR><BR><br \/>&#8220;C\u00e9lunk volt az, hogy fiatalokat sz\u00f3l\u00edtsunk meg \u00e9s c\u00e9lunk volt az, hogy meg tudjuk azt, hogy hogyan viszonyulnak \u00f6tvenhathoz.&#8221;&#8221;- hangs\u00falyozta a p\u00e1ly\u00e1zat \u00f6tletgazd\u00e1ja Demeter Istv\u00e1n a Tisza Mozi Kft. \u00fcgyvezet\u0151je.<br \/><BR><BR><br \/>A nagylengyeli &#8220;&#8221;olajosok&#8221;&#8221; forradalma.., a sort\u00fczekben ellobbant lelkek&#8230;, az \u00edr\u00f3 ember felel\u0151ss\u00e9ge&#8230;- mind egy- egy apr\u00f3 de fontos szil\u00e1nk, amivel teljesebb lesz az \u00f6tvenhatr\u00f3l kialak\u00edtott k\u00e9p. <br \/><BR><BR><br \/>&#8220;&#8221;A mai 18- 20 \u00e9vesek vagy nem tudnak r\u00f3la, vagy nem tudnak eleget r\u00f3la, vagy nem \u00e9rdekli \u0151ket. Nagyon fontos lenne, hogy az eduk\u00e1ci\u00f3ban ez a dolog sokkal jobban megjelenjen, sokkal jobban k\u00e9pviselve legyen \u00e9s a mozg\u00f3k\u00e9p, az audiovizu\u00e1lis tartalom a legcsod\u00e1latosabb lehet\u0151s\u00e9g.&#8221;&#8221;-  emelte ki k\u00f6sz\u00f6nt\u0151j\u00e9ben K\u00e1rp\u00e1ti Gy\u00f6rgy filmkritikus, egyetemi tan\u00e1r.<br \/><BR><BR><br \/>A szolnoki filmfesztiv\u00e1l els\u0151 d\u00edj\u00e1t L\u00e1szl\u00f3 G\u00e1bornak \u00edt\u00e9lte a zs\u0171ri. A &#8220;&#8221;Nemzetidegenek&#8221;&#8221; c\u00edm\u0171 dokumentumfilm a sv\u00e1b kitelep\u00edtettek sz\u00edvbemarkol\u00f3 sors\u00e1r\u00f3l sz\u00f3l.<br \/><BR><BR><br \/> &#8220;&#8221;Ez a film Herhoff Gy\u00f6rgy \u00e9let\u00e9r\u0151l sz\u00f3l aki egy \u00f6tvenhatos m\u00e1rt\u00edr \u00e9s f\u00e9lig sv\u00e1b, f\u00e9lig magyar csal\u00e1db\u00f3l sz\u00e1rmazik \u00e9s a csal\u00e1dj\u00e1t kitelep\u00edtett\u00e9k \u00e9s ennek ellen\u00e9re meg tudott maradni magyarnak \u00e9s az \u00e9n csal\u00e1dommal is ugyan az a helyzet \u00e9s ez\u00e9rt egy szem\u00e9lyes k\u00f6t\u0151d\u00e9s van k\u00f6ztem \u00e9s a film f\u0151h\u0151se k\u00f6z\u00f6tt.&#8221;&#8221;- mondja a szerz\u0151.<br \/><BR><BR><br \/>A zs\u0171ri d\u00f6nt\u00e9se nyom\u00e1n a m\u00e1sodik d\u00edjat Siflis Zolt\u00e1n &#8220;&#8221;T\u00f6red\u00e9k &#8217;56&#8243;&#8221; c\u00edm\u0171 dokumentumfilmje kapta. A szabadkai rendez\u0151-operat\u0151r- forgat\u00f3k\u00f6nyv \u00edr\u00f3 a korabeli Jugoszl\u00e1vi\u00e1ba kalauzolja el a n\u00e9z\u0151t. Azt vizsg\u00e1lja, milyen hat\u00e1ssal voltak a magyarorsz\u00e1gi esem\u00e9nyek a hat\u00e1ron t\u00fali magyars\u00e1gra. A &#8220;&#8221;Hatvan \u00e9v m\u00falt\u00e1n&#8221;&#8221; filmp\u00e1ly\u00e1zatra be\u00e9rkezett alkot\u00e1sok a ki\u00edr\u00f3 rem\u00e9nyei szerint hamarosan a sz\u00e9les k\u00f6z\u00f6ns\u00e9g el\u00e9 ker\u00fclhetnek.  &#8221;<br \/>\n<div style=\"width: 640px;\" class=\"wp-video\"><!--[if lt IE 9]><script>document.createElement('video');<\/script><![endif]-->\n<video class=\"wp-video-shortcode\" id=\"video-16276-1\" width=\"640\" height=\"360\" preload=\"metadata\" controls=\"controls\"><source type=\"video\/mp4\" src=\"\/spots\/hir\/hir_161102_01.mp4?_=1\" \/><a href=\"\/spots\/hir\/hir_161102_01.mp4\">\/spots\/hir\/hir_161102_01.mp4<\/a><\/video><\/div><\/p>\n","protected":false},"excerpt":{"rendered":"<p>Megsz\u00fcletett a v\u00e9geredm\u00e9ny. Kiosztott\u00e1k szombaton a &#8220;Hatvan \u00e9v m\u00falt\u00e1n&#8221;&#8221; c\u00edm\u0171 filmp\u00e1ly\u00e1zat d\u00edjait. Az 1956- os forradalom \u00e9s szabads\u00e1gharcnak eml\u00e9ket \u00e1ll\u00edt\u00f3 alkot\u00e1sokban szemtan\u00fak mes\u00e9lnek arr\u00f3l mik\u00e9nt \u00e9lt\u00e9k meg a t\u00f6rt\u00e9nelmi napokat, milyen nyomot hagyott benn\u00fck, csal\u00e1djukban a megtorl\u00e1s. &#8221; A barcsi Sz\u00e9ch\u00e9nyi Ferenc Gimn\u00e1zium di\u00e1kjainak k\u00fcl\u00f6nd\u00edjas kisj\u00e1t\u00e9kfilmje gener\u00e1ci\u00f3kat \u00e1t\u00edvel\u0151 csal\u00e1di eml\u00e9kekb\u0151l t\u00e1pl\u00e1lkozva eleven\u00edti meg 1956-ot.&#8220;C\u00e9lunk volt [&hellip;]<\/p>\n","protected":false},"author":2,"featured_media":0,"comment_status":"closed","ping_status":"closed","sticky":false,"template":"","format":"standard","meta":[],"categories":[16],"tags":[],"_links":{"self":[{"href":"http:\/\/archiv.szolnoktv.hu\/index.php?rest_route=\/wp\/v2\/posts\/16276"}],"collection":[{"href":"http:\/\/archiv.szolnoktv.hu\/index.php?rest_route=\/wp\/v2\/posts"}],"about":[{"href":"http:\/\/archiv.szolnoktv.hu\/index.php?rest_route=\/wp\/v2\/types\/post"}],"author":[{"embeddable":true,"href":"http:\/\/archiv.szolnoktv.hu\/index.php?rest_route=\/wp\/v2\/users\/2"}],"replies":[{"embeddable":true,"href":"http:\/\/archiv.szolnoktv.hu\/index.php?rest_route=%2Fwp%2Fv2%2Fcomments&post=16276"}],"version-history":[{"count":1,"href":"http:\/\/archiv.szolnoktv.hu\/index.php?rest_route=\/wp\/v2\/posts\/16276\/revisions"}],"predecessor-version":[{"id":16305,"href":"http:\/\/archiv.szolnoktv.hu\/index.php?rest_route=\/wp\/v2\/posts\/16276\/revisions\/16305"}],"wp:attachment":[{"href":"http:\/\/archiv.szolnoktv.hu\/index.php?rest_route=%2Fwp%2Fv2%2Fmedia&parent=16276"}],"wp:term":[{"taxonomy":"category","embeddable":true,"href":"http:\/\/archiv.szolnoktv.hu\/index.php?rest_route=%2Fwp%2Fv2%2Fcategories&post=16276"},{"taxonomy":"post_tag","embeddable":true,"href":"http:\/\/archiv.szolnoktv.hu\/index.php?rest_route=%2Fwp%2Fv2%2Ftags&post=16276"}],"curies":[{"name":"wp","href":"https:\/\/api.w.org\/{rel}","templated":true}]}}