{"id":16164,"date":"2016-10-18T16:56:13","date_gmt":"2016-10-18T16:56:13","guid":{"rendered":"http:\/\/archiv.szolnoktv.hu\/?p=16164"},"modified":"2021-08-26T08:58:44","modified_gmt":"2021-08-26T08:58:44","slug":"szolnok-segit-andrea-csomagot-es-penzt-kapott","status":"publish","type":"post","link":"http:\/\/archiv.szolnoktv.hu\/?p=16164","title":{"rendered":"Szolnok Seg\u00edt-Andrea csomagot \u00e9s p\u00e9nzt kapott<br>"},"content":{"rendered":"<div class='booster-block booster-read-block'><\/div><p>A  Dominikot egyed\u00fcl nevel\u0151 fiatal nagymama seg\u00edts\u00e9g\u00e9re siettek a j\u00f3akar\u00f3k.<\/p>\n<p>A  Dominikot egyed\u00fcl nevel\u0151 fiatal nagymama seg\u00edts\u00e9g\u00e9re siettek a j\u00f3akar\u00f3k. <br \/> T\u00e9szta, olaj, m\u00fczli , liszt, \u00e9dess\u00e9g \u00e9s termel\u0151i m\u00e9z. Mindennek nagy haszn\u00e1t veszi a csal\u00e1d. <br \/><BR><BR><\/p>\n<p>-\u201eH\u00e1la istennek kaptunk h\u0171t\u0151t a Hajnal csal\u00e1dnak k\u00f6sz\u00f6nhet\u0151en, Dominik egy csoportt\u00e1rs\u00e1nak a sz\u00fclei aj\u00e1nlottak fel \u00e9s egy TV-t is a kis szob\u00e1ba, de ez a felaj\u00e1nl\u00f3 szeretne n\u00e9vtelen maradni. De k\u00f6sz\u00f6nj\u00fck sz\u00e9pen a felaj\u00e1nl\u00e1st.\u201e- mondta Kalm\u00e1r Andrea <br \/><BR><BR><br \/>Bence egy fiatal sportol\u00f3nak m\u00e1r seg\u00edtett a programban, most Dominik t\u00f6rt\u00e9nete ragadta meg. <br \/><BR><BR><\/p>\n<p>-\u201eEgy 5 \u00e9ves kisfi\u00far\u00f3l van sz\u00f3. \u00c9n egy gyermekv\u00e9delmi szervezetn\u00e9l dolgozok, ez\u00e9rt abszol\u00fat meghatott az \u0151 t\u00f6rt\u00e9nete \u00e9s nem el\u0151sz\u00f6r seg\u00edtek, de neki is nagyon sz\u00edvesen. \u00d6sszefogtunk \u00e9s egy nagyobb \u00e9lelmiszer adom\u00e1nnyal seg\u00edtett\u00fcnk. Nem ez az egyetlen, amivel seg\u00edtj\u00fck a csal\u00e1dot, ugyanis m\u00e1r egy kis\u00e1gyat is siker\u00fclt szerez\u00fcnk neki, az 2-3 h\u00e9ten bel\u00fcl ide fog \u00e9rkezni majd sz\u00e1m\u00e1ra\u201e- mondta el a felaj\u00e1nl\u00f3  Lengyel Bence. <br \/><BR><BR><br \/>Egy n\u00e9vtelen h\u00e1zasp\u00e1r is a csal\u00e1d seg\u00edts\u00e9g\u00e9re sietett. <br \/><BR><BR><\/p>\n<p>-\u201eEgy fiatal p\u00e1r felaj\u00e1nl\u00e1s\u00e1t hoztam el, ez kiz\u00e1r\u00f3lag Dominiknak k\u00fcldt\u00e9k, 5 ezer forintot aj\u00e1nlottak fel \u00e9s azt mond\u00e1k, hogy b\u00e1rmire k\u00f6ltheti, teh\u00e1t ha j\u00e1t\u00e9kot szeretne akkor ak\u00e1r arra is\u201e &#8211; mondta az \u00e1tad\u00e1skor Kiss Rita a  Szolnok Seg\u00edt Program koordin\u00e1tora. <br \/><BR><BR><br \/>Andre\u00e1t november 18-\u00e1n m\u0171tik \u00e9s b\u00e1r az orvosok azt \u00edg\u00e9rt\u00e9k gyorsan visszat\u00e9rhet alacsony j\u00f6vedelm\u0171 munk\u00e1j\u00e1hoz, a p\u00e1r hetes kies\u00e9sre mindenk\u00e9ppen tartal\u00e9kolni szeretne. Ez\u00e9rt b\u00e1rmilyen tov\u00e1bbi seg\u00edts\u00e9get sz\u00edvesen fogadnak. <br \/>\n<div style=\"width: 640px;\" class=\"wp-video\"><!--[if lt IE 9]><script>document.createElement('video');<\/script><![endif]-->\n<video class=\"wp-video-shortcode\" id=\"video-16164-1\" width=\"640\" height=\"360\" preload=\"metadata\" controls=\"controls\"><source type=\"video\/mp4\" src=\"\/spots\/hir\/hir_161018_03.mp4?_=1\" \/><a href=\"\/spots\/hir\/hir_161018_03.mp4\">\/spots\/hir\/hir_161018_03.mp4<\/a><\/video><\/div><\/p>\n","protected":false},"excerpt":{"rendered":"<p>A Dominikot egyed\u00fcl nevel\u0151 fiatal nagymama seg\u00edts\u00e9g\u00e9re siettek a j\u00f3akar\u00f3k. A Dominikot egyed\u00fcl nevel\u0151 fiatal nagymama seg\u00edts\u00e9g\u00e9re siettek a j\u00f3akar\u00f3k. T\u00e9szta, olaj, m\u00fczli , liszt, \u00e9dess\u00e9g \u00e9s termel\u0151i m\u00e9z. Mindennek nagy haszn\u00e1t veszi a csal\u00e1d. -\u201eH\u00e1la istennek kaptunk h\u0171t\u0151t a Hajnal csal\u00e1dnak k\u00f6sz\u00f6nhet\u0151en, Dominik egy csoportt\u00e1rs\u00e1nak a sz\u00fclei aj\u00e1nlottak fel \u00e9s egy TV-t is a [&hellip;]<\/p>\n","protected":false},"author":2,"featured_media":0,"comment_status":"closed","ping_status":"closed","sticky":false,"template":"","format":"standard","meta":[],"categories":[16],"tags":[],"_links":{"self":[{"href":"http:\/\/archiv.szolnoktv.hu\/index.php?rest_route=\/wp\/v2\/posts\/16164"}],"collection":[{"href":"http:\/\/archiv.szolnoktv.hu\/index.php?rest_route=\/wp\/v2\/posts"}],"about":[{"href":"http:\/\/archiv.szolnoktv.hu\/index.php?rest_route=\/wp\/v2\/types\/post"}],"author":[{"embeddable":true,"href":"http:\/\/archiv.szolnoktv.hu\/index.php?rest_route=\/wp\/v2\/users\/2"}],"replies":[{"embeddable":true,"href":"http:\/\/archiv.szolnoktv.hu\/index.php?rest_route=%2Fwp%2Fv2%2Fcomments&post=16164"}],"version-history":[{"count":1,"href":"http:\/\/archiv.szolnoktv.hu\/index.php?rest_route=\/wp\/v2\/posts\/16164\/revisions"}],"predecessor-version":[{"id":16175,"href":"http:\/\/archiv.szolnoktv.hu\/index.php?rest_route=\/wp\/v2\/posts\/16164\/revisions\/16175"}],"wp:attachment":[{"href":"http:\/\/archiv.szolnoktv.hu\/index.php?rest_route=%2Fwp%2Fv2%2Fmedia&parent=16164"}],"wp:term":[{"taxonomy":"category","embeddable":true,"href":"http:\/\/archiv.szolnoktv.hu\/index.php?rest_route=%2Fwp%2Fv2%2Fcategories&post=16164"},{"taxonomy":"post_tag","embeddable":true,"href":"http:\/\/archiv.szolnoktv.hu\/index.php?rest_route=%2Fwp%2Fv2%2Ftags&post=16164"}],"curies":[{"name":"wp","href":"https:\/\/api.w.org\/{rel}","templated":true}]}}