{"id":16163,"date":"2016-10-18T16:53:54","date_gmt":"2016-10-18T16:53:54","guid":{"rendered":"http:\/\/archiv.szolnoktv.hu\/?p=16163"},"modified":"2021-08-26T08:58:44","modified_gmt":"2021-08-26T08:58:44","slug":"megkezdodott-a-mezogazdasagi-tamogatasok-elolegfizetese","status":"publish","type":"post","link":"http:\/\/archiv.szolnoktv.hu\/?p=16163","title":{"rendered":"Megkezd\u0151d\u00f6tt a mez\u0151gazdas\u00e1gi t\u00e1mogat\u00e1sok el\u0151legfizet\u00e9se<br>"},"content":{"rendered":"<div class='booster-block booster-read-block'><\/div><p>P\u00e9nzhez jutnak a termel\u0151k \u00e9s a gazd\u00e1k. Id\u00e9n minden eddigin\u00e9l t\u00f6bb jogc\u00edmen fizeti ki a mez\u0151gazdas\u00e1gi t\u00e1mogat\u00e1sok el\u0151legeit a Mez\u0151gazdas\u00e1gi \u00e9s vid\u00e9kfejleszt\u00e9si hivatal. A teljes t\u00e1mogat\u00e1s mintegy 50-60 sz\u00e1zal\u00e9k\u00e1hoz jutnak \u00edgy hozz\u00e1 a termel\u0151k. A kifizet\u00e9sek szakaszosak \u00e9s november 30-ig a jogosultak mintegy 50%-a kapja meg a p\u00e9nz\u00e9t.<\/p>\n<p>P\u00e9nzhez jutnak a termel\u0151k \u00e9s a gazd\u00e1k. Id\u00e9n minden eddigin\u00e9l t\u00f6bb jogc\u00edmen fizeti ki a mez\u0151gazdas\u00e1gi t\u00e1mogat\u00e1sok el\u0151legeit a Mez\u0151gazdas\u00e1gi \u00e9s Vid\u00e9kfejleszt\u00e9si Hivatal. A teljes t\u00e1mogat\u00e1s mintegy 50-60 sz\u00e1zal\u00e9k\u00e1hoz jutnak \u00edgy hozz\u00e1 a termel\u0151k. A kifizet\u00e9sek szakaszosak \u00e9s november 30-ig a jogosultak mintegy 50%-a kapja meg a p\u00e9nz\u00e9t.<br \/><BR><BR><br \/>Tegnap T\u00e1pi\u00f3sz\u0151l\u0151s\u00f6n kezdte meg a Mez\u0151gazdas\u00e1gi \u00e9s Vid\u00e9kfejleszt\u00e9si Hivatal a 2016-os agr\u00e1rt\u00e1mogat\u00e1sok el\u0151legeinek kifizet\u00e9s\u00e9t. A k\u00f6zvetlen t\u00e1mogat\u00e1sra ebben az \u00e9vben  415 milli\u00e1rd forint \u00e1ll rendelkez\u00e9sre, illetve az \u00e1tmeneti nemzeti t\u00e1mogat\u00e1sok \u00f6sszege 26 milli\u00e1rd forint lesz. <br \/><BR><BR><br \/>\u201eA mai nap folyam\u00e1n hozz\u00e1vet\u0151legesen 60.000 gazd\u00e1lkod\u00f3 sz\u00e1m\u00e1ra juttatjuk el az alapt\u00e1mogat\u00e1s el\u0151leg\u00e9t, ez durv\u00e1n a teljes t\u00e1mogat\u00e1si k\u00f6r fel\u00e9t jelenti, hiszen 123 ezer k\u00e9relmez\u0151 jogosult az alapt\u00e1mogat\u00e1s ig\u00e9nybev\u00e9tel\u00e9re, \u00e9s a holnapi nappal ind\u00edtjuk el a z\u00f6ld\u00edt\u00e9si t\u00e1mogat\u00e1st, jelen \u00e1ll\u00e1s szerint 21.600 gazd\u00e1lkod\u00f3 sz\u00e1m\u00e1ra mintegy 4,3 milli\u00e1rd forint \u00e9rt\u00e9kben.\u201e  &#8211; mondta Dr. Gyuricza Csaba a  Mez\u0151gazdas\u00e1gi \u00e9s Vid\u00e9kfejleszt\u00e9si Hivatal eln\u00f6ke h\u00e9tf\u0151n T\u00e1pi\u00f3sz\u0151l\u0151s\u00f6n.<br \/><BR><BR><br \/>A t\u00f6bbi k\u00f6z\u00f6tt z\u00f6ld\u00edt\u00e9sre, a tejhaszn\u00fa teh\u00e9ntart\u00e1sra, h\u00edzottbirka- \u00e9s anyajuh tart\u00e1sra is kapnak k\u00f6zvetlen t\u00e1mogat\u00e1st a gazd\u00e1k, valamint az \u00e1tmeneti nemzeti t\u00e1mogat\u00e1sokb\u00f3l a tej\u00e1gazatot, a szarvasmarhatart\u00f3kat \u00e9s az juhteny\u00e9szt\u0151ket is seg\u00edtik. A tavalyi 8-t\u00f3l elt\u00e9r\u0151en id\u00e9n minden eddigin\u00e9l t\u00f6bb, \u00f6sszesen 11 jogc\u00edmen fizet el\u0151leget a Mez\u0151gazdas\u00e1gi \u00e9s Vid\u00e9kfejleszt\u00e9si Hivatal a gazd\u00e1knak. Az Eur\u00f3pai Uni\u00f3ban ez az eredm\u00e9ny a legt\u00f6bbnek sz\u00e1m\u00edt \u00e9s id\u00e9n \u00fajdons\u00e1g, hogy a fiatal gazd\u00e1k \u00e9s a kistermel\u0151i t\u00e1mogat\u00e1sra jogosultak is r\u00e9szes\u00fclnek az el\u0151rehozott kifizet\u00e9sekb\u0151l.  <br \/><BR><BR><br \/>\u201eAz alapt\u00e1mogat\u00e1son, valamint a z\u00f6ld\u00edt\u00e9sen t\u00fal el\u0151sz\u00f6r fizet\u00fcnk el\u0151leget a kistermel\u0151i \u00e1tal\u00e1ny-t\u00e1mogat\u00e1s jogc\u00edmre, illetve a k\u00f6zvetlen fiatal gazda t\u00e1mogat\u00e1si jogc\u00edmre \u00e9s nagyon fontosnak tartjuk a kor\u00e1bbi \u00e9vekhez hasonl\u00f3an, hogy az \u00e1llatteny\u00e9szt\u00e9si jogc\u00edmeket, ahol van,  k\u00f6zvetlen t\u00e1mogat\u00e1sra, azokra is fizet\u00fcnk el\u0151leget.\u201e &#8211; tette hozz\u00e1 Czerv\u00e1n Gy\u00f6rgy agr\u00e1rgazdas\u00e1g\u00e9rt felel\u0151s \u00e1llamtitk\u00e1r<br \/><BR><BR><br \/>November 30-ig \u00fctemezett form\u00e1ban a 123 ezer ig\u00e9nyl\u0151b\u0151l 60 ezer gazd\u00e1lkod\u00f3 kapja meg az alapt\u00e1mogat\u00e1st. Az el\u0151legeket t\u00f6bb r\u00e9szletben, jogc\u00edmenk\u00e9nt k\u00fcl\u00f6n utalva fizeti ki a hivatal. November 30-a ut\u00e1n pedig eg\u00e9szen j\u00f6v\u0151 \u00e9v k\u00f6zep\u00e9ig tartanak a kifizet\u00e9sek az ellen\u0151rz\u00e9sek f\u00fcggv\u00e9ny\u00e9ben.<br \/>\n<div style=\"width: 640px;\" class=\"wp-video\"><!--[if lt IE 9]><script>document.createElement('video');<\/script><![endif]-->\n<video class=\"wp-video-shortcode\" id=\"video-16163-1\" width=\"640\" height=\"360\" preload=\"metadata\" controls=\"controls\"><source type=\"video\/mp4\" src=\"\/spots\/hir\/hir_161018_02.mp4?_=1\" \/><a href=\"\/spots\/hir\/hir_161018_02.mp4\">\/spots\/hir\/hir_161018_02.mp4<\/a><\/video><\/div><\/p>\n","protected":false},"excerpt":{"rendered":"<p>P\u00e9nzhez jutnak a termel\u0151k \u00e9s a gazd\u00e1k. Id\u00e9n minden eddigin\u00e9l t\u00f6bb jogc\u00edmen fizeti ki a mez\u0151gazdas\u00e1gi t\u00e1mogat\u00e1sok el\u0151legeit a Mez\u0151gazdas\u00e1gi \u00e9s vid\u00e9kfejleszt\u00e9si hivatal. A teljes t\u00e1mogat\u00e1s mintegy 50-60 sz\u00e1zal\u00e9k\u00e1hoz jutnak \u00edgy hozz\u00e1 a termel\u0151k. A kifizet\u00e9sek szakaszosak \u00e9s november 30-ig a jogosultak mintegy 50%-a kapja meg a p\u00e9nz\u00e9t. P\u00e9nzhez jutnak a termel\u0151k \u00e9s a gazd\u00e1k. [&hellip;]<\/p>\n","protected":false},"author":2,"featured_media":0,"comment_status":"closed","ping_status":"closed","sticky":false,"template":"","format":"standard","meta":[],"categories":[16],"tags":[],"_links":{"self":[{"href":"http:\/\/archiv.szolnoktv.hu\/index.php?rest_route=\/wp\/v2\/posts\/16163"}],"collection":[{"href":"http:\/\/archiv.szolnoktv.hu\/index.php?rest_route=\/wp\/v2\/posts"}],"about":[{"href":"http:\/\/archiv.szolnoktv.hu\/index.php?rest_route=\/wp\/v2\/types\/post"}],"author":[{"embeddable":true,"href":"http:\/\/archiv.szolnoktv.hu\/index.php?rest_route=\/wp\/v2\/users\/2"}],"replies":[{"embeddable":true,"href":"http:\/\/archiv.szolnoktv.hu\/index.php?rest_route=%2Fwp%2Fv2%2Fcomments&post=16163"}],"version-history":[{"count":1,"href":"http:\/\/archiv.szolnoktv.hu\/index.php?rest_route=\/wp\/v2\/posts\/16163\/revisions"}],"predecessor-version":[{"id":16176,"href":"http:\/\/archiv.szolnoktv.hu\/index.php?rest_route=\/wp\/v2\/posts\/16163\/revisions\/16176"}],"wp:attachment":[{"href":"http:\/\/archiv.szolnoktv.hu\/index.php?rest_route=%2Fwp%2Fv2%2Fmedia&parent=16163"}],"wp:term":[{"taxonomy":"category","embeddable":true,"href":"http:\/\/archiv.szolnoktv.hu\/index.php?rest_route=%2Fwp%2Fv2%2Fcategories&post=16163"},{"taxonomy":"post_tag","embeddable":true,"href":"http:\/\/archiv.szolnoktv.hu\/index.php?rest_route=%2Fwp%2Fv2%2Ftags&post=16163"}],"curies":[{"name":"wp","href":"https:\/\/api.w.org\/{rel}","templated":true}]}}