{"id":16162,"date":"2016-10-18T16:51:49","date_gmt":"2016-10-18T16:51:49","guid":{"rendered":"http:\/\/archiv.szolnoktv.hu\/?p=16162"},"modified":"2021-08-26T08:58:44","modified_gmt":"2021-08-26T08:58:44","slug":"nyarfa-konferencia","status":"publish","type":"post","link":"http:\/\/archiv.szolnoktv.hu\/?p=16162","title":{"rendered":"Ny\u00e1rfa konferencia"},"content":{"rendered":"<div class='booster-block booster-read-block'><\/div><p>A t\u00e9rs\u00e9g\u00fcnkben is elterjedt nemes ny\u00e1r j\u00f6v\u0151j\u00e9r\u0151l egyeztettek ma Szolnokon az orsz\u00e1g erd\u0151gazd\u00e1lkod\u00f3i. Mint elhangzott, a munkahelyteremt\u0151, kiemelt hasznot hoz\u00f3 \u00e1gazat helyzete a rendszerv\u00e1lt\u00e1ssal egy id\u0151ben rend\u00fclt meg. Az \u00e9rintettek els\u0151sorban a t\u00falzottnak tartott term\u00e9szetv\u00e9delmi szempontok \u00e1tgondol\u00e1s\u00e1t s\u00fcrgetik.<\/p>\n<p>A t\u00e9rs\u00e9g\u00fcnkben is elterjedt nemes ny\u00e1r j\u00f6v\u0151j\u00e9r\u0151l egyeztettek ma Szolnokon az orsz\u00e1g erd\u0151gazd\u00e1lkod\u00f3i. Mint elhangzott, a munkahelyteremt\u0151, kiemelt hasznot hoz\u00f3 \u00e1gazat helyzete a rendszerv\u00e1lt\u00e1ssal egy id\u0151ben rend\u00fclt meg. Az \u00e9rintettek els\u0151sorban a t\u00falzottnak tartott term\u00e9szetv\u00e9delmi szempontok \u00e1tgondol\u00e1s\u00e1t s\u00fcrgetik.<br \/><BR><BR><br \/>Gyors n\u00f6veked\u00e9s, k\u00f6nny\u0171 megmunk\u00e1lhat\u00f3s\u00e1g \u00e9s ami m\u00e9g fontos- az ir\u00e1nta mutatkoz\u00f3 folyamatosan n\u00f6vekv\u0151 kereslet. A nemes ny\u00e1r a &#8220;kl\u00edmv\u00e1ltoz\u00e1s \u00e9lharcosa&#8221;&#8221;, hiszen f\u0171t\u0151\u00e9rt\u00e9ke kicsi, ez\u00e9rt nem a k\u00e9m\u00e9nyen \u00e1t t\u00e1vozik, hanem az ipar hasznos\u00edtja m\u00e9ghozz\u00e1 minden \u00edz\u00e9ben. Eur\u00f3pai viszonylatban Magyarorsz\u00e1gon az \u00e9lmez\u0151nyben van.<br \/><BR><BR><br \/>&#8220;&#8221;120 ezer hekt\u00e1rnyi nemes ny\u00e1rasunkkal Franciaorsz\u00e1got k\u00f6vetve a m\u00e1sodikak vagyunk Eur\u00f3p\u00e1ban. Megel\u0151zve p\u00e9ld\u00e1ul Olaszorsz\u00e1got \u00e9s N\u00e9metorsz\u00e1got.&#8221;&#8221;- mondta Ugron \u00c1kos G\u00e1bor \u00e1llami f\u00f6ldek\u00e9rt felel\u0151s helyettes \u00e1llamtitk\u00e1r<br \/><BR><BR><br \/>El\u0151ny\u00fcnk azonban j\u00f3val nagyobb is lehetne. A rendszerv\u00e1lt\u00e1st k\u00f6vet\u0151en ugyanis dr\u00e1mai m\u00f3don lecs\u00f6kkent a ny\u00e1rf\u00e1val be\u00fcltetett ter\u00fcletek ar\u00e1nya. V\u00e1ltoz\u00e1s k\u00f6vetkezett be a tulajdonviszonyok tekintet\u00e9ben is. <br \/><BR><BR><br \/>&#8220;&#8221;Mag\u00e1nerd\u0151k tulajdon\u00e1ban van 2\/3, \u00e1llami 1\/3 k\u00f6r\u00fclbel\u00fcl. Ugyan ez vonatkozik az \u00e9ves fakitermel\u00e9si volumenre is.&#8221;&#8221;- hangs\u00falyozta D\u00e9gi Zolt\u00e1n a NEFAG Zrt. vez\u00e9rigazgat\u00f3ja. <br \/><BR><BR><br \/>Luzsi J\u00f3zsef  a \u00c1rt\u00e9ri Erd\u0151birtokoss\u00e1gi T\u00e1rsulat eln\u00f6ke eml\u00e9keztetett arra, hogy az &#8220;&#8221;Az orsz\u00e1g \u00e9vi fakitermel\u00e9s\u00e9nek 15%- \u00e1t adja ez a fafaj \u00fagy, hogy t\u00e9rfoglal\u00e1sa 5- 5.5%. Elgondolkodtat\u00f3, hogy mennyi fa az ami \u00edgy a piacra ker\u00fcl \u00e9s gener\u00e1l tov\u00e1bbi  munkahelyeket.&#8221;&#8221;<br \/><BR><BR><br \/>Mind az \u00e1llami, mind a mag\u00e1n c\u00e9gek azt szeretn\u00e9k, ha a nemes ny\u00e1r telep\u00edt\u00e9st korl\u00e1toz\u00f3 term\u00e9szetv\u00e9delmi el\u0151\u00edr\u00e1sok enyh\u00fcln\u00e9nek. Ezzel szemben a kil\u00e1t\u00e1sok ma \u00e9ppen az ellenkez\u0151j\u00e9t vet\u00edtik el\u0151re- az \u0151shonos fafajok visszatelep\u00edt\u00e9se a gazdas\u00e1gi haszon visszaes\u00e9s\u00e9t sejtetik, ha nem siker\u00fcl id\u0151ben hathat\u00f3s l\u00e9p\u00e9seket tenni az \u00e1gazat \u00e9rdek\u00e9ben- hangzott el a konferenci\u00e1n.<br \/>      &#8221;<br \/>\n<div style=\"width: 640px;\" class=\"wp-video\"><!--[if lt IE 9]><script>document.createElement('video');<\/script><![endif]-->\n<video class=\"wp-video-shortcode\" id=\"video-16162-1\" width=\"640\" height=\"360\" preload=\"metadata\" controls=\"controls\"><source type=\"video\/mp4\" src=\"\/spots\/hir\/hir_161018_07.mp4?_=1\" \/><a href=\"\/spots\/hir\/hir_161018_07.mp4\">\/spots\/hir\/hir_161018_07.mp4<\/a><\/video><\/div><\/p>\n","protected":false},"excerpt":{"rendered":"<p>A t\u00e9rs\u00e9g\u00fcnkben is elterjedt nemes ny\u00e1r j\u00f6v\u0151j\u00e9r\u0151l egyeztettek ma Szolnokon az orsz\u00e1g erd\u0151gazd\u00e1lkod\u00f3i. Mint elhangzott, a munkahelyteremt\u0151, kiemelt hasznot hoz\u00f3 \u00e1gazat helyzete a rendszerv\u00e1lt\u00e1ssal egy id\u0151ben rend\u00fclt meg. Az \u00e9rintettek els\u0151sorban a t\u00falzottnak tartott term\u00e9szetv\u00e9delmi szempontok \u00e1tgondol\u00e1s\u00e1t s\u00fcrgetik. A t\u00e9rs\u00e9g\u00fcnkben is elterjedt nemes ny\u00e1r j\u00f6v\u0151j\u00e9r\u0151l egyeztettek ma Szolnokon az orsz\u00e1g erd\u0151gazd\u00e1lkod\u00f3i. Mint elhangzott, a munkahelyteremt\u0151, [&hellip;]<\/p>\n","protected":false},"author":2,"featured_media":0,"comment_status":"closed","ping_status":"closed","sticky":false,"template":"","format":"standard","meta":[],"categories":[16],"tags":[],"_links":{"self":[{"href":"http:\/\/archiv.szolnoktv.hu\/index.php?rest_route=\/wp\/v2\/posts\/16162"}],"collection":[{"href":"http:\/\/archiv.szolnoktv.hu\/index.php?rest_route=\/wp\/v2\/posts"}],"about":[{"href":"http:\/\/archiv.szolnoktv.hu\/index.php?rest_route=\/wp\/v2\/types\/post"}],"author":[{"embeddable":true,"href":"http:\/\/archiv.szolnoktv.hu\/index.php?rest_route=\/wp\/v2\/users\/2"}],"replies":[{"embeddable":true,"href":"http:\/\/archiv.szolnoktv.hu\/index.php?rest_route=%2Fwp%2Fv2%2Fcomments&post=16162"}],"version-history":[{"count":1,"href":"http:\/\/archiv.szolnoktv.hu\/index.php?rest_route=\/wp\/v2\/posts\/16162\/revisions"}],"predecessor-version":[{"id":16177,"href":"http:\/\/archiv.szolnoktv.hu\/index.php?rest_route=\/wp\/v2\/posts\/16162\/revisions\/16177"}],"wp:attachment":[{"href":"http:\/\/archiv.szolnoktv.hu\/index.php?rest_route=%2Fwp%2Fv2%2Fmedia&parent=16162"}],"wp:term":[{"taxonomy":"category","embeddable":true,"href":"http:\/\/archiv.szolnoktv.hu\/index.php?rest_route=%2Fwp%2Fv2%2Fcategories&post=16162"},{"taxonomy":"post_tag","embeddable":true,"href":"http:\/\/archiv.szolnoktv.hu\/index.php?rest_route=%2Fwp%2Fv2%2Ftags&post=16162"}],"curies":[{"name":"wp","href":"https:\/\/api.w.org\/{rel}","templated":true}]}}