{"id":16161,"date":"2016-10-17T18:19:53","date_gmt":"2016-10-17T18:19:53","guid":{"rendered":"http:\/\/archiv.szolnoktv.hu\/?p=16161"},"modified":"2021-08-26T08:58:45","modified_gmt":"2021-08-26T08:58:45","slug":"nemzetkozi-filmfesztival","status":"publish","type":"post","link":"http:\/\/archiv.szolnoktv.hu\/?p=16161","title":{"rendered":"Nemzetk\u00f6zi Filmfesztiv\u00e1l"},"content":{"rendered":"<div class='booster-block booster-read-block'><\/div><p>V\u00e9get \u00e9rt a Nemzetk\u00f6zi K\u00e9pz\u0151m\u0171v\u00e9szeti Filmfesztiv\u00e1l. A szombat esti d\u00edj\u00e1tad\u00f3n a legjobb alkot\u00e1sok mellet, k\u00e9t neves m\u0171v\u00e9sz t\u00f6bb \u00e9vtizedes munk\u00e1j\u00e1t \u00e9letm\u0171d\u00edjjal is \u00e9rt\u00e9kelt\u00e9k.<\/p>\n<p>V\u00e9get \u00e9rt a Nemzetk\u00f6zi K\u00e9pz\u0151m\u0171v\u00e9szeti Filmfesztiv\u00e1l. A szombat esti d\u00edj\u00e1tad\u00f3n a legjobb alkot\u00e1sok mellet, k\u00e9t neves m\u0171v\u00e9sz t\u00f6bb \u00e9vtizedes munk\u00e1j\u00e1t \u00e9letm\u0171d\u00edjjal is elismert\u00e9k. A neves filmmustr\u00e1t 1969 \u00f3ta rendezik meg Szolnokon. 5 nap alatt 831 nevezett alkot\u00e1sb\u00f3l 18 orsz\u00e1g k\u00e9pviselet\u00e9ben 61 filmet l\u00e1thatott a fesztiv\u00e1l k\u00f6z\u00f6ns\u00e9ge. Lajta G\u00e1bor, a zs\u0171ri eln\u00f6ke \u00e9rt\u00e9kel\u00e9s\u00e9t a film, mint fogalom k\u00fcl\u00f6n\u00f6s \u00e9rtelmez\u00e9s\u00e9vel kezdte : A film mozg\u00f3k\u00e9p, k\u00e9pfolyam, id\u0151be vetett, folyamatosan megsemmis\u00fcl\u0151 k\u00e9ptelen k\u00e9p. A filmben val\u00f3j\u00e1ban nincsenek k\u00e9pek. A film id\u0151, telik akkor is, ha nem n\u00e9z\u00fcnk oda.<\/p>\n<p>A zs\u0171ri 4 kateg\u00f3ri\u00e1ban hirdetett gy\u0151ztest, a legnagyobb elismer\u00e9s m\u00e9gis a szakm\u00e1ban t\u00f6bb \u00e9vtizede tev\u00e9kenyked\u0151 k\u00e9t szakembernek A L\u00e9gy c. anim\u00e1ci\u00f3s filmj\u00e9\u00e9rt Oscar d\u00edjat nyert Rofusz Ferenc Kossuth-d\u00edjas rajzfilmrendez\u0151nek, valamint Szemad\u00e1m Gy\u00f6rgy Munk\u00e1csy-d\u00edjas fest\u0151m\u0171v\u00e9sz, filmrendez\u0151nek j\u00e1rt. Mindketten \u00e9letm\u0171d\u00edjat vehettek \u00e1t.<br \/>Szemad\u00e1m Gy\u00f6rgy \u00edgy nyilatkozott a d\u00edj \u00e1tv\u00e9tele ut\u00e1n: az ember soha nem \u00e9r az \u00fat v\u00e9g\u00e9re, csak az hogy az \u00fat valahogy hitelesnek bizonyuljon, \u00e9n ezt nem tudom meg\u00edt\u00e9lni saj\u00e1t magamr\u00f3l. Ennek a d\u00edjnak nagyon \u00f6r\u00fcl\u00f6k, mert valahogy biztat\u00e1st ad, hogy folytassam! <\/p>\n<p>Rofusz Ferenc is \u00f6r\u00f6mmel fogadta, s \u00d5t is a j\u00f6v\u0151beni feladataira eml\u00e9keztette az elismer\u00e9s: Ez egy nagyon j\u00f3 \u00e9rz\u00e9s, nagyon nagy elismer\u00e9s, nagy megtiszteltet\u00e9s sz\u00e1momra, de megmondom \u0151szint\u00e9n a r\u00e9m\u00fclet ki\u00fclt rajtam r\u00f6gt\u00f6n, mert m\u00e9g rengeted dolgot szeretn\u00e9k csin\u00e1lni, \u00e9s ahogy \u00e9n visszaeml\u00e9kszem \u00e9letm\u0171d\u00edjakat a v\u00e9ge fel\u00e9 szoktak kapni az emberek, \u00e9s eg\u00e9sz megborzadtam. \u00c9n m\u00e1r lecsengek? V\u00e9ge van ennek a dolognak? K\u00f6zben k\u00e9t produkci\u00f3n is dolgozok, nekem m\u00e9g nagyon sok dolgom van! <br \/>A hagyom\u00e1nyokhoz h\u00edven, j\u00f6v\u0151re ism\u00e9t a tudom\u00e1nyos filmek fesztiv\u00e1lj\u00e1ra v\u00e1rj\u00e1k az alkot\u00e1sokat.<br \/>\n<div style=\"width: 640px;\" class=\"wp-video\"><!--[if lt IE 9]><script>document.createElement('video');<\/script><![endif]-->\n<video class=\"wp-video-shortcode\" id=\"video-16161-1\" width=\"640\" height=\"360\" preload=\"metadata\" controls=\"controls\"><source type=\"video\/mp4\" src=\"\/spots\/hir\/hir_161017_07.mp4?_=1\" \/><a href=\"\/spots\/hir\/hir_161017_07.mp4\">\/spots\/hir\/hir_161017_07.mp4<\/a><\/video><\/div><\/p>\n","protected":false},"excerpt":{"rendered":"<p>V\u00e9get \u00e9rt a Nemzetk\u00f6zi K\u00e9pz\u0151m\u0171v\u00e9szeti Filmfesztiv\u00e1l. A szombat esti d\u00edj\u00e1tad\u00f3n a legjobb alkot\u00e1sok mellet, k\u00e9t neves m\u0171v\u00e9sz t\u00f6bb \u00e9vtizedes munk\u00e1j\u00e1t \u00e9letm\u0171d\u00edjjal is \u00e9rt\u00e9kelt\u00e9k. V\u00e9get \u00e9rt a Nemzetk\u00f6zi K\u00e9pz\u0151m\u0171v\u00e9szeti Filmfesztiv\u00e1l. A szombat esti d\u00edj\u00e1tad\u00f3n a legjobb alkot\u00e1sok mellet, k\u00e9t neves m\u0171v\u00e9sz t\u00f6bb \u00e9vtizedes munk\u00e1j\u00e1t \u00e9letm\u0171d\u00edjjal is elismert\u00e9k. A neves filmmustr\u00e1t 1969 \u00f3ta rendezik meg Szolnokon. 5 [&hellip;]<\/p>\n","protected":false},"author":2,"featured_media":0,"comment_status":"closed","ping_status":"closed","sticky":false,"template":"","format":"standard","meta":[],"categories":[16],"tags":[],"_links":{"self":[{"href":"http:\/\/archiv.szolnoktv.hu\/index.php?rest_route=\/wp\/v2\/posts\/16161"}],"collection":[{"href":"http:\/\/archiv.szolnoktv.hu\/index.php?rest_route=\/wp\/v2\/posts"}],"about":[{"href":"http:\/\/archiv.szolnoktv.hu\/index.php?rest_route=\/wp\/v2\/types\/post"}],"author":[{"embeddable":true,"href":"http:\/\/archiv.szolnoktv.hu\/index.php?rest_route=\/wp\/v2\/users\/2"}],"replies":[{"embeddable":true,"href":"http:\/\/archiv.szolnoktv.hu\/index.php?rest_route=%2Fwp%2Fv2%2Fcomments&post=16161"}],"version-history":[{"count":1,"href":"http:\/\/archiv.szolnoktv.hu\/index.php?rest_route=\/wp\/v2\/posts\/16161\/revisions"}],"predecessor-version":[{"id":16178,"href":"http:\/\/archiv.szolnoktv.hu\/index.php?rest_route=\/wp\/v2\/posts\/16161\/revisions\/16178"}],"wp:attachment":[{"href":"http:\/\/archiv.szolnoktv.hu\/index.php?rest_route=%2Fwp%2Fv2%2Fmedia&parent=16161"}],"wp:term":[{"taxonomy":"category","embeddable":true,"href":"http:\/\/archiv.szolnoktv.hu\/index.php?rest_route=%2Fwp%2Fv2%2Fcategories&post=16161"},{"taxonomy":"post_tag","embeddable":true,"href":"http:\/\/archiv.szolnoktv.hu\/index.php?rest_route=%2Fwp%2Fv2%2Ftags&post=16161"}],"curies":[{"name":"wp","href":"https:\/\/api.w.org\/{rel}","templated":true}]}}