{"id":16160,"date":"2016-10-17T16:53:18","date_gmt":"2016-10-17T16:53:18","guid":{"rendered":"http:\/\/archiv.szolnoktv.hu\/?p=16160"},"modified":"2021-08-26T08:58:45","modified_gmt":"2021-08-26T08:58:45","slug":"magyar-festeszet-napja","status":"publish","type":"post","link":"http:\/\/archiv.szolnoktv.hu\/?p=16160","title":{"rendered":"Magyar Fest\u00e9szet napja"},"content":{"rendered":"<div class='booster-block booster-read-block'><\/div><p>Id\u00e9n 15. alkalommal rendezt\u00e9k meg a Magyar Fest\u00e9szet Napj\u00e1t. Szolnokon a n\u00e9gy helysz\u00ednen ny\u00edlt ki\u00e1ll\u00edt\u00e1son 140 m\u0171v\u00e9sz 170 alkot\u00e1sa volt l\u00e1that\u00f3.<\/p>\n<p>Id\u00e9n 15. alkalommal rendezt\u00e9k meg a Magyar fest\u00e9szet napj\u00e1t. Szolnokon a n\u00e9gy helysz\u00ednen ny\u00edlt ki\u00e1ll\u00edt\u00e1son 140 m\u0171v\u00e9sz 170 alkot\u00e1sa volt l\u00e1that\u00f3.<br \/><BR><BR><br \/>Minden \u00e9vben, Szent Luk\u00e1cs, a fest\u0151k \u00e9s orvosok v\u00e9d\u0151szentj\u00e9nek napja, k\u00f6r\u00e9 szervez\u0151dnek azok a ki\u00e1ll\u00edt\u00e1sok, ahov\u00e1 a kort\u00e1rs m\u0171v\u00e9szetet kedvel\u0151 nagyk\u00f6z\u00f6ns\u00e9get v\u00e1rj\u00e1k. Szolnokon egy kicsit elt\u00e9rve az orsz\u00e1gos rendezv\u00e9nyekt\u0151l, plasztik\u00e1kkal, grafik\u00e1kkal \u00e9s install\u00e1ci\u00f3kkal is tal\u00e1lkozhatnak a n\u00e9z\u0151k.<br \/><BR><BR><br \/>Mint Verebes Gy\u00f6rgy a M\u0171v\u00e9sztelep m\u0171v\u00e9szeti vezet\u0151je megjegyezte:<br \/>ez egy nagy \u00fcnnep a Szolnoki k\u00e9pz\u0151m\u0171v\u00e9szeti \u00e9let sz\u00e1m\u00e1ra, mert \u00e9vr\u0151l-\u00e9vre nagy sz\u00e1m\u00fa vend\u00e9g \u00e9rkezik az orsz\u00e1g minden t\u00e1j\u00e1r\u00f3l, legf\u0151k\u00e9ppen Budapestr\u0151l de ugyan\u00fagy Dun\u00e1nt\u00falr\u00f3l, Ny\u00edregyh\u00e1z\u00e1r\u00f3l, Csongr\u00e1dr\u00f3l, H\u00f3dmez\u0151v\u00e1s\u00e1rhelyr\u0151l, teh\u00e1t egy igazi a m\u0171v\u00e9szet jegy\u00e9ben elt\u00f6lt\u00f6tt k\u00f6z\u00f6ss\u00e9gi esem\u00e9nysorozatr\u00f3l van sz\u00f3. <br \/><BR><BR><br \/>Ezen a napon az \u00e9rdekl\u0151d\u0151k megtekinthett\u00e9k S\u00e1rk\u00f6zi Antal fest\u0151m\u0171v\u00e9sz munk\u00e1it a Kert Gal\u00e9ri\u00e1ban, N\u00e1das Alexandra k\u00e9pz\u0151m\u0171v\u00e9sz \u00e9s Nagy G\u00e1bor Munk\u00e1csy-d\u00edjas fest\u0151m\u0171v\u00e9sz alkot\u00e1sait a Szoboszlai Gal\u00e9ri\u00e1ban, \u00e9s a Bronz\u00f6nt\u0151 szimp\u00f3zium plasztik\u00e1it az Aba-Nov\u00e1k Ag\u00f3ra Kultur\u00e1lis K\u00f6zpont Gal\u00e9ri\u00e1j\u00e1ban.<br \/>Az \u00c1ldozat Szabads\u00e1ga c\u00edm\u0171 \u00fcnnep\u00e9lyes ki\u00e1ll\u00edt\u00e1s anyag\u00e1nak figurat\u00edv alkot\u00e1sai a 4. helysz\u00ednen a Szolnoki Gal\u00e9ri\u00e1ban ker\u00fcltek bemutat\u00e1sra. A hagyom\u00e1nyokhoz h\u00edven itt zajlott az \u00fcnnepi d\u00edj\u00e1tad\u00f3 is, ahol az \u00e9letm\u0171d\u00edjat 50 \u00e9v munk\u00e1ja ut\u00e1n Tenk L\u00e1szl\u00f3 fest\u0151m\u0171v\u00e9sz vehette \u00e1t. A Munk\u00e1csy-d\u00edjas m\u0171v\u00e9sz szer\u00e9nyen nyilatkozott d\u00edj\u00e1r\u00f3l.<br \/><BR><BR><br \/>A Munk\u00e1csy d\u00edjas fest\u0151m\u0171v\u00e9sz szer\u00e9nyen nyilatkozott d\u00edj\u00e1r\u00f3l: Nem lehet egy \u00e9letet \u00f6sszegezni, \u00e9s persze sz\u00e1m\u00edtani sem lehet ilyenre, hogy ezt megbecs\u00fclik, az ember azt teszi amit tennie kell az egy k\u00fcl\u00f6n szerencse, ha a k\u00f6rnyezet ezt \u00e9szreveszi \u00e9s \u0151k is becs\u00fclik amit tesz\u00fcnk. <br \/><BR><BR><br \/>A Magyar Fest\u00e9szet napi ki\u00e1ll\u00edt\u00e1sok k\u00f6z\u00fcl legtov\u00e1bb a Szolnoki Gal\u00e9ri\u00e1ban rendezett a t\u00e1rlat l\u00e1that\u00f3, ahol december 18-ig v\u00e1rj\u00e1k az \u00e9rdekl\u0151d\u0151ket.<br \/>\n<div style=\"width: 640px;\" class=\"wp-video\"><!--[if lt IE 9]><script>document.createElement('video');<\/script><![endif]-->\n<video class=\"wp-video-shortcode\" id=\"video-16160-1\" width=\"640\" height=\"360\" preload=\"metadata\" controls=\"controls\"><source type=\"video\/mp4\" src=\"\/spots\/hir\/hir_161017_06.mp4?_=1\" \/><a href=\"\/spots\/hir\/hir_161017_06.mp4\">\/spots\/hir\/hir_161017_06.mp4<\/a><\/video><\/div><\/p>\n","protected":false},"excerpt":{"rendered":"<p>Id\u00e9n 15. alkalommal rendezt\u00e9k meg a Magyar Fest\u00e9szet Napj\u00e1t. Szolnokon a n\u00e9gy helysz\u00ednen ny\u00edlt ki\u00e1ll\u00edt\u00e1son 140 m\u0171v\u00e9sz 170 alkot\u00e1sa volt l\u00e1that\u00f3. Id\u00e9n 15. alkalommal rendezt\u00e9k meg a Magyar fest\u00e9szet napj\u00e1t. Szolnokon a n\u00e9gy helysz\u00ednen ny\u00edlt ki\u00e1ll\u00edt\u00e1son 140 m\u0171v\u00e9sz 170 alkot\u00e1sa volt l\u00e1that\u00f3.Minden \u00e9vben, Szent Luk\u00e1cs, a fest\u0151k \u00e9s orvosok v\u00e9d\u0151szentj\u00e9nek napja, k\u00f6r\u00e9 szervez\u0151dnek azok a [&hellip;]<\/p>\n","protected":false},"author":2,"featured_media":0,"comment_status":"closed","ping_status":"closed","sticky":false,"template":"","format":"standard","meta":[],"categories":[16],"tags":[],"_links":{"self":[{"href":"http:\/\/archiv.szolnoktv.hu\/index.php?rest_route=\/wp\/v2\/posts\/16160"}],"collection":[{"href":"http:\/\/archiv.szolnoktv.hu\/index.php?rest_route=\/wp\/v2\/posts"}],"about":[{"href":"http:\/\/archiv.szolnoktv.hu\/index.php?rest_route=\/wp\/v2\/types\/post"}],"author":[{"embeddable":true,"href":"http:\/\/archiv.szolnoktv.hu\/index.php?rest_route=\/wp\/v2\/users\/2"}],"replies":[{"embeddable":true,"href":"http:\/\/archiv.szolnoktv.hu\/index.php?rest_route=%2Fwp%2Fv2%2Fcomments&post=16160"}],"version-history":[{"count":1,"href":"http:\/\/archiv.szolnoktv.hu\/index.php?rest_route=\/wp\/v2\/posts\/16160\/revisions"}],"predecessor-version":[{"id":16179,"href":"http:\/\/archiv.szolnoktv.hu\/index.php?rest_route=\/wp\/v2\/posts\/16160\/revisions\/16179"}],"wp:attachment":[{"href":"http:\/\/archiv.szolnoktv.hu\/index.php?rest_route=%2Fwp%2Fv2%2Fmedia&parent=16160"}],"wp:term":[{"taxonomy":"category","embeddable":true,"href":"http:\/\/archiv.szolnoktv.hu\/index.php?rest_route=%2Fwp%2Fv2%2Fcategories&post=16160"},{"taxonomy":"post_tag","embeddable":true,"href":"http:\/\/archiv.szolnoktv.hu\/index.php?rest_route=%2Fwp%2Fv2%2Ftags&post=16160"}],"curies":[{"name":"wp","href":"https:\/\/api.w.org\/{rel}","templated":true}]}}