{"id":16159,"date":"2016-10-17T16:51:11","date_gmt":"2016-10-17T16:51:11","guid":{"rendered":"http:\/\/archiv.szolnoktv.hu\/?p=16159"},"modified":"2021-08-26T08:58:45","modified_gmt":"2021-08-26T08:58:45","slug":"mszp-sajtaj-elmaradt-szemetszallitasi-szamlak","status":"publish","type":"post","link":"http:\/\/archiv.szolnoktv.hu\/?p=16159","title":{"rendered":"MSZP sajt\u00e1j &#8211; elmaradt szem\u00e9tsz\u00e1ll\u00edt\u00e1si sz\u00e1ml\u00e1k"},"content":{"rendered":"<div class='booster-block booster-read-block'><\/div><p>&#8220;D\u00f6bbenetes helyzet.&#8221;&#8221; -mondta Rad\u00f3cz Zolt\u00e1n. A szocialista \u00f6nkorm\u00e1nyzati k\u00e9pvisel\u0151 elfogadhatatlannak tartja, hogy f\u00e9l \u00e9ve, a hullad\u00e9kgazd\u00e1lkod\u00e1s \u00e1talak\u00edt\u00e1sa \u00f3ta az \u00fcgyfelek nem kaptak a szem\u00e9tsz\u00e1ll\u00edt\u00e1sr\u00f3l sz\u00e1ml\u00e1t. A politikus \u00fagy v\u00e9li: sokan lesznek, akik nem fogj\u00e1k tudni az \u00f6nhib\u00e1jukb\u00f3l elmaradt tartoz\u00e1st kifizetni. &#8221;<\/p>\n<p>\u00c1prilis elsej\u00e9n v\u00e1ltozott a hullad\u00e9kgazd\u00e1lkod\u00e1s rendszere. Att\u00f3l kezdve m\u00e1r nem a helyi szolg\u00e1ltat\u00f3knak, hanem a Nemzeti Hullad\u00e9kgazd\u00e1lkod\u00e1si Koordin\u00e1l\u00f3 \u00e9s Vagyonkezel\u0151 Zrt-nek a feladata a sz\u00e1ml\u00e1z\u00e1s. A c\u00e9g azonban erre k\u00e9ptelen -mondta Rad\u00f3cz Zolt\u00e1n szocialista \u00f6nkorm\u00e1nyzati k\u00e9pvisel\u0151- \u00edgy a mai napig egyetlen szem\u00e9tsz\u00e1ll\u00edt\u00e1si d\u00edjr\u00f3l sz\u00f3l\u00f3 sz\u00e1mla sem \u00e9rkezett a k\u00f6zszolg\u00e1ltat\u00e1s fogyaszt\u00f3ihoz. Az elm\u00falt id\u0151szakban a helyi c\u00e9gek k\u00f6z\u00fcl azok melyek v\u00e1llalt\u00e1k -\u00edgy az NHSZ Szolnok Kft. is- b\u00e9rszerz\u0151d\u00e9st k\u00f6t\u00f6ttek az \u00e1llami c\u00e9ggel. Mindez azt jelenti, hogy a k\u00f6zponti Zrt. nev\u00e9ben a helyi c\u00e9gek \u00e1ll\u00edtanak majd ki sz\u00e1ml\u00e1kat, \u00e1m a befizetett \u00f6sszeg a Koordin\u00e1l\u00f3 \u00e9s Vagyonkezel\u0151h\u00f6z jut. A p\u00e9nzt onnan osztj\u00e1k majd vissza a szolg\u00e1ltat\u00f3knak.<br \/><BR><BR><br \/>&#8220;Most kapj\u00e1k majd meg a lak\u00f3k az \u00e1prilis \u00f3ta elmaradt sz\u00e1ml\u00e1kat, ez ak\u00e1r t\u00f6bb t\u00edzezer forint is lehet lak\u00e1sonk\u00e9nt. k\u00e9pzelj\u00fck el, akinek 50-60-70 ezer forint  sz\u00e1mla j\u00f6n, hogy tudja kifizetni?&#8221;&#8221; -mondta Rad\u00f3cz Zolt\u00e1n szocialista \u00f6nkorm\u00e1nyzati k\u00e9pvisel\u0151.<br \/><BR><BR><br \/>Az NHSZ Szolnok Kft. felk\u00e9sz\u00fclt a sz\u00e1ml\u00e1k kibocs\u00e1jt\u00e1s\u00e1ra. N\u00e9h\u00e1ny egyeztet\u00e9st k\u00f6vet\u0151en elkezd\u0151dhet Szolnokon az NHKV \u00e1ltal ki nem k\u00fcld\u00f6tt sz\u00e1ml\u00e1k post\u00e1z\u00e1sa.<br \/><BR><BR><br \/>&#8220;&#8221;A lakoss\u00e1gi sz\u00e1ml\u00e1z\u00e1s negyed\u00e9ves ciklusokkal megy ki cs\u00fasztatott fizet\u00e9si hat\u00e1rid\u0151vel, gazd\u00e1lkod\u00f3 szervezetekn\u00e9l m\u00e9g utas\u00edt\u00e1st nem kaptunk, ott havi sz\u00e1ml\u00e1z\u00e1s volt, val\u00f3sz\u00edn\u0171 egy \u00f6sszegben fogj\u00e1k megkapni a sz\u00e1ml\u00e1kat.&#8221;&#8221; -mondta Lits L\u00e1szl\u00f3 az NHSZ Szolnok Kft. \u00dcgyvezet\u0151 igazgat\u00f3ja.<br \/><BR><BR><br \/>V\u00e1ltoz\u00e1s lesz -folytatta az \u00fcgyvezet\u0151 igazgat\u00f3- hogy az \u00faj rendszer jelenleg nem k\u00e9pes a csoportos beszed\u00e9sekre, \u00edgy mindenki csekken kapja majd meg a befizet\u00e9sre v\u00e1r\u00f3 \u00f6sszeget.<br \/> &#8221;<br \/>\n<div style=\"width: 640px;\" class=\"wp-video\"><!--[if lt IE 9]><script>document.createElement('video');<\/script><![endif]-->\n<video class=\"wp-video-shortcode\" id=\"video-16159-1\" width=\"640\" height=\"360\" preload=\"metadata\" controls=\"controls\"><source type=\"video\/mp4\" src=\"\/spots\/hir\/hir_161017_05.mp4?_=1\" \/><a href=\"\/spots\/hir\/hir_161017_05.mp4\">\/spots\/hir\/hir_161017_05.mp4<\/a><\/video><\/div><\/p>\n","protected":false},"excerpt":{"rendered":"<p>&#8220;D\u00f6bbenetes helyzet.&#8221;&#8221; -mondta Rad\u00f3cz Zolt\u00e1n. A szocialista \u00f6nkorm\u00e1nyzati k\u00e9pvisel\u0151 elfogadhatatlannak tartja, hogy f\u00e9l \u00e9ve, a hullad\u00e9kgazd\u00e1lkod\u00e1s \u00e1talak\u00edt\u00e1sa \u00f3ta az \u00fcgyfelek nem kaptak a szem\u00e9tsz\u00e1ll\u00edt\u00e1sr\u00f3l sz\u00e1ml\u00e1t. A politikus \u00fagy v\u00e9li: sokan lesznek, akik nem fogj\u00e1k tudni az \u00f6nhib\u00e1jukb\u00f3l elmaradt tartoz\u00e1st kifizetni. &#8221; \u00c1prilis elsej\u00e9n v\u00e1ltozott a hullad\u00e9kgazd\u00e1lkod\u00e1s rendszere. Att\u00f3l kezdve m\u00e1r nem a helyi szolg\u00e1ltat\u00f3knak, hanem [&hellip;]<\/p>\n","protected":false},"author":2,"featured_media":0,"comment_status":"closed","ping_status":"closed","sticky":false,"template":"","format":"standard","meta":[],"categories":[16],"tags":[],"_links":{"self":[{"href":"http:\/\/archiv.szolnoktv.hu\/index.php?rest_route=\/wp\/v2\/posts\/16159"}],"collection":[{"href":"http:\/\/archiv.szolnoktv.hu\/index.php?rest_route=\/wp\/v2\/posts"}],"about":[{"href":"http:\/\/archiv.szolnoktv.hu\/index.php?rest_route=\/wp\/v2\/types\/post"}],"author":[{"embeddable":true,"href":"http:\/\/archiv.szolnoktv.hu\/index.php?rest_route=\/wp\/v2\/users\/2"}],"replies":[{"embeddable":true,"href":"http:\/\/archiv.szolnoktv.hu\/index.php?rest_route=%2Fwp%2Fv2%2Fcomments&post=16159"}],"version-history":[{"count":1,"href":"http:\/\/archiv.szolnoktv.hu\/index.php?rest_route=\/wp\/v2\/posts\/16159\/revisions"}],"predecessor-version":[{"id":16180,"href":"http:\/\/archiv.szolnoktv.hu\/index.php?rest_route=\/wp\/v2\/posts\/16159\/revisions\/16180"}],"wp:attachment":[{"href":"http:\/\/archiv.szolnoktv.hu\/index.php?rest_route=%2Fwp%2Fv2%2Fmedia&parent=16159"}],"wp:term":[{"taxonomy":"category","embeddable":true,"href":"http:\/\/archiv.szolnoktv.hu\/index.php?rest_route=%2Fwp%2Fv2%2Fcategories&post=16159"},{"taxonomy":"post_tag","embeddable":true,"href":"http:\/\/archiv.szolnoktv.hu\/index.php?rest_route=%2Fwp%2Fv2%2Ftags&post=16159"}],"curies":[{"name":"wp","href":"https:\/\/api.w.org\/{rel}","templated":true}]}}