{"id":16158,"date":"2016-10-17T16:49:03","date_gmt":"2016-10-17T16:49:03","guid":{"rendered":"http:\/\/archiv.szolnoktv.hu\/?p=16158"},"modified":"2021-08-26T08:58:45","modified_gmt":"2021-08-26T08:58:45","slug":"csaladi-egeszsegnap-2","status":"publish","type":"post","link":"http:\/\/archiv.szolnoktv.hu\/?p=16158","title":{"rendered":"Csal\u00e1di Eg\u00e9szs\u00e9gnap"},"content":{"rendered":"<div class='booster-block booster-read-block'><\/div><p>Sz\u0171r\u00e9sek, eg\u00e9szs\u00e9ges \u00e9letm\u00f3d, \u00e9s sport. Ezt k\u00edn\u00e1lta a v\u00e1ros 5. Csal\u00e1di Eg\u00e9szs\u00e9gnapon, melyet a Het\u00e9nyi G\u00e9za K\u00f3rh\u00e1z \u00e9s Rendel\u0151int\u00e9zettel \u00e9s a M\u00c1V K\u00f3rh\u00e1z \u00e9s Rendel\u0151int\u00e9zettel k\u00f6z\u00f6sen egy\u00fcttm\u0171k\u00f6dve val\u00f3s\u00edtottak meg. A sz\u00edv \u00e9s \u00e9rrendszeri vizsg\u00e1latokon \u00e1tesettek harmad\u00e1n\u00e1l, a mozg\u00e1sszervi sz\u0171r\u00e9seken r\u00e9szt vev\u0151knek pedig t\u00f6bb mint a fel\u00e9n\u00e9l tal\u00e1ltak k\u00f3ros elv\u00e1ltoz\u00e1st.<\/p>\n<p>Sz\u00edv \u00e9s \u00e9rrendszeri sz\u0171r\u00e9seket is v\u00e9geztek a szakemberek vas\u00e1rnap a Tiszavir\u00e1g Ar\u00e9na b \u00e9p\u00fclet\u00e9ben. M\u00e1r d\u00e9lel\u0151tt sokan voltak. <br \/><BR><BR><br \/>\u201e-Az\u00e9rt j\u00e1rok el ellen\u0151rz\u00e9sre, meg az\u00e9rt j\u00f6ttem el ide, mert volt egy infarktusom, \u00e9s hogy megtartsam az eg\u00e9szs\u00e9gemet. 70 \u00e9ves vagyok, szeretn\u00e9k tov\u00e1bbra is eg\u00e9szs\u00e9gesebben \u00e9lni- mondta Fabrincius J\u00e1nosn\u00e9. <br \/><BR><BR><\/p>\n<p> Narr\u00e1ci\u00f3: A v\u00e9rnyom\u00e1s \u00e9s a v\u00e9rcukorszint m\u00e9r\u00e9sen t\u00fal hask\u00f6rfogatot \u00e9s testzs\u00edrsz\u00e1zal\u00e9kot is m\u00e9rtek. <br \/><BR><BR><br \/>-\u201e \u00c9nszerintem ebben a korban m\u00e1r musz\u00e1j ellen\u0151rizni legal\u00e1bb \u00e9vente a cukrot meg f\u00e9l\u00e9vente, \u00e9n ezt l\u00e1tom j\u00f3nak. H\u00e1t most is tal\u00e1ltunk oda\u00e1t a m\u00e1sik helyen, hogy l\u00fadtalpam lett. Nehezen tudtam menni sok\u00e1ig.  &#8211; mondta  Koll\u00e1th B\u00e9la.<br \/><BR><BR><br \/>L\u00e1t\u00e1s \u00e9s hall\u00e1svizsg\u00e1lat, csonts\u0171r\u0171s\u00e9g m\u00e9r\u00e9s \u00e9s b\u0151rgy\u00f3gy\u00e1szati sz\u0171r\u00e9s is v\u00e1rta az \u00e9rdekl\u0151d\u0151ket. <br \/> A Vakok \u00e9s Gyeng\u00e9nl\u00e1t\u00f3k JNSZMegyei Egyes\u00fclet\u00e9nek tagjai friss\u00edt\u0151 \u00e9s laz\u00edt\u00f3 talpmassz\u00e1zzsal v\u00e1rt\u00e1k a szolnokiakat. A csonts\u0171r\u0171s\u00e9g eredm\u00e9nyre is sokan k\u00edv\u00e1ncsiak voltak. <br \/><BR><BR><br \/> Kiss  B\u00e9la B\u00e1lint el\u00e9gedett volt az eredm\u00e9nnyel:-\u201eMost a hat\u00e1ron van, azt mondta a dr n\u0151. De rendszeresen j\u00e1rok a reuma keret\u00e9ben eg\u00e9sz test csonts\u0171r\u0171s\u00e9g vizsg\u00e1latra.\u201e <br \/><BR><BR><br \/> A sportcsarnokban pedig 10-t\u0151l  d\u00e9lut\u00e1n 4 \u00f3r\u00e1ig v\u00e1ltott\u00e1k egym\u00e1st a sportprogramok, \u00edgy mindenki megtal\u00e1lhatta a hozz\u00e1 legk\u00f6zelebb \u00e1ll\u00f3 mozg\u00e1sform\u00e1t.<br \/>  A gyerekeket ugr\u00e1l\u00f3v\u00e1r \u00e9s k\u00e9zm\u0171ves tev\u00e9kenys\u00e9gek, a feln\u0151tteket szem\u00e9lyis\u00e9gtesztek, rend\u0151rs\u00e9gi tot\u00f3, bemutat\u00f3k, tan\u00e1csad\u00e1sok v\u00e1rt\u00e1k. Az eg\u00e9sz napos t\u00f6bb helysz\u00ednen megval\u00f3sul\u00f3 forgatagon t\u00f6bb mint ezren vettek r\u00e9szt. Az ingyenes, egy helyre szervezett vizsg\u00e1latok sz\u00fcks\u00e9gess\u00e9g\u00e9t jelzi az is, hogy a  sz\u00edv \u00e9s \u00e9rrendszeri vizsg\u00e1latokon \u00e1tesettek harmad\u00e1n\u00e1l, a mozg\u00e1sszervi sz\u0171r\u00e9seken r\u00e9szt vev\u0151knek pedig t\u00f6bb mint a fel\u00e9n\u00e9l tal\u00e1ltak k\u00f3ros elv\u00e1ltoz\u00e1st. <br \/>\n<div style=\"width: 640px;\" class=\"wp-video\"><!--[if lt IE 9]><script>document.createElement('video');<\/script><![endif]-->\n<video class=\"wp-video-shortcode\" id=\"video-16158-1\" width=\"640\" height=\"360\" preload=\"metadata\" controls=\"controls\"><source type=\"video\/mp4\" src=\"\/spots\/hir\/hir_161017_03.mp4?_=1\" \/><a href=\"\/spots\/hir\/hir_161017_03.mp4\">\/spots\/hir\/hir_161017_03.mp4<\/a><\/video><\/div><\/p>\n","protected":false},"excerpt":{"rendered":"<p>Sz\u0171r\u00e9sek, eg\u00e9szs\u00e9ges \u00e9letm\u00f3d, \u00e9s sport. Ezt k\u00edn\u00e1lta a v\u00e1ros 5. Csal\u00e1di Eg\u00e9szs\u00e9gnapon, melyet a Het\u00e9nyi G\u00e9za K\u00f3rh\u00e1z \u00e9s Rendel\u0151int\u00e9zettel \u00e9s a M\u00c1V K\u00f3rh\u00e1z \u00e9s Rendel\u0151int\u00e9zettel k\u00f6z\u00f6sen egy\u00fcttm\u0171k\u00f6dve val\u00f3s\u00edtottak meg. A sz\u00edv \u00e9s \u00e9rrendszeri vizsg\u00e1latokon \u00e1tesettek harmad\u00e1n\u00e1l, a mozg\u00e1sszervi sz\u0171r\u00e9seken r\u00e9szt vev\u0151knek pedig t\u00f6bb mint a fel\u00e9n\u00e9l tal\u00e1ltak k\u00f3ros elv\u00e1ltoz\u00e1st. Sz\u00edv \u00e9s \u00e9rrendszeri sz\u0171r\u00e9seket is v\u00e9geztek [&hellip;]<\/p>\n","protected":false},"author":2,"featured_media":0,"comment_status":"closed","ping_status":"closed","sticky":false,"template":"","format":"standard","meta":[],"categories":[16],"tags":[],"_links":{"self":[{"href":"http:\/\/archiv.szolnoktv.hu\/index.php?rest_route=\/wp\/v2\/posts\/16158"}],"collection":[{"href":"http:\/\/archiv.szolnoktv.hu\/index.php?rest_route=\/wp\/v2\/posts"}],"about":[{"href":"http:\/\/archiv.szolnoktv.hu\/index.php?rest_route=\/wp\/v2\/types\/post"}],"author":[{"embeddable":true,"href":"http:\/\/archiv.szolnoktv.hu\/index.php?rest_route=\/wp\/v2\/users\/2"}],"replies":[{"embeddable":true,"href":"http:\/\/archiv.szolnoktv.hu\/index.php?rest_route=%2Fwp%2Fv2%2Fcomments&post=16158"}],"version-history":[{"count":1,"href":"http:\/\/archiv.szolnoktv.hu\/index.php?rest_route=\/wp\/v2\/posts\/16158\/revisions"}],"predecessor-version":[{"id":16181,"href":"http:\/\/archiv.szolnoktv.hu\/index.php?rest_route=\/wp\/v2\/posts\/16158\/revisions\/16181"}],"wp:attachment":[{"href":"http:\/\/archiv.szolnoktv.hu\/index.php?rest_route=%2Fwp%2Fv2%2Fmedia&parent=16158"}],"wp:term":[{"taxonomy":"category","embeddable":true,"href":"http:\/\/archiv.szolnoktv.hu\/index.php?rest_route=%2Fwp%2Fv2%2Fcategories&post=16158"},{"taxonomy":"post_tag","embeddable":true,"href":"http:\/\/archiv.szolnoktv.hu\/index.php?rest_route=%2Fwp%2Fv2%2Ftags&post=16158"}],"curies":[{"name":"wp","href":"https:\/\/api.w.org\/{rel}","templated":true}]}}