{"id":16157,"date":"2016-10-17T16:06:29","date_gmt":"2016-10-17T16:06:29","guid":{"rendered":"http:\/\/archiv.szolnoktv.hu\/?p=16157"},"modified":"2021-08-26T08:58:45","modified_gmt":"2021-08-26T08:58:45","slug":"70-eves-a-tisza-tancegyuttes-3","status":"publish","type":"post","link":"http:\/\/archiv.szolnoktv.hu\/?p=16157","title":{"rendered":"70 \u00e9ves a Tisza t\u00e1ncegy\u00fcttes"},"content":{"rendered":"<div class='booster-block booster-read-block'><\/div><p>70 \u00e9ves a szolnoki Tisza T\u00e1ncegy\u00fcttes. Az elm\u00falt 7 \u00e9vtizedre rendhagy\u00f3 m\u0171sorral eml\u00e9keztek. A r\u00e9gi id\u0151k t\u00e1ncosainak r\u00f6vid el\u0151ad\u00e1s\u00e1t k\u00f6vet\u0151en -egym\u00e1st v\u00e1ltva- k\u00f6zel 30-an l\u00e9ptek az Aba-Nov\u00e1k Ag\u00f3ra sz\u00ednpad\u00e1ra, hogy mes\u00e9ljenek &#8220;tisz\u00e1s&#8221;&#8221; \u00e9lm\u00e9nyeikr\u0151l. &#8221;<\/p>\n<p>A &#8220;r\u00e9gi tisz\u00e1sok&#8221;&#8221; m\u0171sor\u00e1val kezd\u0151d\u00f6tt a Tisza T\u00e1ncegy\u00fcttes rendhagy\u00f3, 70-ik sz\u00fclet\u00e9snapi estje. Rendhagy\u00f3 volt a tekintetben is, hogy a nyit\u00f3sz\u00e1mot az 1975-\u00f6s, VII. Szolnoki Orsz\u00e1gos N\u00e9pt\u00e1nc fesztiv\u00e1lra k\u00e9sz\u00edtette T\u00edm\u00e1r S\u00e1ndor, &#8220;&#8221;J\u00e1szkun t\u00e1ncok&#8221;&#8221; c\u00edmmel. El\u0151ad\u00e1sukat k\u00f6vet\u0151en Fej\u00e9r Andor alpolg\u00e1rmester k\u00f6sz\u00f6nte meg az elm\u00falt \u00e9vtizedeket az egy\u00fcttesnek.<br \/>&#8220;&#8221;Ezel\u0151tt 70 \u00e9vvel akik l\u00e9trehozt\u00e1k a Tisza T\u00e1ncegy\u00fcttest, maguk sem gondolt\u00e1k, hogy milyen \u00e9rt\u00e9ket teremtenek.&#8221;&#8221; -mondta Fej\u00e9r Andor alpolg\u00e1rmester.<br \/>Az est h\u00e1tral\u00e9v\u0151 r\u00e9sz\u00e9ben a r\u00e9gm\u00falt \u00e9s a k\u00f6zelm\u00falt &#8220;&#8221;tisz\u00e1s&#8221;&#8221; alakjai id\u00e9zt\u00e9k fel az elm\u00falt 70 esztend\u0151t. Els\u0151k\u00e9nt a legkor\u00e1bbi id\u0151szak tanui l\u00e9ptek sz\u00ednpadra. Buncsek Roz\u00e1lia, Csik\u00e1sz S\u00e1ndor, Keresztfalvi D\u00e9nes, P\u00e1pay J\u00e1nos \u00e9s Tark\u00f3 Gyula. megid\u00e9zt\u00e9k az alap\u00edt\u00f3 Kaposv\u00e1ry Gyul\u00e1t, az els\u0151 nagy t\u00e1ncosokat, V\u00e1rhelyi Lajost, T\u00edm\u00e1r S\u00e1ndort, Sajti S\u00e1ndort, Moln\u00e1r Lajost. Az \u00e9nekesek mellett a zen\u00e9szek nem csak besz\u00e9ltek a m\u00faltr\u00f3l, hangszert is ragadtak. Az egykori m\u0171v\u00e9szeti asszisztensek, koreogr\u00e1fusok \u00e9s rendez\u0151k elengedhetetlen r\u00e9szei voltak az egy\u00fcttesnek &#8211; mindannyian hozz\u00e1t\u00e9ve egy\u00e9nis\u00e9g\u00fcket \u00e9s szakmai tud\u00e1sukat a t\u00e1ncokhoz.<br \/><BR><BR><br \/>&#8220;&#8221;Az \u00e9n \u00e9rdemem csup\u00e1n annyi, hogy addig arany kettes fokozat\u00fa t\u00e1ncosok voltak, \u00e9s az egy\u00fcttes velem lett arany egyes fokozat\u00fa t\u00e1nccsoport.&#8221;&#8221; &#8211; mondta Erd\u00e9lyi Tibor.<br \/><BR><BR><br \/>A besz\u00e9lget\u0151partnerek sor\u00e1t a &#8220;&#8221;Ki Mit Tud?&#8221;&#8221; nyertes \u00d6tk\u00f6l\u00f6k z\u00e1rta. A fi\u00fak -akik k\u00f6z\u00fcl n\u00e9gyen tudt\u00e1k elfogadni a megh\u00edv\u00e1st- mosolyt csalva a n\u00e9z\u0151k\u00f6z\u00f6ns\u00e9g arc\u00e1ra id\u00e9zt\u00e9k fel sikereiket. Az estet vacsora \u00e9s t\u00e1nch\u00e1z z\u00e1rta. A sz\u00fclet\u00e9snapi eml\u00e9kez\u00e9s azonban nem \u00e9rt v\u00e9get. 2017. febru\u00e1r 26-\u00e1n egy nagyszab\u00e1s\u0171 G\u00e1lam\u0171sorral id\u00e9zik fel -akkor m\u00e1r nem szavakkal, hanem t\u00e1ncokkal az elm\u00falt hetven \u00e9vet. &#8221;<br \/>\n<div style=\"width: 640px;\" class=\"wp-video\"><!--[if lt IE 9]><script>document.createElement('video');<\/script><![endif]-->\n<video class=\"wp-video-shortcode\" id=\"video-16157-1\" width=\"640\" height=\"360\" preload=\"metadata\" controls=\"controls\"><source type=\"video\/mp4\" src=\"\/spots\/hir\/hir_161017_04.mp4?_=1\" \/><a href=\"\/spots\/hir\/hir_161017_04.mp4\">\/spots\/hir\/hir_161017_04.mp4<\/a><\/video><\/div><\/p>\n","protected":false},"excerpt":{"rendered":"<p>70 \u00e9ves a szolnoki Tisza T\u00e1ncegy\u00fcttes. Az elm\u00falt 7 \u00e9vtizedre rendhagy\u00f3 m\u0171sorral eml\u00e9keztek. A r\u00e9gi id\u0151k t\u00e1ncosainak r\u00f6vid el\u0151ad\u00e1s\u00e1t k\u00f6vet\u0151en -egym\u00e1st v\u00e1ltva- k\u00f6zel 30-an l\u00e9ptek az Aba-Nov\u00e1k Ag\u00f3ra sz\u00ednpad\u00e1ra, hogy mes\u00e9ljenek &#8220;tisz\u00e1s&#8221;&#8221; \u00e9lm\u00e9nyeikr\u0151l. &#8221; A &#8220;r\u00e9gi tisz\u00e1sok&#8221;&#8221; m\u0171sor\u00e1val kezd\u0151d\u00f6tt a Tisza T\u00e1ncegy\u00fcttes rendhagy\u00f3, 70-ik sz\u00fclet\u00e9snapi estje. Rendhagy\u00f3 volt a tekintetben is, hogy a nyit\u00f3sz\u00e1mot az [&hellip;]<\/p>\n","protected":false},"author":2,"featured_media":0,"comment_status":"closed","ping_status":"closed","sticky":false,"template":"","format":"standard","meta":[],"categories":[16],"tags":[],"_links":{"self":[{"href":"http:\/\/archiv.szolnoktv.hu\/index.php?rest_route=\/wp\/v2\/posts\/16157"}],"collection":[{"href":"http:\/\/archiv.szolnoktv.hu\/index.php?rest_route=\/wp\/v2\/posts"}],"about":[{"href":"http:\/\/archiv.szolnoktv.hu\/index.php?rest_route=\/wp\/v2\/types\/post"}],"author":[{"embeddable":true,"href":"http:\/\/archiv.szolnoktv.hu\/index.php?rest_route=\/wp\/v2\/users\/2"}],"replies":[{"embeddable":true,"href":"http:\/\/archiv.szolnoktv.hu\/index.php?rest_route=%2Fwp%2Fv2%2Fcomments&post=16157"}],"version-history":[{"count":1,"href":"http:\/\/archiv.szolnoktv.hu\/index.php?rest_route=\/wp\/v2\/posts\/16157\/revisions"}],"predecessor-version":[{"id":16182,"href":"http:\/\/archiv.szolnoktv.hu\/index.php?rest_route=\/wp\/v2\/posts\/16157\/revisions\/16182"}],"wp:attachment":[{"href":"http:\/\/archiv.szolnoktv.hu\/index.php?rest_route=%2Fwp%2Fv2%2Fmedia&parent=16157"}],"wp:term":[{"taxonomy":"category","embeddable":true,"href":"http:\/\/archiv.szolnoktv.hu\/index.php?rest_route=%2Fwp%2Fv2%2Fcategories&post=16157"},{"taxonomy":"post_tag","embeddable":true,"href":"http:\/\/archiv.szolnoktv.hu\/index.php?rest_route=%2Fwp%2Fv2%2Ftags&post=16157"}],"curies":[{"name":"wp","href":"https:\/\/api.w.org\/{rel}","templated":true}]}}