{"id":16156,"date":"2016-10-17T16:02:23","date_gmt":"2016-10-17T16:02:23","guid":{"rendered":"http:\/\/archiv.szolnoktv.hu\/?p=16156"},"modified":"2021-08-26T08:58:45","modified_gmt":"2021-08-26T08:58:45","slug":"iden-is-a-varga-nyerte-a-24-oras-vetelkedot","status":"publish","type":"post","link":"http:\/\/archiv.szolnoktv.hu\/?p=16156","title":{"rendered":"Id\u00e9n is a Varga nyerte a 24 \u00f3r\u00e1s vet\u00e9lked\u0151t"},"content":{"rendered":"<div class='booster-block booster-read-block'><\/div><p>Ez m\u00e1r a 16 volt. A szolnoki 24 \u00f3r\u00e1s vet\u00e9lked\u0151t ez\u00fattal is a Varga Katalin gimn\u00e1zium 50 f\u0151s csapata nyerte.  A hatalmas felvonul\u00e1ssal \u00e9s kit\u0171n\u0151 hangulatban indult sportszer\u0171 \u00e9s bar\u00e1ts\u00e1gos verseng\u00e9sben 9 csapat 450 di\u00e1k vett r\u00e9szt. <\/p>\n<p>\u00d3ri\u00e1si hangulat szombat reggel a Szent-Gy\u00f6rgyi \u00c1ltal\u00e1nos Iskola el\u0151tti t\u00e9ren. A kicsik is \u00f6r\u00f6mmel ugr\u00e1lnak \u00e9s drukkolnak a k\u00f6z\u00e9piskol\u00e1soknak. A bemeleg\u00edt\u00e9s sem mindennapi.  A 24 \u00f3r\u00e1s vet\u00e9lked\u0151kre is szakosodott rendezv\u00e9nyszervez\u0151 c\u00e9g Szolnokra k\u00fcl\u00f6n\u00f6sen sz\u00edvesen j\u00f6n. <br \/><BR><BR><\/p>\n<p>-\u201eSzolnok ennek az \u0151shaz\u00e1ja, nem v\u00e9letlen 16. A szolnokiak elk\u00e9peszt\u0151en j\u00f3l k\u00e9sz\u00fclnek lelkesek, k\u00e9sz\u00fclnek. Itt nagyon nagy preztizs csata, hogy ki nyer. Itt mindig \u00e9les a verseny, szeretj\u00fck \u0151ket nagyon\u201e-mondta Feh\u00e9r G\u00e1bor f\u0151szervez\u0151 . <br \/><BR><BR><br \/> Olyannyira, hogy plusz feladatokkal is k\u00e9sz\u00fclnek Szolnokra, hiszen itt a di\u00e1kok olyan j\u00f3l teljes\u00edtenek, hogy a szervez\u0151knek \u00fajabb \u00e9s k\u00fcl\u00f6nlegesebb feladaton kell t\u00f6rni a fej\u00fcket. <br \/><BR><BR><\/p>\n<p>-\u201eMindig egy \u00faj t\u00e9m\u00e1nk van, most egy bolyg\u00f3t koloniz\u00e1lnak a gyerekek \u00e9s most egy felvonul\u00e1s indul, ahol az \u0151 elk\u00e9pzelt v\u00e1ros\u00e1llamainak \u00e9s azok vezet\u0151inek kellett be\u00f6lt\u00f6zni, \u0151k indulnak el a t\u00f6bbiek el\u00f6l elfoglalni ezt a bolyg\u00f3t-tette hozz\u00e1 a f\u0151szervez\u0151. <br \/><BR><BR><br \/> Sok k\u00fcls\u0151 helysz\u00ednen kellett helyt \u00e1llniuk a di\u00e1koknak, pl. a S\u00f6r\u00e1riumban \u00e9s a Rept\u00e1rban  is.  <br \/>A Sz\u00e9chenyi Gimn\u00e1zium tornacsarnok\u00e1ban igazi bar\u00e1ts\u00e1gos buli kezd\u0151d\u00f6tt szombat reggel. A riv\u00e1lis gimn\u00e1ziumok \u00e9s csapatok k\u00e9z a k\u00e9zben t\u00e1ncoltak, az els\u0151 feladat k\u00f6zben pedig egym\u00e1snak is drukkoltak. Tavaly a Varga, azel\u0151tt pedig a Sz\u00e9chenyi nyert. <\/p>\n<p><BR><BR><br \/>-\u201eMinden \u00e1lmunk az lenne, hogy megv\u00e9dj\u00fck a c\u00edm\u00fcnket. Egy teljesen \u00faj csapatot hoztunk, mivel tavaly egy csom\u00f3 4.es elballagott, aki a gerinc\u00e9t adta a tavalyi 24 \u00f3r\u00e1sunknak, az 50 embert elhoztuk, nagyon sok a  fiatal, \u0151k nagy rem\u00e9nys\u00e9gek mert \u0151k j\u00f6v\u0151re is tudj\u00e1k k\u00e9pviselni a Varg\u00e1t\u201e -mondta el st\u00e1bunknak Batthy\u00e1nyi M\u00e1rton  Varga Katalin Gimn\u00e1zium csapatkapit\u00e1nya.<\/p>\n<p><BR><BR><\/p>\n<p>-\u201eAzon vagyunk, hogy most mi nyerj\u00fck. Igaz tavaly a v\u00e9g\u00e9re kicsit lelankadt a lelkesed\u00e9s\u00fcnk \u00e9s a kitart\u00e1sunk, de a  mostani csapat nagyon \u00f6sszetart\u00f3, mindenki azon van, hogy megnyerj\u00fck\u201e -tette hozz\u00e1  Borsos Kincs\u0151 Sz\u00e9chenyi Istv\u00e1n Gimn\u00e1ziumb\u00f3l. <br \/><BR><BR><br \/>A gy\u0151zelem mellett persze az \u00e9lm\u00e9ny a legfontosabb, ez\u00e9rt is buliztak k\u00e9z a k\u00e9zben a riv\u00e1lis csapatok \u00e9s iskol\u00e1k. <br \/>Szolnok di\u00e1kpolg\u00e1rmestere ut\u00e1n a v\u00e1ros vezet\u0151je biztatta a csapatokat.  A csapatok bemutatkoz\u00f3 m\u0171sora ut\u00e1n j\u00f6tt 80 feladat vas\u00e1rnap reggelig , melyekben id\u00e9n is a Varga Katalin Gimn\u00e1zium  iskola csapata bizonyult a legjobbnak! <br \/>\n<div style=\"width: 640px;\" class=\"wp-video\"><!--[if lt IE 9]><script>document.createElement('video');<\/script><![endif]-->\n<video class=\"wp-video-shortcode\" id=\"video-16156-1\" width=\"640\" height=\"360\" preload=\"metadata\" controls=\"controls\"><source type=\"video\/mp4\" src=\"\/spots\/hir\/hir_161017_02.mp4?_=1\" \/><a href=\"\/spots\/hir\/hir_161017_02.mp4\">\/spots\/hir\/hir_161017_02.mp4<\/a><\/video><\/div><\/p>\n","protected":false},"excerpt":{"rendered":"<p>Ez m\u00e1r a 16 volt. A szolnoki 24 \u00f3r\u00e1s vet\u00e9lked\u0151t ez\u00fattal is a Varga Katalin gimn\u00e1zium 50 f\u0151s csapata nyerte. A hatalmas felvonul\u00e1ssal \u00e9s kit\u0171n\u0151 hangulatban indult sportszer\u0171 \u00e9s bar\u00e1ts\u00e1gos verseng\u00e9sben 9 csapat 450 di\u00e1k vett r\u00e9szt. \u00d3ri\u00e1si hangulat szombat reggel a Szent-Gy\u00f6rgyi \u00c1ltal\u00e1nos Iskola el\u0151tti t\u00e9ren. A kicsik is \u00f6r\u00f6mmel ugr\u00e1lnak \u00e9s drukkolnak a [&hellip;]<\/p>\n","protected":false},"author":2,"featured_media":0,"comment_status":"closed","ping_status":"closed","sticky":false,"template":"","format":"standard","meta":[],"categories":[16],"tags":[],"_links":{"self":[{"href":"http:\/\/archiv.szolnoktv.hu\/index.php?rest_route=\/wp\/v2\/posts\/16156"}],"collection":[{"href":"http:\/\/archiv.szolnoktv.hu\/index.php?rest_route=\/wp\/v2\/posts"}],"about":[{"href":"http:\/\/archiv.szolnoktv.hu\/index.php?rest_route=\/wp\/v2\/types\/post"}],"author":[{"embeddable":true,"href":"http:\/\/archiv.szolnoktv.hu\/index.php?rest_route=\/wp\/v2\/users\/2"}],"replies":[{"embeddable":true,"href":"http:\/\/archiv.szolnoktv.hu\/index.php?rest_route=%2Fwp%2Fv2%2Fcomments&post=16156"}],"version-history":[{"count":1,"href":"http:\/\/archiv.szolnoktv.hu\/index.php?rest_route=\/wp\/v2\/posts\/16156\/revisions"}],"predecessor-version":[{"id":16183,"href":"http:\/\/archiv.szolnoktv.hu\/index.php?rest_route=\/wp\/v2\/posts\/16156\/revisions\/16183"}],"wp:attachment":[{"href":"http:\/\/archiv.szolnoktv.hu\/index.php?rest_route=%2Fwp%2Fv2%2Fmedia&parent=16156"}],"wp:term":[{"taxonomy":"category","embeddable":true,"href":"http:\/\/archiv.szolnoktv.hu\/index.php?rest_route=%2Fwp%2Fv2%2Fcategories&post=16156"},{"taxonomy":"post_tag","embeddable":true,"href":"http:\/\/archiv.szolnoktv.hu\/index.php?rest_route=%2Fwp%2Fv2%2Ftags&post=16156"}],"curies":[{"name":"wp","href":"https:\/\/api.w.org\/{rel}","templated":true}]}}