{"id":16155,"date":"2016-10-17T14:31:30","date_gmt":"2016-10-17T14:31:30","guid":{"rendered":"http:\/\/archiv.szolnoktv.hu\/?p=16155"},"modified":"2021-08-26T08:58:45","modified_gmt":"2021-08-26T08:58:45","slug":"kubatov-gabor-a-nepszavazasrol","status":"publish","type":"post","link":"http:\/\/archiv.szolnoktv.hu\/?p=16155","title":{"rendered":"Kubatov G\u00e1bor a n\u00e9pszavaz\u00e1sr\u00f3l"},"content":{"rendered":"<div class='booster-block booster-read-block'><\/div><p>Ma ker\u00fclt a parlament el\u00e9 a n\u00e9pszavaz\u00e1s miatt az Alapt\u00f6rv\u00e9ny hetedik m\u00f3dos\u00edt\u00e1sa. Szombaton Kubatov G\u00e1bor a Fidesz aleln\u00f6ke szolnoki l\u00e1togat\u00e1sa alkalm\u00e1val a v\u00e1ros vezet\u0151j\u00e9vel k\u00f6z\u00f6sen \u00e9rt\u00e9kelte a referendum eredm\u00e9ny\u00e9t.<\/p>\n<p>Orsz\u00e1gosan 3 milli\u00f3 362 ezer szavazott nemmel a betelep\u00edt\u00e9ssel kapcsolatban. A Fidesz frakci\u00f3igazgat\u00f3ja szombati szolnoki l\u00e1togat\u00e1sa alkalm\u00e1val hangs\u00falyozta, nemcsak a korm\u00e1nyp\u00e1rti szimpatiz\u00e1nsok szavaztak, hanem egy nemzeti \u00fcgy m\u00f6g\u00e9 \u00e1lltak az emberek. Sz\u00e1m\u00edt\u00e1sai szerint 1-1,5 milli\u00f3 ember nem p\u00e1rtpolitikai alapon voksolt. Az \u0151 v\u00e9lem\u00e9ny\u00fcket is k\u00e9pviselik &#8211; tette hozz\u00e1 a politikus. <br \/><BR><BR><br \/>-\u201e Az eredm\u00e9ny az egy nagyon er\u0151s \u00fczenet az ellenz\u00e9ki p\u00e1rtoknak is \u00e9s Br\u00fcsszelnek is. A betelep\u00edt\u00e9si kv\u00f3t\u00e1b\u00f3l Magyarorsz\u00e1g nem k\u00e9r. Felhatalmaz\u00e1st kaptunk \u00e9s a magyar alapt\u00f6rv\u00e9nyt fogjuk m\u00f3dos\u00edtani, hogy ne lehessen k\u00e9nyszer-betelep\u00edt\u00e9st alkalmazni Magyarorsz\u00e1ggal szemben\u201e- mondta el sajt\u00f3t\u00e1j\u00e9koztat\u00f3j\u00e1n Kubatov G\u00e1bor a Fidesz aleln\u00f6ke.  <br \/><BR><BR><br \/>Ez az elk\u00f6vetkez\u0151 \u00e9vtized egyik legfontosabb k\u00e9rd\u00e9se &#8211; folytatta az aleln\u00f6k. Csal\u00e1djainkat \u00e9s kult\u00far\u00e1nkat ugyanis m\u00e1s nem fogja helyett\u00fcnk megv\u00e9deni &#8211; hangs\u00falyozta. Szalay Ferenc a 2014-es v\u00e1laszt\u00e1si szavazatokat vizsg\u00e1lva elmondta Szolnokon 11 ezerrel t\u00f6bben szavaztak most. <br \/><BR><BR><\/p>\n<p>-\u201e A mondand\u00f3nk eljutott sokakhoz, akik szavaz\u00f3k\u00e9nt akkor m\u00e9g nem vel\u00fcnk voltak. Meg\u00e9rtett\u00e9k, amit aleln\u00f6k \u00far is mondott \u00e9s oly sokszor elhangzott, hogy Eur\u00f3pa \u00e9s Szolnok j\u00f6v\u0151je is a t\u00e9t enn\u00e9l a n\u00e9pszavaz\u00e1sn\u00e1l. Ugyan mi itt k\u00f6zvetlen\u00fcl nem \u00e9rz\u00e9kelt\u00fck a migr\u00e1ci\u00f3 probl\u00e9m\u00e1it, ellenben l\u00e1ttuk, hogy mi mindent ind\u00edtott el szerte a vil\u00e1gban. Illetve a d\u00e9li hat\u00e1rok mellett hogyan \u00e9s mik\u00e9nt v\u00e9lekedtek err\u0151l az emberek\u201e &#8211; folytatta Szalay Ferenc polg\u00e1rmester <br \/><BR><BR><br \/>\u201eAz eur\u00f3pai kult\u00fara kiemelten tiszteli a n\u0151ket \u00e9s amelyik kult\u00fara ezt nem tiszteli annak nincs helye k\u00f6z\u00f6tt\u00fcnk\u201e &#8211; hangs\u00falyozta Szolnok polg\u00e1rmestere.<br \/>\n<div style=\"width: 640px;\" class=\"wp-video\"><!--[if lt IE 9]><script>document.createElement('video');<\/script><![endif]-->\n<video class=\"wp-video-shortcode\" id=\"video-16155-1\" width=\"640\" height=\"360\" preload=\"metadata\" controls=\"controls\"><source type=\"video\/mp4\" src=\"\/spots\/hir\/hir_161017_01.mp4?_=1\" \/><a href=\"\/spots\/hir\/hir_161017_01.mp4\">\/spots\/hir\/hir_161017_01.mp4<\/a><\/video><\/div><\/p>\n","protected":false},"excerpt":{"rendered":"<p>Ma ker\u00fclt a parlament el\u00e9 a n\u00e9pszavaz\u00e1s miatt az Alapt\u00f6rv\u00e9ny hetedik m\u00f3dos\u00edt\u00e1sa. Szombaton Kubatov G\u00e1bor a Fidesz aleln\u00f6ke szolnoki l\u00e1togat\u00e1sa alkalm\u00e1val a v\u00e1ros vezet\u0151j\u00e9vel k\u00f6z\u00f6sen \u00e9rt\u00e9kelte a referendum eredm\u00e9ny\u00e9t. Orsz\u00e1gosan 3 milli\u00f3 362 ezer szavazott nemmel a betelep\u00edt\u00e9ssel kapcsolatban. A Fidesz frakci\u00f3igazgat\u00f3ja szombati szolnoki l\u00e1togat\u00e1sa alkalm\u00e1val hangs\u00falyozta, nemcsak a korm\u00e1nyp\u00e1rti szimpatiz\u00e1nsok szavaztak, hanem egy nemzeti [&hellip;]<\/p>\n","protected":false},"author":2,"featured_media":0,"comment_status":"closed","ping_status":"closed","sticky":false,"template":"","format":"standard","meta":[],"categories":[16],"tags":[],"_links":{"self":[{"href":"http:\/\/archiv.szolnoktv.hu\/index.php?rest_route=\/wp\/v2\/posts\/16155"}],"collection":[{"href":"http:\/\/archiv.szolnoktv.hu\/index.php?rest_route=\/wp\/v2\/posts"}],"about":[{"href":"http:\/\/archiv.szolnoktv.hu\/index.php?rest_route=\/wp\/v2\/types\/post"}],"author":[{"embeddable":true,"href":"http:\/\/archiv.szolnoktv.hu\/index.php?rest_route=\/wp\/v2\/users\/2"}],"replies":[{"embeddable":true,"href":"http:\/\/archiv.szolnoktv.hu\/index.php?rest_route=%2Fwp%2Fv2%2Fcomments&post=16155"}],"version-history":[{"count":1,"href":"http:\/\/archiv.szolnoktv.hu\/index.php?rest_route=\/wp\/v2\/posts\/16155\/revisions"}],"predecessor-version":[{"id":16184,"href":"http:\/\/archiv.szolnoktv.hu\/index.php?rest_route=\/wp\/v2\/posts\/16155\/revisions\/16184"}],"wp:attachment":[{"href":"http:\/\/archiv.szolnoktv.hu\/index.php?rest_route=%2Fwp%2Fv2%2Fmedia&parent=16155"}],"wp:term":[{"taxonomy":"category","embeddable":true,"href":"http:\/\/archiv.szolnoktv.hu\/index.php?rest_route=%2Fwp%2Fv2%2Fcategories&post=16155"},{"taxonomy":"post_tag","embeddable":true,"href":"http:\/\/archiv.szolnoktv.hu\/index.php?rest_route=%2Fwp%2Fv2%2Ftags&post=16155"}],"curies":[{"name":"wp","href":"https:\/\/api.w.org\/{rel}","templated":true}]}}