{"id":16154,"date":"2016-10-14T17:56:07","date_gmt":"2016-10-14T17:56:07","guid":{"rendered":"http:\/\/archiv.szolnoktv.hu\/?p=16154"},"modified":"2021-08-26T08:58:46","modified_gmt":"2021-08-26T08:58:46","slug":"tobb-mint-1000-lego-darabbol-keszult-el-a-legujabb-makettkiallitas","status":"publish","type":"post","link":"http:\/\/archiv.szolnoktv.hu\/?p=16154","title":{"rendered":"T\u00f6bb mint 1000 leg\u00f3 darabb\u00f3l k\u00e9sz\u00fclt el a leg\u00fajabb makettki\u00e1ll\u00edt\u00e1s"},"content":{"rendered":"<div class='booster-block booster-read-block'><\/div><p>K\u00f6zel 150 leg\u00f3 darabb\u00f3l k\u00e9sz\u00fclt el az a n\u00e9met m\u00e1sodik vil\u00e1gh\u00e1bor\u00fas csatahaj\u00f3, ami a leg\u00fajabb leg\u00f3ki\u00e1ll\u00edt\u00e1son v\u00e1rja a l\u00e1togat\u00f3akt. Az \u00e9p\u00edt\u0151k csapata t\u00f6bb mint egy milli\u00f3 leg\u00f3 felhaszn\u00e1l\u00e1s\u00e1val k\u00e9sz\u00edti el a szolnoki maketteket.<\/p>\n<p>Csatahaj\u00f3k \u00e9s k\u00f6z\u00e9pkori falvak meg\u00e9p\u00edt\u00e9s\u00e9vel kezd\u0151d\u00f6tt el a legfrissebb leg\u00f3ki\u00e1ll\u00edt\u00e1s az Ag\u00f3r\u00e1ban. A ki\u00e1ll\u00edt\u00f3kra az igaz munka m\u00e9g csak ezut\u00e1n v\u00e1r, de n\u00e9h\u00e1ny terepasztalon m\u00e1r igazi remekm\u0171vek is l\u00e1that\u00f3ak. <\/p>\n<p>A makettem 150 ezer darabb\u00f3l k\u00e9sz\u00fclt, ez egy n\u00e9met Scharnhorts 1, 48 m\u00e9retar\u00e1ny\u00fa csatahaj\u00f3. Melynek k\u00fcl\u00f6nlegess\u00e9ge, hogy 5 m hossz\u00fa \u00e9s majdnem 70 cm sz\u00e9les \u00e9s m\u00e1sf\u00e9l \u00e9vig k\u00e9sz\u00fclt. M\u00e1sf\u00e9l \u00e9vig gy\u0171jt\u00f6ttem az alkatr\u00e9szt, \u00e9p\u00edtettem \u00e9s el\u0151tte volt h\u00e1rom h\u00f3nap, amikor megterveztem sz\u00e1m\u00edt\u00f3g\u00e9pen.- mondta a haj\u00f3 \u00e9p\u00edt\u0151je SZRIMACZ L\u00c1SZL\u00d3 .<\/p>\n<p>Minden \u00e9p\u00edt\u00e9st komoly tervez\u0151i munka el\u0151z meg. A leg\u00f3z\u00f3k egy r\u00e9sze sz\u00e1m\u00edt\u00f3g\u00e9p seg\u00edts\u00e9g\u00e9vel \u00e1lmodja meg leg\u00f3szobrait, de sokan csak a k\u00e9pzelet\u00fckre t\u00e1maszkodnak, ha az alkot\u00e1sr\u00f3l van sz\u00f3. <\/p>\n<p>Ez a terep v\u00e9gig a fant\u00e1zi\u00e1mra van b\u00edzva. A h\u00e1zakn\u00e1l figyelem azt, hogy olyan st\u00edlusban, \u00fagy \u00e9p\u00edtsem meg, ami akkor 1000 \u00e9vvel ezel\u0151tt is volt.- mondta SCHAUER BAL\u00c1ZS aki egy viking falut \u00e9p\u00edtett.<\/p>\n<p>A leg\u00f3z\u00e1s \u00e9lm\u00e9ny\u00e9t sokan gyerekkoruk \u00f3ta \u0151rzik. De vannak akik csak egy-egy ki\u00e1ll\u00edt\u00e1s hat\u00e1s\u00e1ra csatlakoznak leg\u00f3klubokhoz \u00e9s igyekeznek a leg\u00f3\u00e9p\u00edt\u00e9s m\u0171v\u00e9szet\u00e9nek teljes elsaj\u00e1t\u00edt\u00e1s\u00e1ra.<br \/>\n<div style=\"width: 640px;\" class=\"wp-video\"><!--[if lt IE 9]><script>document.createElement('video');<\/script><![endif]-->\n<video class=\"wp-video-shortcode\" id=\"video-16154-1\" width=\"640\" height=\"360\" preload=\"metadata\" controls=\"controls\"><source type=\"video\/mp4\" src=\"\/spots\/hir\/hir_161014_05.mp4?_=1\" \/><a href=\"\/spots\/hir\/hir_161014_05.mp4\">\/spots\/hir\/hir_161014_05.mp4<\/a><\/video><\/div><\/p>\n","protected":false},"excerpt":{"rendered":"<p>K\u00f6zel 150 leg\u00f3 darabb\u00f3l k\u00e9sz\u00fclt el az a n\u00e9met m\u00e1sodik vil\u00e1gh\u00e1bor\u00fas csatahaj\u00f3, ami a leg\u00fajabb leg\u00f3ki\u00e1ll\u00edt\u00e1son v\u00e1rja a l\u00e1togat\u00f3akt. Az \u00e9p\u00edt\u0151k csapata t\u00f6bb mint egy milli\u00f3 leg\u00f3 felhaszn\u00e1l\u00e1s\u00e1val k\u00e9sz\u00edti el a szolnoki maketteket. Csatahaj\u00f3k \u00e9s k\u00f6z\u00e9pkori falvak meg\u00e9p\u00edt\u00e9s\u00e9vel kezd\u0151d\u00f6tt el a legfrissebb leg\u00f3ki\u00e1ll\u00edt\u00e1s az Ag\u00f3r\u00e1ban. A ki\u00e1ll\u00edt\u00f3kra az igaz munka m\u00e9g csak ezut\u00e1n v\u00e1r, de [&hellip;]<\/p>\n","protected":false},"author":2,"featured_media":0,"comment_status":"closed","ping_status":"closed","sticky":false,"template":"","format":"standard","meta":[],"categories":[16],"tags":[],"_links":{"self":[{"href":"http:\/\/archiv.szolnoktv.hu\/index.php?rest_route=\/wp\/v2\/posts\/16154"}],"collection":[{"href":"http:\/\/archiv.szolnoktv.hu\/index.php?rest_route=\/wp\/v2\/posts"}],"about":[{"href":"http:\/\/archiv.szolnoktv.hu\/index.php?rest_route=\/wp\/v2\/types\/post"}],"author":[{"embeddable":true,"href":"http:\/\/archiv.szolnoktv.hu\/index.php?rest_route=\/wp\/v2\/users\/2"}],"replies":[{"embeddable":true,"href":"http:\/\/archiv.szolnoktv.hu\/index.php?rest_route=%2Fwp%2Fv2%2Fcomments&post=16154"}],"version-history":[{"count":1,"href":"http:\/\/archiv.szolnoktv.hu\/index.php?rest_route=\/wp\/v2\/posts\/16154\/revisions"}],"predecessor-version":[{"id":16185,"href":"http:\/\/archiv.szolnoktv.hu\/index.php?rest_route=\/wp\/v2\/posts\/16154\/revisions\/16185"}],"wp:attachment":[{"href":"http:\/\/archiv.szolnoktv.hu\/index.php?rest_route=%2Fwp%2Fv2%2Fmedia&parent=16154"}],"wp:term":[{"taxonomy":"category","embeddable":true,"href":"http:\/\/archiv.szolnoktv.hu\/index.php?rest_route=%2Fwp%2Fv2%2Fcategories&post=16154"},{"taxonomy":"post_tag","embeddable":true,"href":"http:\/\/archiv.szolnoktv.hu\/index.php?rest_route=%2Fwp%2Fv2%2Ftags&post=16154"}],"curies":[{"name":"wp","href":"https:\/\/api.w.org\/{rel}","templated":true}]}}