{"id":16153,"date":"2016-10-14T16:35:37","date_gmt":"2016-10-14T16:35:37","guid":{"rendered":"http:\/\/archiv.szolnoktv.hu\/?p=16153"},"modified":"2021-08-26T08:58:46","modified_gmt":"2021-08-26T08:58:46","slug":"az-eltunt-ido-nyomaban-diakkonferencia-besenyszogon","status":"publish","type":"post","link":"http:\/\/archiv.szolnoktv.hu\/?p=16153","title":{"rendered":"\u201eAz elt\u0171nt id\u0151 nyom\u00e1ban \u201e di\u00e1kkonferencia Besenysz\u00f6g\u00f6n"},"content":{"rendered":"<div class='booster-block booster-read-block'><\/div><p>\u201eAz elt\u0171nt id\u0151 nyom\u00e1ban\u201e c\u00edmmel rendezett di\u00e1kkonferenci\u00e1t a Besenysz\u00f6g\u00e9rt Alap\u00edtv\u00e1ny. Az eg\u00e9sz napos esem\u00e9ny c\u00e9lja, hogy a gyerekek ne csak a t\u00f6rt\u00e9nelem k\u00f6nyvekb\u0151l ismerj\u00e9k a szocializmus, a gul\u00e1g , vagy a malenkij robot fogalm\u00e1t. A di\u00e1kkonferenci\u00e1n r\u00e9szt vett F\u00f3nagy J\u00e1nos \u00e1llamtitk\u00e1r is, aki p\u00e9lda\u00e9rt\u00e9k\u0171nek nevezte a besenysz\u00f6giek kezdem\u00e9nyez\u00e9s\u00e9t.<\/p>\n<p>\u00dcnnepi m\u0171sorral kezd\u0151d\u00f6tt az els\u0151 besenysz\u00f6gi di\u00e1kkonferencia. A Besenysz\u00f6g\u00e9rt Egyes\u00fclet az Emberi Er\u0151forr\u00e1sok Miniszt\u00e9rium\u00e1hoz ny\u00fajtotta be nyertes p\u00e1ly\u00e1zat\u00e1t, ennek k\u00f6sz\u00f6nhet\u0151en j\u00f6hetett l\u00e9tre az Elt\u0171nt id\u0151 nyom\u00e1ban c\u00edmet visel\u0151 di\u00e1kkonferencia. Az esem\u00e9ny k\u00f6zponti t\u00e9m\u00e1ja haz\u00e1nk t\u00f6rt\u00e9nelme 1945 ut\u00e1n \u00e9s a szocializmus volt. <\/p>\n<p>\u201eAz\u00e9rt fontos ez, hogy ezt megrendezz\u00fck, mert a fiataljainknak ismerni kell annak a kornak a t\u00f6rt\u00e9n\u00e9seit. Hogy ez h\u0171 legyen olyan embereket h\u00edvtunk akik m\u00e9lt\u00f3n tudnak err\u0151l besz\u00e1molni.\u201e &#8211; mondta Balogh Zolt\u00e1n polg\u00e1rmester. <\/p>\n<p>\u201eDics\u00e9retes, hogy egy ilyen konferencia l\u00e9trej\u00f6hetett Besenysz\u00f6g\u00f6n\u201e &#8211; ezt m\u00e1r F\u00f3nagy J\u00e1nos \u00e1llamtitk\u00e1r mondta, aki sz\u00edvesen eleget tett a megh\u00edv\u00e1snak. A politikus a kitelep\u00edt\u00e9ssel kapcsolatos eml\u00e9keit osztotta meg a di\u00e1kokkal: <\/p>\n<p>\u201eMag\u00e1t a kezdem\u00e9nyez\u00e9st p\u00e9lda\u00e9rt\u00e9k\u0171nek tartom, hiszen ma nemhogy az iskol\u00e1ba j\u00e1r\u00f3 di\u00e1koknak, de m\u00e9g a sz\u00fcleiknek sincs j\u00f3szerivel k\u00f6zvetlen tapasztalata, hogy haz\u00e1nk 2. vil\u00e1gh\u00e1bor\u00fa ut\u00e1ni t\u00f6rt\u00e9nelme mennyi keser\u0171s\u00e9ggel, mennyi buktat\u00f3val , k\u00fczdelemmel \u00e9s h\u00e1la a magyarok kitart\u00e1s\u00e1nak \u00e9s t\u00fcrelm\u00e9nek milyen sz\u00e9p eredm\u00e9nyekkel j\u00e1rt.\u201e <\/p>\n<p>A konferenci\u00e1n sz\u00f3 volt a szocializmus t\u00e1rsadalmi jellemz\u0151ir\u0151l, a k\u00e9nyszermunkat\u00e1borokr\u00f3l, a kitelep\u00edt\u00e9sekr\u0151l, a katolikus leg\u00e9nyegyletekr\u0151l, a malenkij robotr\u00f3l. A di\u00e1kok \u00f6r\u00f6mmel fogadt\u00e1k a konferencia h\u00edr\u00e9t, eddig csak t\u00f6rt\u00e9nelem \u00f3r\u00e1kon hallottak a korr\u00f3l. A di\u00e1kkonferenci\u00e1t egy h\u00e9t m\u00falva ism\u00e9t megrendezik a telep\u00fcl\u00e9sen, akkor 1956 -r\u00f3l hallgathatnak el\u0151ad\u00e1sokat a di\u00e1kok.<br \/>\n<div style=\"width: 640px;\" class=\"wp-video\"><!--[if lt IE 9]><script>document.createElement('video');<\/script><![endif]-->\n<video class=\"wp-video-shortcode\" id=\"video-16153-1\" width=\"640\" height=\"360\" preload=\"metadata\" controls=\"controls\"><source type=\"video\/mp4\" src=\"\/spots\/hir\/hir_161014_03.mp4?_=1\" \/><a href=\"\/spots\/hir\/hir_161014_03.mp4\">\/spots\/hir\/hir_161014_03.mp4<\/a><\/video><\/div><\/p>\n","protected":false},"excerpt":{"rendered":"<p>\u201eAz elt\u0171nt id\u0151 nyom\u00e1ban\u201e c\u00edmmel rendezett di\u00e1kkonferenci\u00e1t a Besenysz\u00f6g\u00e9rt Alap\u00edtv\u00e1ny. Az eg\u00e9sz napos esem\u00e9ny c\u00e9lja, hogy a gyerekek ne csak a t\u00f6rt\u00e9nelem k\u00f6nyvekb\u0151l ismerj\u00e9k a szocializmus, a gul\u00e1g , vagy a malenkij robot fogalm\u00e1t. A di\u00e1kkonferenci\u00e1n r\u00e9szt vett F\u00f3nagy J\u00e1nos \u00e1llamtitk\u00e1r is, aki p\u00e9lda\u00e9rt\u00e9k\u0171nek nevezte a besenysz\u00f6giek kezdem\u00e9nyez\u00e9s\u00e9t. \u00dcnnepi m\u0171sorral kezd\u0151d\u00f6tt az els\u0151 besenysz\u00f6gi di\u00e1kkonferencia. [&hellip;]<\/p>\n","protected":false},"author":2,"featured_media":0,"comment_status":"closed","ping_status":"closed","sticky":false,"template":"","format":"standard","meta":[],"categories":[16],"tags":[],"_links":{"self":[{"href":"http:\/\/archiv.szolnoktv.hu\/index.php?rest_route=\/wp\/v2\/posts\/16153"}],"collection":[{"href":"http:\/\/archiv.szolnoktv.hu\/index.php?rest_route=\/wp\/v2\/posts"}],"about":[{"href":"http:\/\/archiv.szolnoktv.hu\/index.php?rest_route=\/wp\/v2\/types\/post"}],"author":[{"embeddable":true,"href":"http:\/\/archiv.szolnoktv.hu\/index.php?rest_route=\/wp\/v2\/users\/2"}],"replies":[{"embeddable":true,"href":"http:\/\/archiv.szolnoktv.hu\/index.php?rest_route=%2Fwp%2Fv2%2Fcomments&post=16153"}],"version-history":[{"count":1,"href":"http:\/\/archiv.szolnoktv.hu\/index.php?rest_route=\/wp\/v2\/posts\/16153\/revisions"}],"predecessor-version":[{"id":16186,"href":"http:\/\/archiv.szolnoktv.hu\/index.php?rest_route=\/wp\/v2\/posts\/16153\/revisions\/16186"}],"wp:attachment":[{"href":"http:\/\/archiv.szolnoktv.hu\/index.php?rest_route=%2Fwp%2Fv2%2Fmedia&parent=16153"}],"wp:term":[{"taxonomy":"category","embeddable":true,"href":"http:\/\/archiv.szolnoktv.hu\/index.php?rest_route=%2Fwp%2Fv2%2Fcategories&post=16153"},{"taxonomy":"post_tag","embeddable":true,"href":"http:\/\/archiv.szolnoktv.hu\/index.php?rest_route=%2Fwp%2Fv2%2Ftags&post=16153"}],"curies":[{"name":"wp","href":"https:\/\/api.w.org\/{rel}","templated":true}]}}