{"id":16152,"date":"2016-10-14T16:33:28","date_gmt":"2016-10-14T16:33:28","guid":{"rendered":"http:\/\/archiv.szolnoktv.hu\/?p=16152"},"modified":"2021-08-26T08:58:46","modified_gmt":"2021-08-26T08:58:46","slug":"napi-jotett-szolnok-segit-szabo-judit-adomanyt-kap","status":"publish","type":"post","link":"http:\/\/archiv.szolnoktv.hu\/?p=16152","title":{"rendered":"&#8230;Napi j\u00f3tett&#8230; Szolnok Seg\u00edt &#8211; Szab\u00f3 Judit adom\u00e1nyt kap"},"content":{"rendered":"<div class='booster-block booster-read-block'><\/div><p>20 ezer forint p\u00e9nzadom\u00e1nyt kapott Szab\u00f3 Judit. A munkan\u00e9lk\u00fcli asszony a kezdetekt\u0151l r\u00e9szt vesz a Szolnok Seg\u00edt programban, t\u00f6bbsz\u00f6r r\u00e9szes\u00fclt p\u00e9nz \u00e9s t\u00e1rgyadom\u00e1nyban is. Judit most a h\u00faszezer forintot g\u00e1z\u00f3r\u00e1ja felt\u00f6lt\u00e9s\u00e9re ford\u00edtja, eddig ugyanis nem tudtak f\u0171teni \u00f6nkorm\u00e1nyzati lak\u00e1sukban.<\/p>\n<p> \u201eA legjobbkor \u00e9rkezett a seg\u00edts\u00e9g Judithoz. A legt\u00f6bb lak\u00e1sban m\u00e1r napok \u00f3ta megy a f\u0171t\u00e9s, Juditnak azonban eddig nem siker\u00fclt g\u00e1z\u00f3r\u00e1j\u00e1t felt\u00f6ltenie. A munkan\u00e9lk\u00fcli asszonynak egy anon\u00edm fiatal p\u00e1r seg\u00edtett.\u201e<\/p>\n<p>Egy fiatal p\u00e1rt\u00f3l \u00e9rkezett az adom\u00e1ny, r\u00f3luk annyit tudok elmondani, hogy gyakorlatilag a kezdetekt\u0151l nyomon k\u00eds\u00e9rik a csal\u00e1dok sors\u00e1t. Id\u0151nk\u00e9nt felkeresnek benn\u00fcnket, konzult\u00e1lunk, hogy ki az akinek most sz\u00fcks\u00e9ge volna seg\u00edts\u00e9gre. &#8211; mondta Kiss  Rita, koordin\u00e1tor.<\/p>\n<p>Szab\u00f3 Judit egyed\u00fcl neveli gimnazista l\u00e1ny\u00e1t ebben az \u00f6nkorm\u00e1nyzati lak\u00e1sban. A Szolnok Seg\u00edt programnak k\u00f6sz\u00f6nhet\u0151en el\u0151szob\u00e1j\u00e1t m\u00e1r siker\u00fclt kifestenie, a p\u00e9nzadom\u00e1nyoknak h\u00e1la pedig a g\u00e1z \u00e9s villany \u00f3r\u00e1j\u00e1t is fel tudta t\u00f6lteni n\u00e9h\u00e1nyszor. Az asszonynak minden seg\u00edts\u00e9g j\u00f3l j\u00f6n, hiszen alig harminc ezer forintb\u00f3l \u00e9lnek ketten. <\/p>\n<p>\u201eJelenleg munkan\u00e9lk\u00fcli vagyok, 22800 forint a j\u00f6vedelmem, a csal\u00e1di p\u00f3tl\u00e9kot kapom \u00e9s alkalmi munk\u00e1kat v\u00e1llalok, ami nem olyan sok. \u201e<\/p>\n<p>Juditnak tov\u00e1bbra is a p\u00e9nzadom\u00e1ny jelenti a legnagyobb seg\u00edts\u00e9get, ez garant\u00e1lja ugyanis a biztos f\u0171t\u00e9st a t\u00e9li h\u00f3napok alatt. De szeretne olyan vastagabb f\u00fcgg\u00f6ny\u00f6ket is, melyek korrig\u00e1ln\u00e1k a r\u00e9gi ny\u00edl\u00e1sz\u00e1r\u00f3 hib\u00e1it, \u00e9s tal\u00e1n kint tartan\u00e1k a hideget. A Szolnok Seg\u00edt Program \u00fcgyfelei a tov\u00e1bbiakban is v\u00e1rj\u00e1k az adom\u00e1nyokat. Seg\u00edt\u0151 a sz\u00e1nd\u00e9kot a Hum\u00e1n Szolg\u00e1ltat\u00f3 K\u00f6zpontban jelezhetik. <\/p>\n<p>El\u00e9rhet\u0151s\u00e9gek:<\/p>\n<p>www.szolnoksegit.hu<\/p>\n<p>Sz\u00e1mlasz\u00e1m: 11745004-15413422-10010000<\/p>\n<p>E-mail: human@szolnoksegit.hu<br \/>\n<div style=\"width: 640px;\" class=\"wp-video\"><!--[if lt IE 9]><script>document.createElement('video');<\/script><![endif]-->\n<video class=\"wp-video-shortcode\" id=\"video-16152-1\" width=\"640\" height=\"360\" preload=\"metadata\" controls=\"controls\"><source type=\"video\/mp4\" src=\"\/spots\/hir\/hir_161014_01.mp4?_=1\" \/><a href=\"\/spots\/hir\/hir_161014_01.mp4\">\/spots\/hir\/hir_161014_01.mp4<\/a><\/video><\/div><\/p>\n","protected":false},"excerpt":{"rendered":"<p>20 ezer forint p\u00e9nzadom\u00e1nyt kapott Szab\u00f3 Judit. A munkan\u00e9lk\u00fcli asszony a kezdetekt\u0151l r\u00e9szt vesz a Szolnok Seg\u00edt programban, t\u00f6bbsz\u00f6r r\u00e9szes\u00fclt p\u00e9nz \u00e9s t\u00e1rgyadom\u00e1nyban is. Judit most a h\u00faszezer forintot g\u00e1z\u00f3r\u00e1ja felt\u00f6lt\u00e9s\u00e9re ford\u00edtja, eddig ugyanis nem tudtak f\u0171teni \u00f6nkorm\u00e1nyzati lak\u00e1sukban. \u201eA legjobbkor \u00e9rkezett a seg\u00edts\u00e9g Judithoz. A legt\u00f6bb lak\u00e1sban m\u00e1r napok \u00f3ta megy a f\u0171t\u00e9s, Juditnak [&hellip;]<\/p>\n","protected":false},"author":2,"featured_media":0,"comment_status":"closed","ping_status":"closed","sticky":false,"template":"","format":"standard","meta":[],"categories":[16],"tags":[],"_links":{"self":[{"href":"http:\/\/archiv.szolnoktv.hu\/index.php?rest_route=\/wp\/v2\/posts\/16152"}],"collection":[{"href":"http:\/\/archiv.szolnoktv.hu\/index.php?rest_route=\/wp\/v2\/posts"}],"about":[{"href":"http:\/\/archiv.szolnoktv.hu\/index.php?rest_route=\/wp\/v2\/types\/post"}],"author":[{"embeddable":true,"href":"http:\/\/archiv.szolnoktv.hu\/index.php?rest_route=\/wp\/v2\/users\/2"}],"replies":[{"embeddable":true,"href":"http:\/\/archiv.szolnoktv.hu\/index.php?rest_route=%2Fwp%2Fv2%2Fcomments&post=16152"}],"version-history":[{"count":1,"href":"http:\/\/archiv.szolnoktv.hu\/index.php?rest_route=\/wp\/v2\/posts\/16152\/revisions"}],"predecessor-version":[{"id":16187,"href":"http:\/\/archiv.szolnoktv.hu\/index.php?rest_route=\/wp\/v2\/posts\/16152\/revisions\/16187"}],"wp:attachment":[{"href":"http:\/\/archiv.szolnoktv.hu\/index.php?rest_route=%2Fwp%2Fv2%2Fmedia&parent=16152"}],"wp:term":[{"taxonomy":"category","embeddable":true,"href":"http:\/\/archiv.szolnoktv.hu\/index.php?rest_route=%2Fwp%2Fv2%2Fcategories&post=16152"},{"taxonomy":"post_tag","embeddable":true,"href":"http:\/\/archiv.szolnoktv.hu\/index.php?rest_route=%2Fwp%2Fv2%2Ftags&post=16152"}],"curies":[{"name":"wp","href":"https:\/\/api.w.org\/{rel}","templated":true}]}}