{"id":16151,"date":"2016-10-14T16:30:55","date_gmt":"2016-10-14T16:30:55","guid":{"rendered":"http:\/\/archiv.szolnoktv.hu\/?p=16151"},"modified":"2021-08-26T08:58:46","modified_gmt":"2021-08-26T08:58:46","slug":"felujitottak-a-magyar-allamkincstar-szolnok-megyei-igazgatosaganak-epuletet","status":"publish","type":"post","link":"http:\/\/archiv.szolnoktv.hu\/?p=16151","title":{"rendered":"Fel\u00faj\u00edtott\u00e1k a Magyar \u00c1llamkincst\u00e1r Szolnok megyei igazgat\u00f3s\u00e1g\u00e1nak \u00e9p\u00fclet\u00e9t"},"content":{"rendered":"<div class='booster-block booster-read-block'><\/div><p>420 milli\u00f3 forintb\u00f3l \u00fajult meg a Magyar \u00c1llamkincst\u00e1r szolnoki igazgat\u00f3s\u00e1ga. A h\u00e1rom szintes, neobarokk st\u00edlus\u00fa \u00e9p\u00fcletben ny\u00edl\u00e1sz\u00e1r\u00f3kat cser\u00e9ltek, fel\u00faj\u00edtott\u00e1k a teljes informatikai \u00e9s villamoss\u00e1gi h\u00e1l\u00f3zatot, 4 \u00fcgyf\u00e9lpultot alak\u00edtottak ki valamint a teljes homlokzata meg\u00fajult. Az \u00e9p\u00fcletet akad\u00e1lymentes\u00edtett\u00e9k \u00e9s statikailag is meger\u0151s\u00edtettek. Szeptemberben 14 \u00faj munkahelyet teremtettek, k\u00f6sz\u00f6nhet\u0151en a megn\u00f6vekedett \u00fcgyf\u00e9lk\u00f6rnek.<\/p>\n<p>M\u00e1r \u00faj k\u00f6rnyezetben fogadj\u00e1k az \u00fcgyfeleket. A fel\u00faj\u00edtott igazgat\u00f3s\u00e1got hivatalosan ma adt\u00e1k \u00e1t. A kincst\u00e1r\u00e9rt felel\u0151s helyettes \u00e1llamtitk\u00e1r azt mondta: jelent\u0151s nap ez a kincst\u00e1r \u00e9let\u00e9ben, hiszen a nemzeti bank egykori fi\u00f3k\u00e9p\u00fclete r\u00e9gi pomp\u00e1j\u00e1ban, de m\u00e1r a 21. sz\u00e1zad k\u00f6vetelm\u00e9nyeinek megfelel\u0151en v\u00e1rja \u00fcgyfeleit. Tev\u00e9kenys\u00e9g\u00fck pedig egyre fontosabb \u00e9s b\u0151vebb.<\/p>\n<p>&#8220;A helyi \u00f6nkorm\u00e1nyzatok p\u00e9nz\u00fcgyi, gazdas\u00e1gi ellen\u0151rz\u00e9s\u00e9t v\u00e9gzi imm\u00e1ron az elm\u00falt \u00e9vben, amely a kor\u00e1bban k\u00f6nyvvizsg\u00e1l\u00f3k \u00e1ltal v\u00e9gzett tev\u00e9kenys\u00e9get v\u00e1ltja ki ezzel imm\u00e1ron az \u00e1llamigazgat\u00e1si szeml\u00e9letnek megfelel\u0151en, nagyon fontos feladatokkal b\u0151v\u00fclt a m\u0171k\u00f6d\u00e9s, az Eur\u00f3pai Uni\u00f3s forr\u00e1sok felhaszn\u00e1l\u00e1sa ter\u00fclet\u00e9n.&#8221;&#8221; &#8211; mondta Dr. Berczik \u00c1bel kincst\u00e1r\u00e9rt felel\u0151s helyettes \u00e1llamtitk\u00e1r.<\/p>\n<p>Dr. K\u00e1llai M\u00e1ria megyei korm\u00e1nymegb\u00edzott \u00e9s Kov\u00e1cs S\u00e1ndor a megyei k\u00f6zgy\u0171l\u00e9s eln\u00f6ke k\u00f6sz\u00f6nt\u0151j\u00e9ben a remek, p\u00e9ld\u00e1s egy\u00fcttm\u0171k\u00f6d\u00e9st emelte ki.<\/p>\n<p>&#8220;&#8221;A korm\u00e1nyhivatal munkak\u00f6r\u00e9hez p\u00e1rhuzamosan kapcsol\u00f3dott t\u00f6bb sz\u00e1lon igazgat\u00f3 \u00far \u00e9s az itt dolgoz\u00f3 munkat\u00e1rsak tudj\u00e1k, hogy az elm\u00falt \u00e9vekben a k\u00f6zigazgat\u00e1s \u00e1talak\u00edt\u00e1s\u00e1val a kifizet\u00e9sek m\u00f3dosul\u00e1s\u00e1val nagyon sok alkalommal dolgoztunk egy\u00fctt k\u00f6z\u00f6sen.&#8221;&#8221; &#8211; mondta Dr. K\u00e1llai M\u00e1ria megyei korm\u00e1nymegb\u00edzott.<\/p>\n<p>A fel\u00faj\u00edt\u00e1sra nagy sz\u00fcks\u00e9g volt, utolj\u00e1ra 1990-ben renov\u00e1lt\u00e1k az \u00e9p\u00fcletet. 2012-ben a megrogyott rakt\u00e1r\u00e9p\u00fcletet \u00e9s gar\u00e1zst \u00e9p\u00edtett\u00e9k \u00fajj\u00e1, majd 2014-ben k\u00f6vetkezett maga az \u00e9p\u00fclet.<\/p>\n<p>&#8220;&#8221;El\u0151ker\u00fcltek olyan statikai probl\u00e9m\u00e1k, amik miatt az a gondolat t\u00f6rt\u00e9nt 2014 m\u00e1rcius 5-\u00e9n, akkor j\u00e1rt itt eln\u00f6k \u00far \u00e9s elsz\u00f6rnyedve l\u00e1tta azokat a d\u00facokat, amikor m\u00e1r statikai meger\u0151s\u00edt\u00e9s volt. Ezut\u00e1n elk\u00e9sz\u00fcltek a statikai tervek, amik alapj\u00e1n egy hossz\u00fa folyamat kezd\u0151d\u00f6tt \u00e9s fel\u00faj\u00edtottuk az \u00e9p\u00fcletet mondhatni, hogy a pinc\u00e9t\u0151l a padl\u00e1sig.&#8221;&#8221; &#8211; mondta Kov\u00e1cs J\u00f3zsef a  Magyar \u00c1llamkincst\u00e1r megyei igazgat\u00f3ja.<\/p>\n<p>Kicser\u00e9lt\u00e9k az \u00f6sszes ny\u00edl\u00e1sz\u00e1r\u00f3t, megt\u00f6rt\u00e9nt az \u00e9p\u00fclet teljes klimatiz\u00e1l\u00e1sa \u00e9s akad\u00e1lymentes\u00edt\u00e9se, fel\u00faj\u00edtott\u00e1k az informatikai \u00e9s villamosh\u00e1l\u00f3zatot. Megsz\u00e9p\u00fclt az \u00fcgyf\u00e9lszolg\u00e1lat is valamint m\u00e1r 4 pulton lehet \u00fcgyet int\u00e9zni. A homlokzat is megsz\u00e9p\u00fclt, mindez illeszkedik a v\u00e1ros fel\u00faj\u00edt\u00e1si programj\u00e1ba.<\/p>\n<p>&#8220;&#8221;K\u00fcl\u00f6n\u00f6sen fontos volt, hogy ez az \u00e9p\u00fclet ebben a f\u00e9ny\u00e9ben k\u00e9pviselje a r\u00e9git, a 18. sz\u00e1zadot is ak\u00e1r, ezen a gondolatok arr\u00f3l sz\u00f3lnak, hogy sok minden t\u00f6rt\u00e9nhet egy v\u00e1rosban, de, ha a v\u00e1rosk\u00e9p nem sz\u00e9p, a v\u00e1rosk\u00e9p nem az \u00e9lhet\u0151 v\u00e1ros k\u00e9pe, akkor baj van.&#8221;&#8221; &#8211; mondta Szalay Ferenc polg\u00e1rmester.<\/p>\n<p>A klasszicista jegyeket is hordoz\u00f3, neobarokk st\u00edlus\u00fa \u00e9p\u00fclet eredetileg k\u00e9t szintes, k\u00e9s\u0151bb h\u00fazt\u00e1k fel az \u00fajabb emeletet. Hubert J\u00f3zsef \u00e9p\u00edt\u00e9sz tervezte, a megsz\u00e9p\u00fclt \u00e9p\u00fcletet pedig hal\u00e1lnak 100. \u00e9vfordul\u00f3j\u00e1n adt\u00e1k \u00e1t.   &#8221;<br \/>\n<div style=\"width: 640px;\" class=\"wp-video\"><!--[if lt IE 9]><script>document.createElement('video');<\/script><![endif]-->\n<video class=\"wp-video-shortcode\" id=\"video-16151-1\" width=\"640\" height=\"360\" preload=\"metadata\" controls=\"controls\"><source type=\"video\/mp4\" src=\"\/spots\/hir\/hir_161014_04_2.mp4?_=1\" \/><a href=\"\/spots\/hir\/hir_161014_04_2.mp4\">\/spots\/hir\/hir_161014_04_2.mp4<\/a><\/video><\/div><\/p>\n","protected":false},"excerpt":{"rendered":"<p>420 milli\u00f3 forintb\u00f3l \u00fajult meg a Magyar \u00c1llamkincst\u00e1r szolnoki igazgat\u00f3s\u00e1ga. A h\u00e1rom szintes, neobarokk st\u00edlus\u00fa \u00e9p\u00fcletben ny\u00edl\u00e1sz\u00e1r\u00f3kat cser\u00e9ltek, fel\u00faj\u00edtott\u00e1k a teljes informatikai \u00e9s villamoss\u00e1gi h\u00e1l\u00f3zatot, 4 \u00fcgyf\u00e9lpultot alak\u00edtottak ki valamint a teljes homlokzata meg\u00fajult. Az \u00e9p\u00fcletet akad\u00e1lymentes\u00edtett\u00e9k \u00e9s statikailag is meger\u0151s\u00edtettek. Szeptemberben 14 \u00faj munkahelyet teremtettek, k\u00f6sz\u00f6nhet\u0151en a megn\u00f6vekedett \u00fcgyf\u00e9lk\u00f6rnek. M\u00e1r \u00faj k\u00f6rnyezetben fogadj\u00e1k az [&hellip;]<\/p>\n","protected":false},"author":2,"featured_media":0,"comment_status":"closed","ping_status":"closed","sticky":false,"template":"","format":"standard","meta":[],"categories":[16],"tags":[],"_links":{"self":[{"href":"http:\/\/archiv.szolnoktv.hu\/index.php?rest_route=\/wp\/v2\/posts\/16151"}],"collection":[{"href":"http:\/\/archiv.szolnoktv.hu\/index.php?rest_route=\/wp\/v2\/posts"}],"about":[{"href":"http:\/\/archiv.szolnoktv.hu\/index.php?rest_route=\/wp\/v2\/types\/post"}],"author":[{"embeddable":true,"href":"http:\/\/archiv.szolnoktv.hu\/index.php?rest_route=\/wp\/v2\/users\/2"}],"replies":[{"embeddable":true,"href":"http:\/\/archiv.szolnoktv.hu\/index.php?rest_route=%2Fwp%2Fv2%2Fcomments&post=16151"}],"version-history":[{"count":1,"href":"http:\/\/archiv.szolnoktv.hu\/index.php?rest_route=\/wp\/v2\/posts\/16151\/revisions"}],"predecessor-version":[{"id":16188,"href":"http:\/\/archiv.szolnoktv.hu\/index.php?rest_route=\/wp\/v2\/posts\/16151\/revisions\/16188"}],"wp:attachment":[{"href":"http:\/\/archiv.szolnoktv.hu\/index.php?rest_route=%2Fwp%2Fv2%2Fmedia&parent=16151"}],"wp:term":[{"taxonomy":"category","embeddable":true,"href":"http:\/\/archiv.szolnoktv.hu\/index.php?rest_route=%2Fwp%2Fv2%2Fcategories&post=16151"},{"taxonomy":"post_tag","embeddable":true,"href":"http:\/\/archiv.szolnoktv.hu\/index.php?rest_route=%2Fwp%2Fv2%2Ftags&post=16151"}],"curies":[{"name":"wp","href":"https:\/\/api.w.org\/{rel}","templated":true}]}}