{"id":16150,"date":"2016-10-14T16:28:29","date_gmt":"2016-10-14T16:28:29","guid":{"rendered":"http:\/\/archiv.szolnoktv.hu\/?p=16150"},"modified":"2021-08-26T08:58:46","modified_gmt":"2021-08-26T08:58:46","slug":"csuszik-a-kolozsvari-feluljaro-felujitasa","status":"publish","type":"post","link":"http:\/\/archiv.szolnoktv.hu\/?p=16150","title":{"rendered":"Cs\u00faszik a Kolozsv\u00e1ri fel\u00fclj\u00e1r\u00f3 fel\u00faj\u00edt\u00e1sa"},"content":{"rendered":"<div class='booster-block booster-read-block'><\/div><p>A kolozsv\u00e1ri vas\u00fati fel\u00fclj\u00e1r\u00f3 \u00e1llapot\u00e1r\u00f3l tartott sajt\u00f3t\u00e1j\u00e9koztat\u00f3t az MSZP. A p\u00e1rt a fel\u00fclj\u00e1r\u00f3 mihamarabbi fel\u00faj\u00edt\u00e1s\u00e1t s\u00fcrgeti. A 400 milli\u00f3 forintos beruh\u00e1z\u00e1sra azonban egyel\u0151re nincs forr\u00e1s.<\/p>\n<p>A Kolozsv\u00e1ri vas\u00fati fel\u00fclj\u00e1r\u00f3 \u00e1llapot\u00e1val kapcsolatban szinte naponta panaszkodnak a k\u00f6rny\u00e9ken \u00e9l\u0151k.  .Az MSZP  sajt\u00f3t\u00e1j\u00e9koztat\u00f3j\u00e1nak  c\u00e9lja \u00e9pp ez\u00e9rt  a figyelemfelkelt\u00e9s arra, hogy a h\u00edd fel\u00faj\u00edt\u00e1sa id\u0151szer\u0171.  Menk\u00f3 Gyula  a p\u00e1rt  v\u00e1rosi aleln\u00f6ke elmondta: a korrod\u00e1l\u00f3dott vagy hi\u00e1nyz\u00f3 elemek n\u00f6velik a balesetvesz\u00e9lyt az arra k\u00f6zleked\u0151k eset\u00e9ben. <br \/>Rad\u00f3cz Zolt\u00e1n \u00f6nkorm\u00e1nyzati k\u00e9pvisel\u0151k\u00e9nt m\u00e1r 2011-ben ind\u00edtv\u00e1nyozta a fel\u00fclj\u00e1r\u00f3 fel\u00faj\u00edt\u00e1s\u00e1t. Az \u00e1llami k\u00f6z\u00fatkezel\u0151 akkor 2014-re tette a fel\u00faj\u00edt\u00e1s v\u00e1rhat\u00f3 id\u0151pontj\u00e1t.  <\/p>\n<p>\u201e- Id\u00e9n \u00fajra k\u00e9rdeztem, \u00e9s az a d\u00f6bbenet, hogy nemhogy 2016-ban, de 2017-ben  sincs forr\u00e1s r\u00e1. A legjobb esetben is 2018-ban ny\u00fal hozz\u00e1 az \u00e1llami k\u00f6z\u00fatkezel\u0151. Az elm\u00falt hat \u00e9v alatt olyan m\u00e9rt\u00e9k\u0171 \u00e1llapotroml\u00e1s  alakult ki, ami a k\u00f6vetkez\u0151 2 \u00e9vben tov\u00e1bb fokoz\u00f3dhat\u201e mondta el a sajt\u00f3t\u00e1j\u00e9koztat\u00f3n Rad\u00f3cz Zolt\u00e1n. <\/p>\n<p>Ez\u00e9rt azt fogja k\u00e9rni a hivatalt\u00f3l, hogy legal\u00e1bb a korl\u00e1tok tekintet\u00e9ben v\u00e9gezzenek egy \u00e1llagfelm\u00e9r\u00e9st, \u00e9s ha van balesetvesz\u00e9ly, azt sz\u00fcntess\u00e9k meg-tette hozz\u00e1. <br \/>A Magyar K\u00f6z\u00fat Nonprofit Zrt. ismeri a r\u00e9gi probl\u00e9m\u00e1t, folyamatos \u00fczemeltet\u00e9ssel biztos\u00edtj\u00e1k, hogy k\u00f6zleked\u00e9sre alkalmas legyen. A vesz\u00e9ly miatt  le is z\u00e1rt\u00e1k a jobboldali csigal\u00e9pcs\u0151t. <\/p>\n<p>Herczegh G\u00e9za a Magyar K\u00f6z\u00fat Nonprofit Zrt fel\u00faj\u00edt\u00e1si \u00e9s fejleszt\u00e9si oszt\u00e1lyvezet\u0151je elmondta: <\/p>\n<p>\u201eNagyszab\u00e1s\u00fa \u00fatfel\u00faj\u00edt\u00e1si program kezd\u0151dik az orsz\u00e1gban, err\u0151l a k\u00f6z\u00f6ns\u00e9g is hallott m\u00e1r. Itt el\u0151kel\u0151 helyen szerepeltett\u00fck, a 2017-es \u00e9vet k\u00f6rvonalazva l\u00e1tjuk m\u00e1r, abba sajnos megint nem f\u00e9r bele\u201e- mondta. <\/p>\n<p>De folyamatosan figyelemmel k\u00eds\u00e9rik a h\u00edd \u00e1llapot\u00e1t \u00e9s azt rem\u00e9lik a 2018-as \u00e9vben elkezd\u0151dhetnek a 400 milli\u00f3 forintos fel\u00faj\u00edt\u00e1si munk\u00e1k, melyek sor\u00e1n elv\u00e9gzik majd  a teljes h\u00edd lepucol\u00e1st, p\u00e1lya szigetel\u00e9st, korl\u00e1tok, l\u00e9pcs\u0151k, aszfalt , j\u00e1rd\u00e1k fel\u00faj\u00edt\u00e1s\u00e1t is- tette hozz\u00e1 a fel\u00faj\u00edt\u00e1si \u00e9s fejleszt\u00e9si oszt\u00e1lyvezet\u0151.<br \/>\n<div style=\"width: 640px;\" class=\"wp-video\"><!--[if lt IE 9]><script>document.createElement('video');<\/script><![endif]-->\n<video class=\"wp-video-shortcode\" id=\"video-16150-1\" width=\"640\" height=\"360\" preload=\"metadata\" controls=\"controls\"><source type=\"video\/mp4\" src=\"\/spots\/hir\/hir_161014_02.mp4?_=1\" \/><a href=\"\/spots\/hir\/hir_161014_02.mp4\">\/spots\/hir\/hir_161014_02.mp4<\/a><\/video><\/div><\/p>\n","protected":false},"excerpt":{"rendered":"<p>A kolozsv\u00e1ri vas\u00fati fel\u00fclj\u00e1r\u00f3 \u00e1llapot\u00e1r\u00f3l tartott sajt\u00f3t\u00e1j\u00e9koztat\u00f3t az MSZP. A p\u00e1rt a fel\u00fclj\u00e1r\u00f3 mihamarabbi fel\u00faj\u00edt\u00e1s\u00e1t s\u00fcrgeti. A 400 milli\u00f3 forintos beruh\u00e1z\u00e1sra azonban egyel\u0151re nincs forr\u00e1s. A Kolozsv\u00e1ri vas\u00fati fel\u00fclj\u00e1r\u00f3 \u00e1llapot\u00e1val kapcsolatban szinte naponta panaszkodnak a k\u00f6rny\u00e9ken \u00e9l\u0151k. .Az MSZP sajt\u00f3t\u00e1j\u00e9koztat\u00f3j\u00e1nak c\u00e9lja \u00e9pp ez\u00e9rt a figyelemfelkelt\u00e9s arra, hogy a h\u00edd fel\u00faj\u00edt\u00e1sa id\u0151szer\u0171. Menk\u00f3 Gyula a p\u00e1rt [&hellip;]<\/p>\n","protected":false},"author":2,"featured_media":0,"comment_status":"closed","ping_status":"closed","sticky":false,"template":"","format":"standard","meta":[],"categories":[16],"tags":[],"_links":{"self":[{"href":"http:\/\/archiv.szolnoktv.hu\/index.php?rest_route=\/wp\/v2\/posts\/16150"}],"collection":[{"href":"http:\/\/archiv.szolnoktv.hu\/index.php?rest_route=\/wp\/v2\/posts"}],"about":[{"href":"http:\/\/archiv.szolnoktv.hu\/index.php?rest_route=\/wp\/v2\/types\/post"}],"author":[{"embeddable":true,"href":"http:\/\/archiv.szolnoktv.hu\/index.php?rest_route=\/wp\/v2\/users\/2"}],"replies":[{"embeddable":true,"href":"http:\/\/archiv.szolnoktv.hu\/index.php?rest_route=%2Fwp%2Fv2%2Fcomments&post=16150"}],"version-history":[{"count":1,"href":"http:\/\/archiv.szolnoktv.hu\/index.php?rest_route=\/wp\/v2\/posts\/16150\/revisions"}],"predecessor-version":[{"id":16189,"href":"http:\/\/archiv.szolnoktv.hu\/index.php?rest_route=\/wp\/v2\/posts\/16150\/revisions\/16189"}],"wp:attachment":[{"href":"http:\/\/archiv.szolnoktv.hu\/index.php?rest_route=%2Fwp%2Fv2%2Fmedia&parent=16150"}],"wp:term":[{"taxonomy":"category","embeddable":true,"href":"http:\/\/archiv.szolnoktv.hu\/index.php?rest_route=%2Fwp%2Fv2%2Fcategories&post=16150"},{"taxonomy":"post_tag","embeddable":true,"href":"http:\/\/archiv.szolnoktv.hu\/index.php?rest_route=%2Fwp%2Fv2%2Ftags&post=16150"}],"curies":[{"name":"wp","href":"https:\/\/api.w.org\/{rel}","templated":true}]}}