{"id":16149,"date":"2016-10-13T18:30:26","date_gmt":"2016-10-13T18:30:26","guid":{"rendered":"http:\/\/archiv.szolnoktv.hu\/?p=16149"},"modified":"2021-08-26T08:58:46","modified_gmt":"2021-08-26T08:58:46","slug":"tanevnyito-ertekezletet-tartott-a-pedagogiai-szakszervezet","status":"publish","type":"post","link":"http:\/\/archiv.szolnoktv.hu\/?p=16149","title":{"rendered":"Tan\u00e9vnyit\u00f3 \u00e9rtekezletet tartott a Pedag\u00f3giai Szakszervezet"},"content":{"rendered":"<div class='booster-block booster-read-block'><\/div><p>A KLIK \u00e9s a szakk\u00e9pz\u00e9s \u00e1talak\u00edt\u00e1sa, a sztr\u00e1jkbizotts\u00e1g \u00e9s a korm\u00e1ny t\u00e1rgyal\u00e1sai, \u00e9rdekv\u00e9delem. Ezek voltak a legfontosabb t\u00e9m\u00e1k a JNSZ Megyei Pedag\u00f3gusok Szakszervezet\u00e9nek mai tan\u00e9vnyit\u00f3 \u00e9rtekezlet\u00e9n. A rendezv\u00e9nyen elhangzott: nem indult z\u00f6kken\u0151mentesen a tan\u00e9v, hiszen ism\u00e9t sz\u00e1mos v\u00e1ltoz\u00e1s l\u00e9pett \u00e9letbe. A megyei eln\u00f6k szerint a pedag\u00f3gusok leterheltek \u00e9s \u00e1lland\u00f3ss\u00e1got szeretn\u00e9nek.<\/p>\n<p>A KLIK \u00e9s a szakk\u00e9pz\u00e9s \u00e1talak\u00edt\u00e1sa, a sztr\u00e1jkbizotts\u00e1g \u00e9s a korm\u00e1ny t\u00e1rgyal\u00e1sai, \u00e9rdekv\u00e9delem. Ezek voltak a legfontosabb t\u00e9m\u00e1k a JNSZ Megyei Pedag\u00f3gusok Szakszervezet\u00e9nek mai tan\u00e9vnyit\u00f3 \u00e9rtekezlet\u00e9n. A rendezv\u00e9nyen elhangzott: nem indult z\u00f6kken\u0151mentesen a tan\u00e9v, hiszen ism\u00e9t sz\u00e1mos v\u00e1ltoz\u00e1s l\u00e9pett \u00e9letbe. A megyei eln\u00f6k szerint a pedag\u00f3gusok leterheltek \u00e9s \u00e1lland\u00f3ss\u00e1got szeretn\u00e9nek. <\/p>\n<p>T\u00f6bb mint \u00f6tven szakszervezeti tag, gyakorl\u00f3 \u00e9s nyugd\u00edjas pedag\u00f3gus int\u00e9zm\u00e9nyek \u00e9s a KLIK vezet\u0151i vettek r\u00e9szt  JNSZ Megyei Pedag\u00f3gusok Szakszervezet\u00e9nek \u00e9rtekezlet\u00e9n. Az egyik legfontosabb t\u00e9ma az augusztus 30-\u00e1n megjelent, a tan\u00e9vet szab\u00e1lyoz\u00f3 korm\u00e1nyrendelet volt, melyet \u00fagy kellett alkalmazniuk az int\u00e9zm\u00e9nyeknek, hogy egy\u00e1ltal\u00e1n nem voltak r\u00e1  felk\u00e9sz\u00fclve. &#8211; mondta Szab\u00f3 Zsuzsa, a Pedag\u00f3gusok Szakszervezet\u00e9nek aleln\u00f6ke. <\/p>\n<p>\u201eAzt l\u00e1tjuk, hogy nincsen igaz\u00e1n nagy munkab\u00e9ke, mert sok-sok gondolt jelentett a korm\u00e1nyrendelet megjelen\u00e9s\u00e9b\u0151l sz\u00e1rmaz\u00f3 \u00e9rtelmez\u00e9si zavarok \u00f6z\u00f6ne.\u201e <\/p>\n<p>A Pedag\u00f3gus Szakszervezete \u00e1ltal sokat kritiz\u00e1lt KLIK \u00e1talakul, janu\u00e1rt\u00f3l tanker\u00fcleti k\u00f6zpontok j\u00f6nnek l\u00e9tre. Szab\u00f3 Zsuzsa \u00fagy fogalmazott: nem optimist\u00e1k az \u00e1tszervez\u00e9ssel kapcsolatban sem, hiszen hi\u00e1ba k\u00e9rt\u00e9k a jogszab\u00e1lytervezetet, nem kapnak felvil\u00e1gos\u00edt\u00e1st. A szakszervezet att\u00f3l tart, erre sem lesz majd idej\u00fck felk\u00e9sz\u00fclni a pedag\u00f3gusoknak, ahogyan a szakk\u00e9pz\u00e9s \u00e1talak\u00edt\u00e1sa is v\u00e1ratlanul \u00e9rte a tan\u00e1rokat. <\/p>\n<p>\u201eM\u00e1r ezzel az \u00e1tnevez\u00e9ssel van a pedag\u00f3gusok szakszervezet\u00e9nek probl\u00e9m\u00e1ja, hiszen amikor a di\u00e1kok jelentkeztek a szakk\u00e9pz\u0151 int\u00e9zm\u00e9nyekbe, m\u00e9g sz\u00f3 nem volt ezekr\u0151l az \u00e1talak\u00edt\u00e1sokr\u00f3l. Ehhez k\u00e9pest amikor megkapt\u00e1k a pap\u00edrt, hogy felvett\u00e9k \u0151ket, akkor szembes\u00fcltek, hogy egy m\u00e1sfajta k\u00e9pz\u00e9sben fognak r\u00e9szes\u00fclni.\u201e &#8211; tette hozz\u00e1 Gosztonyi G\u00e1bor, a Pedag\u00f3gusok Szakszervezet\u00e9nek m\u00e1sik aleln\u00f6ke. <\/p>\n<p>A megy\u00e9nkben \u00e9l\u0151 pedag\u00f3gusokra legink\u00e1bb a bizonytalans\u00e1g jellemz\u0151 &#8211; vette \u00e1t a sz\u00f3t a megyei szakszervezet eln\u00f6ke, F\u00f6ldv\u00e1rin\u00e9 Jeneses Katalin: <\/p>\n<p>\u201eNagyon  vegyesek a visszajelz\u00e9sek, borzaszt\u00f3an szeretn\u00e9nek m\u00e1r egy \u00e1lland\u00f3s\u00e1got mert az az \u00f6r\u00f6k\u00f6s v\u00e1ltoz\u00e1s, ami minden tan\u00e9vkezdetet jellemzi ez az\u00e9rt megviseli a koll\u00e9g\u00e1kat. Illetve a szakmai munk\u00e1t is befoly\u00e1solja. \u201e<\/p>\n<p>Az \u00e9rtekezleten elhangzott: megy\u00e9nkben t\u00f6bb mint ezer tagot sz\u00e1ml\u00e1l a pedag\u00f3gusok szakszervezete \u00e9s mindannyian sokat tesznek az\u00e9rt, hogy az itt \u00e9l\u0151 tan\u00e1roknak megfelel\u0151en m\u0171k\u00f6dj\u00f6n az \u00e9rdekk\u00e9pviselete.<br \/>\n<div style=\"width: 640px;\" class=\"wp-video\"><!--[if lt IE 9]><script>document.createElement('video');<\/script><![endif]-->\n<video class=\"wp-video-shortcode\" id=\"video-16149-1\" width=\"640\" height=\"360\" preload=\"metadata\" controls=\"controls\"><source type=\"video\/mp4\" src=\"\/spots\/hir\/hir_161013_06.mp4?_=1\" \/><a href=\"\/spots\/hir\/hir_161013_06.mp4\">\/spots\/hir\/hir_161013_06.mp4<\/a><\/video><\/div><\/p>\n","protected":false},"excerpt":{"rendered":"<p>A KLIK \u00e9s a szakk\u00e9pz\u00e9s \u00e1talak\u00edt\u00e1sa, a sztr\u00e1jkbizotts\u00e1g \u00e9s a korm\u00e1ny t\u00e1rgyal\u00e1sai, \u00e9rdekv\u00e9delem. Ezek voltak a legfontosabb t\u00e9m\u00e1k a JNSZ Megyei Pedag\u00f3gusok Szakszervezet\u00e9nek mai tan\u00e9vnyit\u00f3 \u00e9rtekezlet\u00e9n. A rendezv\u00e9nyen elhangzott: nem indult z\u00f6kken\u0151mentesen a tan\u00e9v, hiszen ism\u00e9t sz\u00e1mos v\u00e1ltoz\u00e1s l\u00e9pett \u00e9letbe. A megyei eln\u00f6k szerint a pedag\u00f3gusok leterheltek \u00e9s \u00e1lland\u00f3ss\u00e1got szeretn\u00e9nek. A KLIK \u00e9s a szakk\u00e9pz\u00e9s [&hellip;]<\/p>\n","protected":false},"author":2,"featured_media":0,"comment_status":"closed","ping_status":"closed","sticky":false,"template":"","format":"standard","meta":[],"categories":[16],"tags":[],"_links":{"self":[{"href":"http:\/\/archiv.szolnoktv.hu\/index.php?rest_route=\/wp\/v2\/posts\/16149"}],"collection":[{"href":"http:\/\/archiv.szolnoktv.hu\/index.php?rest_route=\/wp\/v2\/posts"}],"about":[{"href":"http:\/\/archiv.szolnoktv.hu\/index.php?rest_route=\/wp\/v2\/types\/post"}],"author":[{"embeddable":true,"href":"http:\/\/archiv.szolnoktv.hu\/index.php?rest_route=\/wp\/v2\/users\/2"}],"replies":[{"embeddable":true,"href":"http:\/\/archiv.szolnoktv.hu\/index.php?rest_route=%2Fwp%2Fv2%2Fcomments&post=16149"}],"version-history":[{"count":1,"href":"http:\/\/archiv.szolnoktv.hu\/index.php?rest_route=\/wp\/v2\/posts\/16149\/revisions"}],"predecessor-version":[{"id":16190,"href":"http:\/\/archiv.szolnoktv.hu\/index.php?rest_route=\/wp\/v2\/posts\/16149\/revisions\/16190"}],"wp:attachment":[{"href":"http:\/\/archiv.szolnoktv.hu\/index.php?rest_route=%2Fwp%2Fv2%2Fmedia&parent=16149"}],"wp:term":[{"taxonomy":"category","embeddable":true,"href":"http:\/\/archiv.szolnoktv.hu\/index.php?rest_route=%2Fwp%2Fv2%2Fcategories&post=16149"},{"taxonomy":"post_tag","embeddable":true,"href":"http:\/\/archiv.szolnoktv.hu\/index.php?rest_route=%2Fwp%2Fv2%2Ftags&post=16149"}],"curies":[{"name":"wp","href":"https:\/\/api.w.org\/{rel}","templated":true}]}}