{"id":16148,"date":"2016-10-13T18:29:09","date_gmt":"2016-10-13T18:29:09","guid":{"rendered":"http:\/\/archiv.szolnoktv.hu\/?p=16148"},"modified":"2021-08-26T08:58:46","modified_gmt":"2021-08-26T08:58:46","slug":"megyei-foglalkoztatasi-paktum-egyeztetes","status":"publish","type":"post","link":"http:\/\/archiv.szolnoktv.hu\/?p=16148","title":{"rendered":"Megyei foglalkoztat\u00e1si paktum egyeztet\u00e9s"},"content":{"rendered":"<div class='booster-block booster-read-block'><\/div><p>Egyeztettek az \u00e9rintettek. \u00d6nkorm\u00e1nyzati vezet\u0151k \u00e9s munkaad\u00f3k tal\u00e1lkoztak ma a megyeh\u00e1z\u00e1n. A megyei foglalkoztat\u00e1si paktum 2020 febru\u00e1rj\u00e1ig ir\u00e1nyozza el\u0151 a munkahely teremt\u00e9st \u00e9s munk\u00e1ba \u00e1ll\u00e1st seg\u00edt\u0151 projektek megval\u00f3sul\u00e1s\u00e1t. Mint elhangzott, a legfrissebb munkan\u00e9lk\u00fclis\u00e9gi adatok bizakod\u00e1sra adhatnak okot.<\/p>\n<p>M\u00edg h\u00e1rom \u00e9ve 23 ezer \u00e1ll\u00e1stalant tartottak nyilv\u00e1n J\u00e1sz- Nagykun Szolnok megy\u00e9ben addig a legfrissebb- b\u00e1r m\u00e9g nem v\u00e9gleges szeptemberi adatok szerint sz\u00e1muk mostanra 15 ezer f\u0151 al\u00e1 s\u00fcllyedt. Mindez az ut\u00f3bbi \u00e9vekben ide telep\u00fclt c\u00e9gek megn\u00f6vekedett munkaer\u0151ig\u00e9ny\u00e9nek \u00e9s a k\u00f6zmunkaprogramnak k\u00f6sz\u00f6nhet\u0151. A mutat\u00f3k tov\u00e1bbi javul\u00e1s\u00e1t szolg\u00e1lj\u00e1k a paktumban r\u00f6gz\u00edtett lehet\u0151s\u00e9gek, melyek siker\u00e9ben a startra k\u00e9sz beruh\u00e1z\u00e1sok is \u00e9rdekeltek. <\/p>\n<p>&#8220;\u00d6tsz\u00e1zt\u00f3l- ezer f\u0151ig fognak alkalmazni ezek a c\u00e9gek dolgoz\u00f3kat \u00e9s most m\u00e1r megkezd\u0151dtek a toborz\u00e1sok \u00e9s h\u00e1t tal\u00e1lkoztunk azzal a probl\u00e9m\u00e1val, hogy ugyan van munkan\u00e9lk\u00fclis\u00e9g de olyan munkak\u00e9pes, olyan k\u00e9pzetts\u00e9g\u0171 emberek m\u00e1r nagyon kevesen vannak akik ide megfeleln\u00e9nek.&#8221;&#8221;- Fogalmazott Kov\u00e1cs S\u00e1ndor a megyei k\u00f6zgy\u0171l\u00e9s eln\u00f6ke.<\/p>\n<p>A j\u00e1r\u00e1sok sor\u00e1ban a J\u00e1szber\u00e9nyi- \u00e9s a Mez\u0151t\u00fari J\u00e1r\u00e1sban a legkedvez\u0151bbek a munkan\u00e9lk\u00fclis\u00e9gi mutat\u00f3k. Szolnok k\u00f6rny\u00e9ke a k\u00f6z\u00e9pmez\u0151nyben helyezkedik el. A megyei foglalkoztat\u00e1si paktum forr\u00e1sai egyebek mellett toborz\u00e1sra, munkak\u00f6zvet\u00edt\u00e9sre, k\u00e9pz\u00e9sre adnak lehet\u0151s\u00e9get. <\/p>\n<p>&#8220;&#8221;A gazdas\u00e1gi v\u00e1ls\u00e1gban nagyon sok k\u00e9pzett munkaer\u0151 volt munka n\u00e9lk\u00fcl. Most m\u00e1r csak azok az emberek vannak \u00e1ltal\u00e1ban munka n\u00e9lk\u00fcl, akiknek alacsonyabb a k\u00e9pzetts\u00e9ge.&#8221;&#8221;<\/p>\n<p>A c\u00e9l- fogalmazott Kov\u00e1cs S\u00e1ndor a megyei k\u00f6zgy\u0171l\u00e9s eln\u00f6ke- hogy ne csak az dolgozzon aki szeretne dolgozni, hanem mindenki aki alkalmas arra, hogy munk\u00e1t v\u00e9gezzen. A J\u00e1sz- Nagykun- Szolnok Megyei Foglalkoztat\u00e1si Paktum 2020- ig mintegy 4.4 milli\u00e1rd forintot ir\u00e1nyoz el\u0151 munkaer\u0151 piacra t\u00f6rt\u00e9n\u0151 visszat\u00e9r\u00e9st seg\u00edt\u0151 programok finansz\u00edroz\u00e1s\u00e1ra. Hangzott el ma a megyeh\u00e1z\u00e1n.<br \/> &#8221;<br \/>\n<div style=\"width: 640px;\" class=\"wp-video\"><!--[if lt IE 9]><script>document.createElement('video');<\/script><![endif]-->\n<video class=\"wp-video-shortcode\" id=\"video-16148-1\" width=\"640\" height=\"360\" preload=\"metadata\" controls=\"controls\"><source type=\"video\/mp4\" src=\"\/spots\/hir\/hir_161013_05.mp4?_=1\" \/><a href=\"\/spots\/hir\/hir_161013_05.mp4\">\/spots\/hir\/hir_161013_05.mp4<\/a><\/video><\/div><\/p>\n","protected":false},"excerpt":{"rendered":"<p>Egyeztettek az \u00e9rintettek. \u00d6nkorm\u00e1nyzati vezet\u0151k \u00e9s munkaad\u00f3k tal\u00e1lkoztak ma a megyeh\u00e1z\u00e1n. A megyei foglalkoztat\u00e1si paktum 2020 febru\u00e1rj\u00e1ig ir\u00e1nyozza el\u0151 a munkahely teremt\u00e9st \u00e9s munk\u00e1ba \u00e1ll\u00e1st seg\u00edt\u0151 projektek megval\u00f3sul\u00e1s\u00e1t. Mint elhangzott, a legfrissebb munkan\u00e9lk\u00fclis\u00e9gi adatok bizakod\u00e1sra adhatnak okot. M\u00edg h\u00e1rom \u00e9ve 23 ezer \u00e1ll\u00e1stalant tartottak nyilv\u00e1n J\u00e1sz- Nagykun Szolnok megy\u00e9ben addig a legfrissebb- b\u00e1r m\u00e9g nem [&hellip;]<\/p>\n","protected":false},"author":2,"featured_media":0,"comment_status":"closed","ping_status":"closed","sticky":false,"template":"","format":"standard","meta":[],"categories":[16],"tags":[],"_links":{"self":[{"href":"http:\/\/archiv.szolnoktv.hu\/index.php?rest_route=\/wp\/v2\/posts\/16148"}],"collection":[{"href":"http:\/\/archiv.szolnoktv.hu\/index.php?rest_route=\/wp\/v2\/posts"}],"about":[{"href":"http:\/\/archiv.szolnoktv.hu\/index.php?rest_route=\/wp\/v2\/types\/post"}],"author":[{"embeddable":true,"href":"http:\/\/archiv.szolnoktv.hu\/index.php?rest_route=\/wp\/v2\/users\/2"}],"replies":[{"embeddable":true,"href":"http:\/\/archiv.szolnoktv.hu\/index.php?rest_route=%2Fwp%2Fv2%2Fcomments&post=16148"}],"version-history":[{"count":1,"href":"http:\/\/archiv.szolnoktv.hu\/index.php?rest_route=\/wp\/v2\/posts\/16148\/revisions"}],"predecessor-version":[{"id":16191,"href":"http:\/\/archiv.szolnoktv.hu\/index.php?rest_route=\/wp\/v2\/posts\/16148\/revisions\/16191"}],"wp:attachment":[{"href":"http:\/\/archiv.szolnoktv.hu\/index.php?rest_route=%2Fwp%2Fv2%2Fmedia&parent=16148"}],"wp:term":[{"taxonomy":"category","embeddable":true,"href":"http:\/\/archiv.szolnoktv.hu\/index.php?rest_route=%2Fwp%2Fv2%2Fcategories&post=16148"},{"taxonomy":"post_tag","embeddable":true,"href":"http:\/\/archiv.szolnoktv.hu\/index.php?rest_route=%2Fwp%2Fv2%2Ftags&post=16148"}],"curies":[{"name":"wp","href":"https:\/\/api.w.org\/{rel}","templated":true}]}}