{"id":16147,"date":"2016-10-13T18:27:47","date_gmt":"2016-10-13T18:27:47","guid":{"rendered":"http:\/\/archiv.szolnoktv.hu\/?p=16147"},"modified":"2021-08-26T08:58:47","modified_gmt":"2021-08-26T08:58:47","slug":"katonai-megfigyelo-tanfolyam-3","status":"publish","type":"post","link":"http:\/\/archiv.szolnoktv.hu\/?p=16147","title":{"rendered":"Katonai megfigyel\u0151 tanfolyam"},"content":{"rendered":"<div class='booster-block booster-read-block'><\/div><p>V\u00e9g\u00e9hez k\u00f6zeledik a 32-ik nemzetk\u00f6zi katonai megfigyel\u0151 tanfolyam. A szolnoki k\u00e9pz\u00e9sre 16 orsz\u00e1gb\u00f3l 29 tiszt jelentkezett. A k\u00e9pz\u00e9s v\u00e9g\u00e9n az elm\u00e9letben tanultakat a gyakorlatban is kipr\u00f3b\u00e1lhatt\u00e1k.<\/p>\n<p>Katon\u00e1k a Rept\u00e1rban. Azt a h\u00edrt kapt\u00e1k, hogy helyiek be akarnak t\u00f6rni a m\u00fazeum ter\u00fclet\u00e9re, hogy \u00e9les\u00edtsenek n\u00e9h\u00e1ny bemutatott rep\u00fcl\u0151g\u00e9pet, \u00e9s azzal katonai akci\u00f3t hajtsanak v\u00e9gre. Mindez persze csak gyakorlat &#8211; mondta SZ\u00dbCS G\u00c1BOR alezredes, oktat\u00f3:<\/p>\n<p>&#8220;A j\u00e1r\u0151rnek az a feladata, hogy ellen\u0151rizze a m\u00fazeum \u00e1llom\u00e1ny\u00e1ban l\u00e9v\u0151 rep\u00fcl\u0151g\u00e9peket, \u00e9s ellen\u0151rizze, hogy val\u00f3ban megpr\u00f3b\u00e1lnak-e rep\u00fcl\u0151 k\u00e9ssz\u00e9 tenni egy rep\u00fcl\u0151g\u00e9pet.&#8221;&#8221;<\/p>\n<p>A 32-ik nemzetk\u00f6zi katonai megfigyel\u0151 tanfolyam z\u00e1r\u00f3 esem\u00e9nyeinek egyike a Rept\u00e1r ellen\u0151rz\u00e9se. A h\u00e1rom hetek k\u00e9pz\u00e9s r\u00e9szek\u00e9nt, az elm\u00e9leti oktat\u00e1st k\u00f6vet\u0151en j\u00e1r\u0151r\u00f6z\u00e9si feladatokat, t\u00e1rgyal\u00e1si gyakorlatokat, inform\u00e1ci\u00f3gy\u0171jt\u00e9st, fegyverzet ellen\u0151rz\u00e9st kell v\u00e9gezni\u00fck a r\u00e9sztvev\u0151knek. A tanfolyam c\u00e9lja, hogy a hallgat\u00f3kat felk\u00e9sz\u00edtse a nemzetk\u00f6zi hadsz\u00ednt\u00e9ren v\u00e9gezhet\u0151 fegyvertelen katonai megfigyel\u0151 feladatokra. <\/p>\n<p>&#8220;&#8221;A szitu\u00e1ci\u00f3s tr\u00e9ningek m\u00e1r megt\u00f6rt\u00e9nt esem\u00e9nyekre \u00e9p\u00fclnek, de a legjobb forgat\u00f3k\u00f6nyv \u00edr\u00f3 az \u00e9let, val\u00f3s\u00e1gh\u0171 szitu\u00e1ci\u00f3kat \u00e1ll\u00edtunk be a hallgat\u00f3knak.&#8221;&#8221; -mondta NAGY R\u00d3BERT \u0151rnagy, megb\u00edzott-parancsnok-helyettes.<\/p>\n<p>Szolnokon \u00e9vente k\u00e9t tanfolyamot tartanak, ez m\u00e1r a m\u00e1sodik. Most 29 tiszt jelentkezett, 20-an 15 orsz\u00e1gb\u00f3l. J\u00f6ttek Egyiptomb\u00f3l, K\u00edn\u00e1b\u00f3l, Nam\u00edbi\u00e1b\u00f3l, Tog\u00f3b\u00f3l, \u00e9s m\u00e1s eur\u00f3pai orsz\u00e1gokb\u00f3l is. A vil\u00e1gban jelenleg 16 ENSZ misszi\u00f3 m\u0171k\u00f6dik, ebb\u0151l 12-ben, 1600 katona, rend\u0151r \u00e9s civil biztos\u00edt fegyvertelen szolg\u00e1latot.<\/p>\n<p>&#8220;&#8221;Minden katona v\u00e1gyik arra, hogy kipr\u00f3b\u00e1lja tud\u00e1s\u00e1t az eg\u00e9sz vil\u00e1gon, ez a tanfolyam az\u00e9rt fontos, hogy jelentkezhess\u00fcnk az ENSZ \u00e9gisze alatt t\u00f6rt\u00e9n\u0151 munk\u00e1kra misszi\u00f3kra.&#8221;&#8221; -mondta BOROS S\u00c1NDOR alezredes.<\/p>\n<p>A tanfolyam v\u00e9g\u00e9n a hallgat\u00f3k oklevelet kapnak, \u00e9s a saj\u00e1t haz\u00e1juk k\u00fclszolg\u00e1lati terve szerint mehetnek k\u00fclszolg\u00e1latra. Tapasztalat, hogy a legt\u00f6bbj\u00fcknek m\u00e1r az oklev\u00e9l \u00e1tv\u00e9telekor felaj\u00e1nlj\u00e1k ezt a lehet\u0151s\u00e9get. Ehhez azonban a kijel\u00f6lt c\u00e9lter\u00fclet saj\u00e1toss\u00e1gaira f\u00f3kusz\u00e1lva tov\u00e1bbi k\u00e9pz\u00e9seken kell majd m\u00e9g r\u00e9szt venni\u00fck. &#8221;<br \/>\n<div style=\"width: 640px;\" class=\"wp-video\"><!--[if lt IE 9]><script>document.createElement('video');<\/script><![endif]-->\n<video class=\"wp-video-shortcode\" id=\"video-16147-1\" width=\"640\" height=\"360\" preload=\"metadata\" controls=\"controls\"><source type=\"video\/mp4\" src=\"\/spots\/hir\/hir_161013_01.mp4?_=1\" \/><a href=\"\/spots\/hir\/hir_161013_01.mp4\">\/spots\/hir\/hir_161013_01.mp4<\/a><\/video><\/div><\/p>\n","protected":false},"excerpt":{"rendered":"<p>V\u00e9g\u00e9hez k\u00f6zeledik a 32-ik nemzetk\u00f6zi katonai megfigyel\u0151 tanfolyam. A szolnoki k\u00e9pz\u00e9sre 16 orsz\u00e1gb\u00f3l 29 tiszt jelentkezett. A k\u00e9pz\u00e9s v\u00e9g\u00e9n az elm\u00e9letben tanultakat a gyakorlatban is kipr\u00f3b\u00e1lhatt\u00e1k. Katon\u00e1k a Rept\u00e1rban. Azt a h\u00edrt kapt\u00e1k, hogy helyiek be akarnak t\u00f6rni a m\u00fazeum ter\u00fclet\u00e9re, hogy \u00e9les\u00edtsenek n\u00e9h\u00e1ny bemutatott rep\u00fcl\u0151g\u00e9pet, \u00e9s azzal katonai akci\u00f3t hajtsanak v\u00e9gre. Mindez persze csak [&hellip;]<\/p>\n","protected":false},"author":2,"featured_media":0,"comment_status":"closed","ping_status":"closed","sticky":false,"template":"","format":"standard","meta":[],"categories":[16],"tags":[],"_links":{"self":[{"href":"http:\/\/archiv.szolnoktv.hu\/index.php?rest_route=\/wp\/v2\/posts\/16147"}],"collection":[{"href":"http:\/\/archiv.szolnoktv.hu\/index.php?rest_route=\/wp\/v2\/posts"}],"about":[{"href":"http:\/\/archiv.szolnoktv.hu\/index.php?rest_route=\/wp\/v2\/types\/post"}],"author":[{"embeddable":true,"href":"http:\/\/archiv.szolnoktv.hu\/index.php?rest_route=\/wp\/v2\/users\/2"}],"replies":[{"embeddable":true,"href":"http:\/\/archiv.szolnoktv.hu\/index.php?rest_route=%2Fwp%2Fv2%2Fcomments&post=16147"}],"version-history":[{"count":1,"href":"http:\/\/archiv.szolnoktv.hu\/index.php?rest_route=\/wp\/v2\/posts\/16147\/revisions"}],"predecessor-version":[{"id":16192,"href":"http:\/\/archiv.szolnoktv.hu\/index.php?rest_route=\/wp\/v2\/posts\/16147\/revisions\/16192"}],"wp:attachment":[{"href":"http:\/\/archiv.szolnoktv.hu\/index.php?rest_route=%2Fwp%2Fv2%2Fmedia&parent=16147"}],"wp:term":[{"taxonomy":"category","embeddable":true,"href":"http:\/\/archiv.szolnoktv.hu\/index.php?rest_route=%2Fwp%2Fv2%2Fcategories&post=16147"},{"taxonomy":"post_tag","embeddable":true,"href":"http:\/\/archiv.szolnoktv.hu\/index.php?rest_route=%2Fwp%2Fv2%2Ftags&post=16147"}],"curies":[{"name":"wp","href":"https:\/\/api.w.org\/{rel}","templated":true}]}}