{"id":16146,"date":"2016-10-13T18:26:13","date_gmt":"2016-10-13T18:26:13","guid":{"rendered":"http:\/\/archiv.szolnoktv.hu\/?p=16146"},"modified":"2021-08-26T08:58:47","modified_gmt":"2021-08-26T08:58:47","slug":"godor-alakult-ki-az-ady-endre-ut-alatt","status":"publish","type":"post","link":"http:\/\/archiv.szolnoktv.hu\/?p=16146","title":{"rendered":"G\u00f6d\u00f6r alakult ki az Ady Endre \u00fat alatt"},"content":{"rendered":"<div class='booster-block booster-read-block'><\/div><p>Szerencs\u00e9re nem t\u00f6rt\u00e9nt baj. Megrepedt \u00e9s megs\u00fcllyedt a burkolat az Ady Endre \u00fat piac melletti szakasz\u00e1n. A felt\u00e1r\u00e1s kider\u00edtette, hogy az \u00fatp\u00e1lya alatt egy \u00fcreg alakult ki, amely azonnali beavatkoz\u00e1st ig\u00e9nyelt. \u00cdgy v\u00e1rhat\u00f3an h\u00e9tf\u0151ig forgalomkorl\u00e1toz\u00e1sra sz\u00e1m\u00edthatnak a k\u00f6zleked\u0151k, \u00e9rdemes m\u00e1s \u00fatvonalat v\u00e1lasztani.<\/p>\n<p>Ma d\u00e9lel\u0151tt 10 \u00f3r\u00e1t\u00f3l csak k\u00e9tszer egy s\u00e1von j\u00e1rhat\u00f3 az Ady Endre \u00fat Fiumei \u00fat \u00e9s Boldog S\u00e1ndor Istv\u00e1n k\u00f6r\u00fat k\u00f6z\u00f6tti szakasza. Kedden ugyanis \u00e9szrevett\u00e9k, hogy egy negyed n\u00e9gyzetm\u00e9teres ter\u00fcleten megrepedezett, majd megs\u00fcllyedt az aszfaltburkolat. Szerd\u00e1n a jelens\u00e9g tov\u00e1bb folytat\u00f3dott, ez\u00e9rt a szakemberek azonnali beavatkoz\u00e1st l\u00e1ttak sz\u00fcks\u00e9gesnek. Fej\u00e9r Andor alpolg\u00e1rmestert\u0151l megtudtuk, hogy \u201eegy r\u00e9szleges lez\u00e1r\u00e1ssal felt\u00e1r\u00e1sra ker\u00fclt egy 1 n\u00e9gyzetm\u00e9teres ter\u00fclet, ahol a szakemberek felbontott\u00e1k az \u00fatp\u00e1ly\u00e1t \u00e9s kider\u00fclt, hogy egy t\u00f6bb ir\u00e1nyba halad\u00f3 \u00fcregesed\u00e9s alakult ki az elm\u00falt \u00e9vek sor\u00e1n, olyan f\u00e9l m\u00e9ter m\u00e9lys\u00e9gben.\u201e <\/p>\n<p>Ahhoz, hogy kider\u00fclj\u00f6n, mekkora a probl\u00e9ma, azaz mekkora \u00fcreg alakult ki az \u00fatp\u00e1lya alatt, komolyabb felt\u00e1r\u00e1sra volt sz\u00fcks\u00e9g. Az \u00fatp\u00e1lya alatt kialakult \u00fcreg felt\u00e9telezett nagys\u00e1g\u00e1nak megfelel\u0151en el\u0151sz\u00f6r az aszfaltburkolatot v\u00e1gt\u00e1k k\u00f6rbe, majd pedig l\u00e9gkalap\u00e1cs seg\u00edts\u00e9g\u00e9vel megbontott\u00e1k \u00e9s felt\u00e1rt\u00e1k az \u00e9rintett ter\u00fcletet.<\/p>\n<p>Az alpolg\u00e1rmester szerint \u201ea kamer\u00e1s felt\u00e1r\u00e1s sz\u00e1raz f\u00f6ldet tal\u00e1lt, teh\u00e1t nem egy mostani v\u00edzelfoly\u00e1snak az eredm\u00e9nye. Elk\u00e9pzelhet\u0151, hogy az elm\u00falt \u00e9vtizedek sor\u00e1n sorozatosan kialakul\u00f3 cs\u0151t\u00f6r\u00e9seknek az eredm\u00e9nyek\u00e9ppen alakult ki, de most egyel\u0151re ez csak felt\u00e9telez\u00e9s, meg kell v\u00e1rnunk a pontos helysz\u00edni felt\u00e1r\u00e1st \u00e9s akkor \u00e1llap\u00edthat\u00f3 meg, hogy val\u00f3j\u00e1ban mi t\u00f6rt\u00e9nt.\u201e<\/p>\n<p>Kora d\u00e9lut\u00e1nra siker\u00fclt meg\u00e1llap\u00edtani, hogy az eset nem friss, a felt\u00e9telez\u00e9sek helyt\u00e1ll\u00f3ak voltak. Szerencs\u00e9re az is kider\u00fclt, hogy az \u00fcreg nagys\u00e1ga n\u00e9h\u00e1ny n\u00e9gyzetm\u00e9tern\u00e9l nem nagyobb, \u00edgy nagyobb beavatkoz\u00e1sra nincs sz\u00fcks\u00e9g. Az \u00fatp\u00e1lya alatt kialakult g\u00f6dr\u00f6t t\u00f6m\u00f6r\u00edtett f\u00f6lddel \u00e9s homokkal betemett\u00e9k, est\u00e9re pedig le is betonozt\u00e1k. A n\u00e9h\u00e1ny napos szil\u00e1rdul\u00e1st k\u00f6vet\u0151en h\u00e9tf\u0151n leaszfaltozz\u00e1k ezt a ter\u00fcletet, addig viszont marad az ideiglenes forgalomkorl\u00e1toz\u00e1s.<br \/>\n<div style=\"width: 640px;\" class=\"wp-video\"><!--[if lt IE 9]><script>document.createElement('video');<\/script><![endif]-->\n<video class=\"wp-video-shortcode\" id=\"video-16146-1\" width=\"640\" height=\"360\" preload=\"metadata\" controls=\"controls\"><source type=\"video\/mp4\" src=\"\/spots\/hir\/hir_161013_04.mp4?_=1\" \/><a href=\"\/spots\/hir\/hir_161013_04.mp4\">\/spots\/hir\/hir_161013_04.mp4<\/a><\/video><\/div><\/p>\n","protected":false},"excerpt":{"rendered":"<p>Szerencs\u00e9re nem t\u00f6rt\u00e9nt baj. Megrepedt \u00e9s megs\u00fcllyedt a burkolat az Ady Endre \u00fat piac melletti szakasz\u00e1n. A felt\u00e1r\u00e1s kider\u00edtette, hogy az \u00fatp\u00e1lya alatt egy \u00fcreg alakult ki, amely azonnali beavatkoz\u00e1st ig\u00e9nyelt. \u00cdgy v\u00e1rhat\u00f3an h\u00e9tf\u0151ig forgalomkorl\u00e1toz\u00e1sra sz\u00e1m\u00edthatnak a k\u00f6zleked\u0151k, \u00e9rdemes m\u00e1s \u00fatvonalat v\u00e1lasztani. Ma d\u00e9lel\u0151tt 10 \u00f3r\u00e1t\u00f3l csak k\u00e9tszer egy s\u00e1von j\u00e1rhat\u00f3 az Ady Endre \u00fat [&hellip;]<\/p>\n","protected":false},"author":2,"featured_media":0,"comment_status":"closed","ping_status":"closed","sticky":false,"template":"","format":"standard","meta":[],"categories":[16],"tags":[],"_links":{"self":[{"href":"http:\/\/archiv.szolnoktv.hu\/index.php?rest_route=\/wp\/v2\/posts\/16146"}],"collection":[{"href":"http:\/\/archiv.szolnoktv.hu\/index.php?rest_route=\/wp\/v2\/posts"}],"about":[{"href":"http:\/\/archiv.szolnoktv.hu\/index.php?rest_route=\/wp\/v2\/types\/post"}],"author":[{"embeddable":true,"href":"http:\/\/archiv.szolnoktv.hu\/index.php?rest_route=\/wp\/v2\/users\/2"}],"replies":[{"embeddable":true,"href":"http:\/\/archiv.szolnoktv.hu\/index.php?rest_route=%2Fwp%2Fv2%2Fcomments&post=16146"}],"version-history":[{"count":1,"href":"http:\/\/archiv.szolnoktv.hu\/index.php?rest_route=\/wp\/v2\/posts\/16146\/revisions"}],"predecessor-version":[{"id":16193,"href":"http:\/\/archiv.szolnoktv.hu\/index.php?rest_route=\/wp\/v2\/posts\/16146\/revisions\/16193"}],"wp:attachment":[{"href":"http:\/\/archiv.szolnoktv.hu\/index.php?rest_route=%2Fwp%2Fv2%2Fmedia&parent=16146"}],"wp:term":[{"taxonomy":"category","embeddable":true,"href":"http:\/\/archiv.szolnoktv.hu\/index.php?rest_route=%2Fwp%2Fv2%2Fcategories&post=16146"},{"taxonomy":"post_tag","embeddable":true,"href":"http:\/\/archiv.szolnoktv.hu\/index.php?rest_route=%2Fwp%2Fv2%2Ftags&post=16146"}],"curies":[{"name":"wp","href":"https:\/\/api.w.org\/{rel}","templated":true}]}}