{"id":15761,"date":"2016-08-23T14:11:23","date_gmt":"2016-08-23T14:11:23","guid":{"rendered":"http:\/\/archiv.szolnoktv.hu\/?p=15761"},"modified":"2021-08-26T08:19:17","modified_gmt":"2021-08-26T08:19:17","slug":"ma-van-a-totalitarius-diktaturak-europai-emleknapja","status":"publish","type":"post","link":"http:\/\/archiv.szolnoktv.hu\/?p=15761","title":{"rendered":"Ma van a totalit\u00e1rius diktat\u00far\u00e1k eur\u00f3pai eml\u00e9knapja"},"content":{"rendered":"<div class='booster-block booster-read-block'><\/div><p>Ma van a totalit\u00e1rius diktat\u00far\u00e1k eur\u00f3pai eml\u00e9knapja. Az 1939. augusztus 23-\u00e1n al\u00e1\u00edrt Molotov-Ribbentrop paktum eml\u00e9knapj\u00e1n arra a t\u00f6bb t\u00edz, vagy ak\u00e1r sz\u00e1zmilli\u00f3 emberre eml\u00e9kez\u00fcnk, akik a n\u00e1cizmus, vagy a kommunizmus \u00e1ldozatai lettek.<\/p>\n<div style=\"width: 640px;\" class=\"wp-video\"><!--[if lt IE 9]><script>document.createElement('video');<\/script><![endif]-->\n<video class=\"wp-video-shortcode\" id=\"video-15761-1\" width=\"640\" height=\"360\" preload=\"metadata\" controls=\"controls\"><source type=\"video\/mp4\" src=\"\/spots\/hir\/hir_160823_01.mp4?_=1\" \/><a href=\"\/spots\/hir\/hir_160823_01.mp4\">\/spots\/hir\/hir_160823_01.mp4<\/a><\/video><\/div>\n","protected":false},"excerpt":{"rendered":"<p>Ma van a totalit\u00e1rius diktat\u00far\u00e1k eur\u00f3pai eml\u00e9knapja. Az 1939. augusztus 23-\u00e1n al\u00e1\u00edrt Molotov-Ribbentrop paktum eml\u00e9knapj\u00e1n arra a t\u00f6bb t\u00edz, vagy ak\u00e1r sz\u00e1zmilli\u00f3 emberre eml\u00e9kez\u00fcnk, akik a n\u00e1cizmus, vagy a kommunizmus \u00e1ldozatai lettek.<\/p>\n","protected":false},"author":2,"featured_media":0,"comment_status":"closed","ping_status":"closed","sticky":false,"template":"","format":"standard","meta":[],"categories":[16],"tags":[],"_links":{"self":[{"href":"http:\/\/archiv.szolnoktv.hu\/index.php?rest_route=\/wp\/v2\/posts\/15761"}],"collection":[{"href":"http:\/\/archiv.szolnoktv.hu\/index.php?rest_route=\/wp\/v2\/posts"}],"about":[{"href":"http:\/\/archiv.szolnoktv.hu\/index.php?rest_route=\/wp\/v2\/types\/post"}],"author":[{"embeddable":true,"href":"http:\/\/archiv.szolnoktv.hu\/index.php?rest_route=\/wp\/v2\/users\/2"}],"replies":[{"embeddable":true,"href":"http:\/\/archiv.szolnoktv.hu\/index.php?rest_route=%2Fwp%2Fv2%2Fcomments&post=15761"}],"version-history":[{"count":1,"href":"http:\/\/archiv.szolnoktv.hu\/index.php?rest_route=\/wp\/v2\/posts\/15761\/revisions"}],"predecessor-version":[{"id":15858,"href":"http:\/\/archiv.szolnoktv.hu\/index.php?rest_route=\/wp\/v2\/posts\/15761\/revisions\/15858"}],"wp:attachment":[{"href":"http:\/\/archiv.szolnoktv.hu\/index.php?rest_route=%2Fwp%2Fv2%2Fmedia&parent=15761"}],"wp:term":[{"taxonomy":"category","embeddable":true,"href":"http:\/\/archiv.szolnoktv.hu\/index.php?rest_route=%2Fwp%2Fv2%2Fcategories&post=15761"},{"taxonomy":"post_tag","embeddable":true,"href":"http:\/\/archiv.szolnoktv.hu\/index.php?rest_route=%2Fwp%2Fv2%2Ftags&post=15761"}],"curies":[{"name":"wp","href":"https:\/\/api.w.org\/{rel}","templated":true}]}}