{"id":15760,"date":"2016-08-22T18:29:32","date_gmt":"2016-08-22T18:29:32","guid":{"rendered":"http:\/\/archiv.szolnoktv.hu\/?p=15760"},"modified":"2021-08-26T08:19:18","modified_gmt":"2021-08-26T08:19:18","slug":"karpat-medence-kenyere-2016","status":"publish","type":"post","link":"http:\/\/archiv.szolnoktv.hu\/?p=15760","title":{"rendered":"K\u00e1rp\u00e1t-medence kenyere 2016"},"content":{"rendered":"<div class='booster-block booster-read-block'><\/div><p>Minden eddigi rekordot megd\u00f6ntve id\u00e9n mintegy h\u00e1romsz\u00e1z kilogrammos lett a K\u00e1rp\u00e1t-Medence kenyere. Az \u00f3ri\u00e1scip\u00f3 ez\u00fattal  is zentai kov\u00e1szb\u00f3l, beregsz\u00e1szi forr\u00e1sv\u00edzb\u0151l, R\u00e9vkom\u00e1romi pity\u00f3k\u00e1b\u00f3l,  Parajdi s\u00f3b\u00f3l \u00e9s alf\u00f6ldi lisztb\u0151l k\u00e9sz\u00fclt. A K\u00e1rp\u00e1t-medence kenyere a magyar nemzet hat\u00e1rokon \u00e1t\u00edvel\u0151 \u00f6sszetartoz\u00e1s\u00e1t  szimboliz\u00e1lja.<\/p>\n<div style=\"width: 640px;\" class=\"wp-video\"><!--[if lt IE 9]><script>document.createElement('video');<\/script><![endif]-->\n<video class=\"wp-video-shortcode\" id=\"video-15760-1\" width=\"640\" height=\"360\" preload=\"metadata\" controls=\"controls\"><source type=\"video\/mp4\" src=\"\/spots\/hir\/hir_160822_06.mp4?_=1\" \/><a href=\"\/spots\/hir\/hir_160822_06.mp4\">\/spots\/hir\/hir_160822_06.mp4<\/a><\/video><\/div>\n","protected":false},"excerpt":{"rendered":"<p>Minden eddigi rekordot megd\u00f6ntve id\u00e9n mintegy h\u00e1romsz\u00e1z kilogrammos lett a K\u00e1rp\u00e1t-Medence kenyere. Az \u00f3ri\u00e1scip\u00f3 ez\u00fattal is zentai kov\u00e1szb\u00f3l, beregsz\u00e1szi forr\u00e1sv\u00edzb\u0151l, R\u00e9vkom\u00e1romi pity\u00f3k\u00e1b\u00f3l, Parajdi s\u00f3b\u00f3l \u00e9s alf\u00f6ldi lisztb\u0151l k\u00e9sz\u00fclt. A K\u00e1rp\u00e1t-medence kenyere a magyar nemzet hat\u00e1rokon \u00e1t\u00edvel\u0151 \u00f6sszetartoz\u00e1s\u00e1t szimboliz\u00e1lja.<\/p>\n","protected":false},"author":2,"featured_media":0,"comment_status":"closed","ping_status":"closed","sticky":false,"template":"","format":"standard","meta":[],"categories":[16],"tags":[],"_links":{"self":[{"href":"http:\/\/archiv.szolnoktv.hu\/index.php?rest_route=\/wp\/v2\/posts\/15760"}],"collection":[{"href":"http:\/\/archiv.szolnoktv.hu\/index.php?rest_route=\/wp\/v2\/posts"}],"about":[{"href":"http:\/\/archiv.szolnoktv.hu\/index.php?rest_route=\/wp\/v2\/types\/post"}],"author":[{"embeddable":true,"href":"http:\/\/archiv.szolnoktv.hu\/index.php?rest_route=\/wp\/v2\/users\/2"}],"replies":[{"embeddable":true,"href":"http:\/\/archiv.szolnoktv.hu\/index.php?rest_route=%2Fwp%2Fv2%2Fcomments&post=15760"}],"version-history":[{"count":1,"href":"http:\/\/archiv.szolnoktv.hu\/index.php?rest_route=\/wp\/v2\/posts\/15760\/revisions"}],"predecessor-version":[{"id":15859,"href":"http:\/\/archiv.szolnoktv.hu\/index.php?rest_route=\/wp\/v2\/posts\/15760\/revisions\/15859"}],"wp:attachment":[{"href":"http:\/\/archiv.szolnoktv.hu\/index.php?rest_route=%2Fwp%2Fv2%2Fmedia&parent=15760"}],"wp:term":[{"taxonomy":"category","embeddable":true,"href":"http:\/\/archiv.szolnoktv.hu\/index.php?rest_route=%2Fwp%2Fv2%2Fcategories&post=15760"},{"taxonomy":"post_tag","embeddable":true,"href":"http:\/\/archiv.szolnoktv.hu\/index.php?rest_route=%2Fwp%2Fv2%2Ftags&post=15760"}],"curies":[{"name":"wp","href":"https:\/\/api.w.org\/{rel}","templated":true}]}}