{"id":15759,"date":"2016-08-22T18:28:08","date_gmt":"2016-08-22T18:28:08","guid":{"rendered":"http:\/\/archiv.szolnoktv.hu\/?p=15759"},"modified":"2021-08-26T08:19:18","modified_gmt":"2021-08-26T08:19:18","slug":"vizi-es-legiparade-3","status":"publish","type":"post","link":"http:\/\/archiv.szolnoktv.hu\/?p=15759","title":{"rendered":"V\u00edzi \u00e9s l\u00e9gipar\u00e1d\u00e9"},"content":{"rendered":"<div class='booster-block booster-read-block'><\/div><p>Id\u00e9n is \u00f3ri\u00e1si sikert aratott az augusztus 20-i v\u00edzipar\u00e1d\u00e9 \u00e9s honv\u00e9ds\u00e9gi bemutat\u00f3. Az \u00e9rdekl\u0151d\u0151k megismerkedhettek a flyboarddal, majd k\u00e9t izgalmas jet ski versenyt szurkolhattak v\u00e9gig. Mindezek ut\u00e1n is marad izgalom, hiszen a honv\u00e9ds\u00e9g megmutatta mit kell egy v\u00edzi csata eset\u00e9n.<\/p>\n<p>A v\u00edzi \u00e9s l\u00e9gipar\u00e1de sor\u00e1t a flyboardoz\u00f3k nyitott\u00e1k. Ez a technikai sport rendk\u00edv\u00fcl fiatal, hiszen csup\u00e1n \u00f6t esztendeje alkott\u00e1k meg a rep\u00fcl\u0151 deszk\u00e1t. A szerkezet egy jet ski motorj\u00e1hoz van k\u00f6tve egy 18 m\u00e9ter hossz\u00fa t\u00f6ml\u0151vel. Ennek a sug\u00e1rhajt\u00f3m\u0171ve biztos\u00edtja a v\u00edzell\u00e1t\u00e1st, amivel a flyboard a leveg\u0151ben marad, maximum 10 m\u00e9ter magasban. A szerkezeten egy ember van &#8211; de nem egy bemutat\u00f3n. Szolnokon a Tisza f\u00f6l\u00f6tt Kir\u00e1ly Norbert m\u00e9g egy h\u00f6lgyet is mag\u00e1val vitt. A jet ski sem az \u00f6reg sportok t\u00e1bor\u00e1t gyarap\u00edtja. Az els\u0151 vil\u00e1gbajnoks\u00e1got 1982-ben rendezt\u00e9k, haz\u00e1nkban pedig r\u00e1 9 \u00e9vvel mutatkozott be. M\u00e1ra m\u00e1r 25 klub, t\u00f6bb, mint 200 igazolt versenyz\u0151j\u00e9t fogja \u00f6ssze a magyar sz\u00f6vets\u00e9g \u00e9s vil\u00e1g valamint Eur\u00f3pa-bajnokokat tud felmutatni. A Szolnok Kup\u00e1t k\u00e9t kateg\u00f3ri\u00e1ban rendezt\u00e9k meg. A kisebb g\u00e9poszt\u00e1lyban T\u00f3th \u00c1d\u00e1m diadalmaskodott, m\u00edg a nagyokn\u00e1l a kir\u00e1ly kateg\u00f3ri\u00e1ban \u00f3ri\u00e1si csata ut\u00e1n S\u00e1ndor Zsolt v\u00e9gzett az \u00e9len. A k\u00e9t futam ut\u00e1n pedig meg\u00e9rkeztek az ejt\u0151erny\u0151s\u00f6k, akik Magyarorsz\u00e1g, a v\u00e1ros, a honv\u00e9ds\u00e9g, \u00e9s a NATO \u00e9s az Eur\u00f3pai Uni\u00f3 z\u00e1szl\u00f3ival \u00e9rtek f\u00f6ldet a Tisza-part tiszaligeti oldal\u00e1n. Majd meg\u00e9rkezett \u00e9s kish\u00edj\u00e1n a sz\u0151ke foly\u00f3ra ereszkedett egy sz\u00e1ll\u00edt\u00f3 helikopter. Katon\u00e1k ugrottak ki bel\u0151le \u00e9s foglalt\u00e1k el hely\u00fcket a sz\u00e1razf\u00f6ld\u00f6n. Nem sokkal k\u00e9s\u0151bb pedig megkezd\u0151d\u00f6tt a fegyveres \u00f6sszecsap\u00e1s. Ami a parton kezd\u0151d\u00f6tt, majd a v\u00edzen folytat\u00f3dott, ugyanis az ellens\u00e9g egy haj\u00f3t is elt\u00e9r\u00edtett. A haj\u00f3 visszafoglal\u00e1sa volt a honv\u00e9ds\u00e9gi bemutat\u00f3 z\u00e1r\u00f3 akkordja. A vastaps pedig nem maradt el a telt partnyi k\u00f6z\u00f6ns\u00e9gt\u0151l.<br \/>\n<div style=\"width: 640px;\" class=\"wp-video\"><!--[if lt IE 9]><script>document.createElement('video');<\/script><![endif]-->\n<video class=\"wp-video-shortcode\" id=\"video-15759-1\" width=\"640\" height=\"360\" preload=\"metadata\" controls=\"controls\"><source type=\"video\/mp4\" src=\"\/spots\/hir\/hir_160822_05.mp4?_=1\" \/><a href=\"\/spots\/hir\/hir_160822_05.mp4\">\/spots\/hir\/hir_160822_05.mp4<\/a><\/video><\/div><\/p>\n","protected":false},"excerpt":{"rendered":"<p>Id\u00e9n is \u00f3ri\u00e1si sikert aratott az augusztus 20-i v\u00edzipar\u00e1d\u00e9 \u00e9s honv\u00e9ds\u00e9gi bemutat\u00f3. Az \u00e9rdekl\u0151d\u0151k megismerkedhettek a flyboarddal, majd k\u00e9t izgalmas jet ski versenyt szurkolhattak v\u00e9gig. Mindezek ut\u00e1n is marad izgalom, hiszen a honv\u00e9ds\u00e9g megmutatta mit kell egy v\u00edzi csata eset\u00e9n. A v\u00edzi \u00e9s l\u00e9gipar\u00e1de sor\u00e1t a flyboardoz\u00f3k nyitott\u00e1k. Ez a technikai sport rendk\u00edv\u00fcl fiatal, hiszen [&hellip;]<\/p>\n","protected":false},"author":2,"featured_media":0,"comment_status":"closed","ping_status":"closed","sticky":false,"template":"","format":"standard","meta":[],"categories":[16],"tags":[],"_links":{"self":[{"href":"http:\/\/archiv.szolnoktv.hu\/index.php?rest_route=\/wp\/v2\/posts\/15759"}],"collection":[{"href":"http:\/\/archiv.szolnoktv.hu\/index.php?rest_route=\/wp\/v2\/posts"}],"about":[{"href":"http:\/\/archiv.szolnoktv.hu\/index.php?rest_route=\/wp\/v2\/types\/post"}],"author":[{"embeddable":true,"href":"http:\/\/archiv.szolnoktv.hu\/index.php?rest_route=\/wp\/v2\/users\/2"}],"replies":[{"embeddable":true,"href":"http:\/\/archiv.szolnoktv.hu\/index.php?rest_route=%2Fwp%2Fv2%2Fcomments&post=15759"}],"version-history":[{"count":1,"href":"http:\/\/archiv.szolnoktv.hu\/index.php?rest_route=\/wp\/v2\/posts\/15759\/revisions"}],"predecessor-version":[{"id":15860,"href":"http:\/\/archiv.szolnoktv.hu\/index.php?rest_route=\/wp\/v2\/posts\/15759\/revisions\/15860"}],"wp:attachment":[{"href":"http:\/\/archiv.szolnoktv.hu\/index.php?rest_route=%2Fwp%2Fv2%2Fmedia&parent=15759"}],"wp:term":[{"taxonomy":"category","embeddable":true,"href":"http:\/\/archiv.szolnoktv.hu\/index.php?rest_route=%2Fwp%2Fv2%2Fcategories&post=15759"},{"taxonomy":"post_tag","embeddable":true,"href":"http:\/\/archiv.szolnoktv.hu\/index.php?rest_route=%2Fwp%2Fv2%2Ftags&post=15759"}],"curies":[{"name":"wp","href":"https:\/\/api.w.org\/{rel}","templated":true}]}}