{"id":15758,"date":"2016-08-22T18:18:48","date_gmt":"2016-08-22T18:18:48","guid":{"rendered":"http:\/\/archiv.szolnoktv.hu\/?p=15758"},"modified":"2021-08-26T08:19:19","modified_gmt":"2021-08-26T08:19:19","slug":"karpat-medence-kenyere-kulfoldiek","status":"publish","type":"post","link":"http:\/\/archiv.szolnoktv.hu\/?p=15758","title":{"rendered":"K\u00e1rp\u00e1t-medence kenyere k\u00fclf\u00f6ldiek"},"content":{"rendered":"<div class='booster-block booster-read-block'><\/div><p>50-60 kil\u00f3s kenyerek indultak \u00fatnak augusztus 20-\u00e1n Szolnokr\u00f3l. A K\u00e1rp\u00e1t-medence kenyere megs\u00fct\u00e9se program r\u00e9szek\u00e9nt a M\u0171v\u00e9sztelepen a felvid\u00e9ki, d\u00e9lvid\u00e9ki, erd\u00e9lyi \u00e9s k\u00e1rp\u00e1taljai magyaroknak is k\u00e9sz\u00fclt cip\u00f3. A telep\u00fcl\u00e9sekre m\u00e9g aznap meg\u00e9rkezett kenyereket meg\u00e1ldott\u00e1k \u00e9s sz\u00e9tosztott\u00e1k a jelenl\u00e9v\u0151k k\u00f6z\u00f6tt.<\/p>\n<p>Ma m\u00e1r hagyom\u00e1ny, hogy nem csak a szolnokiaknak s\u00fctnek p\u00e9kjeink kenyeret augusztus 20-\u00e1n, hanem a K\u00e1rp\u00e1t-medence kenyere programban r\u00e9sztvev\u0151, hat\u00e1ron t\u00fali telep\u00fcl\u00e9seknek is. Mint minden esztend\u0151ben, id\u00e9n is indult \u00fatnak cip\u00f3 Kolozsv\u00e1rra is. Erd\u00e9lybe Kov\u00e1cs S\u00e1ndor a megyei k\u00f6zgy\u0171l\u00e9s eln\u00f6ke vitte a kenyeret. A szolnoki keny\u00e9rs\u00fct\u00e9s szakmai ir\u00e1ny\u00edt\u00f3ja Di\u00f3szegi L\u00e1szl\u00f3 Sepsiszentgy\u00f6rgy legelismertebb p\u00e9kmestereinek egyike. Koll\u00e9g\u00e1i az erd\u00e9lyi telep\u00fcl\u00e9sen s\u00fct\u00f6tt\u00e9k meg azt az \u00f3ri\u00e1scip\u00f3t, melyet a Szent J\u00f3zsef R\u00f3mai Katolikus Pl\u00e9b\u00e1nia Templomban \u00e1ldottak meg. A szentmis\u00e9re id\u00e9n is t\u00f6bb sz\u00e1zan voltak k\u00edv\u00e1ncsiak. Szent Istv\u00e1n mellszobr\u00e1hoz t\u00f6bben elhelyezt\u00e9k a megeml\u00e9kez\u00e9s vir\u00e1gait is. Ezt k\u00f6vet\u0151en Hajd\u00fa J\u00e1nos f\u0151esperes meg\u00e1ldotta az \u00faj kenyeret. Augusztus 20-a Szlov\u00e1ki\u00e1ban nem munkasz\u00fcneti \u00fcnnep, m\u00e9gis sokan \u00f6sszegy\u0171ltek a Szolnokr\u00f3l \u00e9rkez\u0151 keny\u00e9r fogad\u00e1s\u00e1ra. A Vajdas\u00e1g sz\u00edv\u00e9ben, Zent\u00e1n kora d\u00e9lut\u00e1n elkezd\u0151d\u00f6tt az \u00fcnneps\u00e9g. El\u0151sz\u00f6r m\u0171vel\u0151d\u00e9si m\u0171sort l\u00e1thattak az \u00e9rdekl\u0151d\u0151k. A Kis Szent Ter\u00e9z Templomban \u00fcnnepi szent mis\u00e9n Nagy J\u00f3zsef esperes pl\u00e9b\u00e1nos \u00e1ldotta meg a Szolnokr\u00f3l \u00e9rkezett nagy cip\u00f3t. A kenyeret ezt k\u00f6vet\u0151en megszegt\u00e9k \u00e9s a jelenl\u00e9v\u0151k mind kaptak bel\u0151le egy szeletet. A polg\u00e1rmester szerint rendk\u00edv\u00fcl fontos dolog ez az \u00e9let\u00fckben. \u201eSzikla alapokon \u00e1ll a magyars\u00e1g, ezt bizony\u00edtja az elm\u00falt ezer \u00e9v is\u201e -ez m\u00e1r Beregsz\u00e1szon hangzott el. Szolnokr\u00f3l K\u00e1rp\u00e1t alj\u00e1ra is jutott a 60 kilogrammos kenyerek egyik\u00e9b\u0151l. Ahogyan Moln\u00e1r J\u00e1nos esperes-pl\u00e9b\u00e1nos mondta: \u201eEur\u00f3p\u00e1ban a kereszt\u00e9nys\u00e9g b\u00e1sty\u00e1ja kell, hogy legy\u00fcnk.\u201e 2016-ban is, a hat\u00e1ron t\u00fal \u00e9l\u0151k k\u00f6z\u00fcl t\u00f6bb ezren kaptak a szolnoki M\u0171v\u00e9sztelepen elk\u00e9sz\u00fclt kenyerekb\u0151l. Az \u00f6sszefog\u00e1s id\u00e9n is egys\u00e9get hozott a K\u00e1rp\u00e1t-medence telep\u00fcl\u00e9sei k\u00f6zt.<br \/>\n<div style=\"width: 640px;\" class=\"wp-video\"><!--[if lt IE 9]><script>document.createElement('video');<\/script><![endif]-->\n<video class=\"wp-video-shortcode\" id=\"video-15758-1\" width=\"640\" height=\"360\" preload=\"metadata\" controls=\"controls\"><source type=\"video\/mp4\" src=\"\/spots\/hir\/hir_160822_04.mp4?_=1\" \/><a href=\"\/spots\/hir\/hir_160822_04.mp4\">\/spots\/hir\/hir_160822_04.mp4<\/a><\/video><\/div><\/p>\n","protected":false},"excerpt":{"rendered":"<p>50-60 kil\u00f3s kenyerek indultak \u00fatnak augusztus 20-\u00e1n Szolnokr\u00f3l. A K\u00e1rp\u00e1t-medence kenyere megs\u00fct\u00e9se program r\u00e9szek\u00e9nt a M\u0171v\u00e9sztelepen a felvid\u00e9ki, d\u00e9lvid\u00e9ki, erd\u00e9lyi \u00e9s k\u00e1rp\u00e1taljai magyaroknak is k\u00e9sz\u00fclt cip\u00f3. A telep\u00fcl\u00e9sekre m\u00e9g aznap meg\u00e9rkezett kenyereket meg\u00e1ldott\u00e1k \u00e9s sz\u00e9tosztott\u00e1k a jelenl\u00e9v\u0151k k\u00f6z\u00f6tt. Ma m\u00e1r hagyom\u00e1ny, hogy nem csak a szolnokiaknak s\u00fctnek p\u00e9kjeink kenyeret augusztus 20-\u00e1n, hanem a K\u00e1rp\u00e1t-medence kenyere [&hellip;]<\/p>\n","protected":false},"author":2,"featured_media":0,"comment_status":"closed","ping_status":"closed","sticky":false,"template":"","format":"standard","meta":[],"categories":[16],"tags":[],"_links":{"self":[{"href":"http:\/\/archiv.szolnoktv.hu\/index.php?rest_route=\/wp\/v2\/posts\/15758"}],"collection":[{"href":"http:\/\/archiv.szolnoktv.hu\/index.php?rest_route=\/wp\/v2\/posts"}],"about":[{"href":"http:\/\/archiv.szolnoktv.hu\/index.php?rest_route=\/wp\/v2\/types\/post"}],"author":[{"embeddable":true,"href":"http:\/\/archiv.szolnoktv.hu\/index.php?rest_route=\/wp\/v2\/users\/2"}],"replies":[{"embeddable":true,"href":"http:\/\/archiv.szolnoktv.hu\/index.php?rest_route=%2Fwp%2Fv2%2Fcomments&post=15758"}],"version-history":[{"count":1,"href":"http:\/\/archiv.szolnoktv.hu\/index.php?rest_route=\/wp\/v2\/posts\/15758\/revisions"}],"predecessor-version":[{"id":15861,"href":"http:\/\/archiv.szolnoktv.hu\/index.php?rest_route=\/wp\/v2\/posts\/15758\/revisions\/15861"}],"wp:attachment":[{"href":"http:\/\/archiv.szolnoktv.hu\/index.php?rest_route=%2Fwp%2Fv2%2Fmedia&parent=15758"}],"wp:term":[{"taxonomy":"category","embeddable":true,"href":"http:\/\/archiv.szolnoktv.hu\/index.php?rest_route=%2Fwp%2Fv2%2Fcategories&post=15758"},{"taxonomy":"post_tag","embeddable":true,"href":"http:\/\/archiv.szolnoktv.hu\/index.php?rest_route=%2Fwp%2Fv2%2Ftags&post=15758"}],"curies":[{"name":"wp","href":"https:\/\/api.w.org\/{rel}","templated":true}]}}