{"id":15757,"date":"2016-08-22T18:16:33","date_gmt":"2016-08-22T18:16:33","guid":{"rendered":"http:\/\/archiv.szolnoktv.hu\/?p=15757"},"modified":"2021-08-26T08:19:19","modified_gmt":"2021-08-26T08:19:19","slug":"orokseg-vilagzenei-fesztival-2","status":"publish","type":"post","link":"http:\/\/archiv.szolnoktv.hu\/?p=15757","title":{"rendered":"\u00d6r\u00f6ks\u00e9g vil\u00e1gzenei fesztiv\u00e1l"},"content":{"rendered":"<div class='booster-block booster-read-block'><\/div><p>21-ik alkalommal is megt\u00f6lt\u00f6tte a Tisza haj\u00f3sok ter\u00e9t az \u00d6r\u00f6ks\u00e9g Vil\u00e1gzenei Fesztiv\u00e1l. Az augusztus 19-t\u0151l 21-ig tart\u00f3 koncertsorozaton k\u00f6zel 20 el\u0151ad\u00f3 \u00e9s egy\u00fcttes l\u00e9pett sz\u00ednpadra. A fesztiv\u00e1l id\u00e9n is nemzetk\u00f6zi jelleget \u00f6lt\u00f6tt.<\/p>\n<p>Igazi fesztiv\u00e1lhangulat, f\u00e9nyek, finom \u00e9telek, hozz\u00e1 a megfelel\u0151 italok&#8230; \u00e9s persze kit\u0171n\u0151 zene orsz\u00e1g hat\u00e1rton bentr\u0151l \u00e9s kintr\u0151l egyar\u00e1nt. A 21-ik \u00d6r\u00f6ks\u00e9g Vil\u00e1gzenei Fesztiv\u00e1l amit \u00edg\u00e9rt, be is tartotta. Lengyelorsz\u00e1gb\u00f3l, Amerik\u00e1b\u00f3l \u00e9s Rom\u00e1ni\u00e1b\u00f3l is \u00e9rkeztek fell\u00e9p\u0151k, hogy h\u00e9tk\u00f6znapinak egy\u00e1ltal\u00e1n nem nevezhet\u0151 zen\u00e9j\u00fckkel elk\u00e1pr\u00e1ztass\u00e1k a k\u00f6z\u00f6ns\u00e9get. A fesztiv\u00e1l egyik c\u00e9lja, hogy megismertesse a k\u00fcl\u00f6nb\u00f6z\u0151 n\u00e9pek, kult\u00far\u00e1k zen\u00e9it a szolnoki k\u00f6z\u00f6ns\u00e9ggel \u00fagy, hogy k\u00f6zben a hazai ig\u00e9nyes vil\u00e1gzenei form\u00e1ci\u00f3knak is teret adjon. Pont ennek k\u00f6sz\u00f6nheti siker\u00e9t: olyan el\u0151ad\u00f3k l\u00e9pnek fel \u00e9vr\u0151l-\u00e9vre, melyek nincsenek jelen az elkoptatott popzenei vil\u00e1gban, nem egyszer t\u00f6bb \u00e9vtizedes m\u00faltjuk ellen\u00e9re is a mai napig kuri\u00f3zumnak sz\u00e1m\u00edtanak.<br \/>\n<div style=\"width: 640px;\" class=\"wp-video\"><!--[if lt IE 9]><script>document.createElement('video');<\/script><![endif]-->\n<video class=\"wp-video-shortcode\" id=\"video-15757-1\" width=\"640\" height=\"360\" preload=\"metadata\" controls=\"controls\"><source type=\"video\/mp4\" src=\"\/spots\/hir\/hir_160822_03.mp4?_=1\" \/><a href=\"\/spots\/hir\/hir_160822_03.mp4\">\/spots\/hir\/hir_160822_03.mp4<\/a><\/video><\/div><\/p>\n","protected":false},"excerpt":{"rendered":"<p>21-ik alkalommal is megt\u00f6lt\u00f6tte a Tisza haj\u00f3sok ter\u00e9t az \u00d6r\u00f6ks\u00e9g Vil\u00e1gzenei Fesztiv\u00e1l. Az augusztus 19-t\u0151l 21-ig tart\u00f3 koncertsorozaton k\u00f6zel 20 el\u0151ad\u00f3 \u00e9s egy\u00fcttes l\u00e9pett sz\u00ednpadra. A fesztiv\u00e1l id\u00e9n is nemzetk\u00f6zi jelleget \u00f6lt\u00f6tt. Igazi fesztiv\u00e1lhangulat, f\u00e9nyek, finom \u00e9telek, hozz\u00e1 a megfelel\u0151 italok&#8230; \u00e9s persze kit\u0171n\u0151 zene orsz\u00e1g hat\u00e1rton bentr\u0151l \u00e9s kintr\u0151l egyar\u00e1nt. A 21-ik \u00d6r\u00f6ks\u00e9g Vil\u00e1gzenei [&hellip;]<\/p>\n","protected":false},"author":2,"featured_media":0,"comment_status":"closed","ping_status":"closed","sticky":false,"template":"","format":"standard","meta":[],"categories":[16],"tags":[],"_links":{"self":[{"href":"http:\/\/archiv.szolnoktv.hu\/index.php?rest_route=\/wp\/v2\/posts\/15757"}],"collection":[{"href":"http:\/\/archiv.szolnoktv.hu\/index.php?rest_route=\/wp\/v2\/posts"}],"about":[{"href":"http:\/\/archiv.szolnoktv.hu\/index.php?rest_route=\/wp\/v2\/types\/post"}],"author":[{"embeddable":true,"href":"http:\/\/archiv.szolnoktv.hu\/index.php?rest_route=\/wp\/v2\/users\/2"}],"replies":[{"embeddable":true,"href":"http:\/\/archiv.szolnoktv.hu\/index.php?rest_route=%2Fwp%2Fv2%2Fcomments&post=15757"}],"version-history":[{"count":1,"href":"http:\/\/archiv.szolnoktv.hu\/index.php?rest_route=\/wp\/v2\/posts\/15757\/revisions"}],"predecessor-version":[{"id":15862,"href":"http:\/\/archiv.szolnoktv.hu\/index.php?rest_route=\/wp\/v2\/posts\/15757\/revisions\/15862"}],"wp:attachment":[{"href":"http:\/\/archiv.szolnoktv.hu\/index.php?rest_route=%2Fwp%2Fv2%2Fmedia&parent=15757"}],"wp:term":[{"taxonomy":"category","embeddable":true,"href":"http:\/\/archiv.szolnoktv.hu\/index.php?rest_route=%2Fwp%2Fv2%2Fcategories&post=15757"},{"taxonomy":"post_tag","embeddable":true,"href":"http:\/\/archiv.szolnoktv.hu\/index.php?rest_route=%2Fwp%2Fv2%2Ftags&post=15757"}],"curies":[{"name":"wp","href":"https:\/\/api.w.org\/{rel}","templated":true}]}}