{"id":15683,"date":"2016-08-17T17:11:41","date_gmt":"2016-08-17T17:11:41","guid":{"rendered":"http:\/\/archiv.szolnoktv.hu\/?p=15683"},"modified":"2021-08-26T08:06:16","modified_gmt":"2021-08-26T08:06:16","slug":"megerkezett-az-eotvos-cirkusz","status":"publish","type":"post","link":"http:\/\/archiv.szolnoktv.hu\/?p=15683","title":{"rendered":"Meg\u00e9rkezett az E\u00f6tv\u00f6s cirkusz"},"content":{"rendered":"<div class='booster-block booster-read-block'><\/div><p>Szolnokra \u00e9rkezett a vil\u00e1gh\u00edr\u0171 E\u00f6tv\u00f6s cirkusz. Az \u00f6tven f\u0151s t\u00e1rsulat eddig nem l\u00e1tott produkci\u00f3val k\u00e9sz\u00fcl: egy id\u0151utaz\u00e1s seg\u00edts\u00e9g\u00e9vel vezetik be a n\u00e9z\u0151ket a cirkusz k\u00fcl\u00f6nleges vil\u00e1g\u00e1ba. A t\u00e1rsulat ma r\u00f6vid id\u0151re leb\u00e9n\u00edtotta a forgalmat a v\u00e1rosban: hangos felvonul\u00e1ssal k\u00f6sz\u00f6nt\u00f6tt\u00e9k a szolnokiakat.<br \/>\n<br \/>\n<div style=\"width: 640px;\" class=\"wp-video\"><!--[if lt IE 9]><script>document.createElement('video');<\/script><![endif]-->\n<video class=\"wp-video-shortcode\" id=\"video-15683-1\" width=\"640\" height=\"360\" preload=\"metadata\" controls=\"controls\"><source type=\"video\/mp4\" src=\"\/spots\/hir\/hir_160817_03.mp4?_=1\" \/><a href=\"\/spots\/hir\/hir_160817_03.mp4\">\/spots\/hir\/hir_160817_03.mp4<\/a><\/video><\/div><\/p>\n","protected":false},"excerpt":{"rendered":"<p>Szolnokra \u00e9rkezett a vil\u00e1gh\u00edr\u0171 E\u00f6tv\u00f6s cirkusz. Az \u00f6tven f\u0151s t\u00e1rsulat eddig nem l\u00e1tott produkci\u00f3val k\u00e9sz\u00fcl: egy id\u0151utaz\u00e1s seg\u00edts\u00e9g\u00e9vel vezetik be a n\u00e9z\u0151ket a cirkusz k\u00fcl\u00f6nleges vil\u00e1g\u00e1ba. A t\u00e1rsulat ma r\u00f6vid id\u0151re leb\u00e9n\u00edtotta a forgalmat a v\u00e1rosban: hangos felvonul\u00e1ssal k\u00f6sz\u00f6nt\u00f6tt\u00e9k a szolnokiakat.<\/p>\n","protected":false},"author":2,"featured_media":0,"comment_status":"closed","ping_status":"closed","sticky":false,"template":"","format":"standard","meta":[],"categories":[16],"tags":[],"_links":{"self":[{"href":"http:\/\/archiv.szolnoktv.hu\/index.php?rest_route=\/wp\/v2\/posts\/15683"}],"collection":[{"href":"http:\/\/archiv.szolnoktv.hu\/index.php?rest_route=\/wp\/v2\/posts"}],"about":[{"href":"http:\/\/archiv.szolnoktv.hu\/index.php?rest_route=\/wp\/v2\/types\/post"}],"author":[{"embeddable":true,"href":"http:\/\/archiv.szolnoktv.hu\/index.php?rest_route=\/wp\/v2\/users\/2"}],"replies":[{"embeddable":true,"href":"http:\/\/archiv.szolnoktv.hu\/index.php?rest_route=%2Fwp%2Fv2%2Fcomments&post=15683"}],"version-history":[{"count":1,"href":"http:\/\/archiv.szolnoktv.hu\/index.php?rest_route=\/wp\/v2\/posts\/15683\/revisions"}],"predecessor-version":[{"id":15696,"href":"http:\/\/archiv.szolnoktv.hu\/index.php?rest_route=\/wp\/v2\/posts\/15683\/revisions\/15696"}],"wp:attachment":[{"href":"http:\/\/archiv.szolnoktv.hu\/index.php?rest_route=%2Fwp%2Fv2%2Fmedia&parent=15683"}],"wp:term":[{"taxonomy":"category","embeddable":true,"href":"http:\/\/archiv.szolnoktv.hu\/index.php?rest_route=%2Fwp%2Fv2%2Fcategories&post=15683"},{"taxonomy":"post_tag","embeddable":true,"href":"http:\/\/archiv.szolnoktv.hu\/index.php?rest_route=%2Fwp%2Fv2%2Ftags&post=15683"}],"curies":[{"name":"wp","href":"https:\/\/api.w.org\/{rel}","templated":true}]}}