{"id":15682,"date":"2016-08-17T17:09:37","date_gmt":"2016-08-17T17:09:37","guid":{"rendered":"http:\/\/archiv.szolnoktv.hu\/?p=15682"},"modified":"2021-08-26T08:06:16","modified_gmt":"2021-08-26T08:06:16","slug":"i-nyari-vonos-mesterkurzus","status":"publish","type":"post","link":"http:\/\/archiv.szolnoktv.hu\/?p=15682","title":{"rendered":"I. ny\u00e1ri von\u00f3s mesterkurzus"},"content":{"rendered":"<div class='booster-block booster-read-block'><\/div><p>H\u00e9tf\u0151 \u00f3ta tart az I. szolnoki ny\u00e1ri von\u00f3s mesterkurzus a Bart\u00f3k B\u00e9la Zeneiskol\u00e1ban. Az \u00f6nkorm\u00e1nyzat t\u00e1mogat\u00e1s\u00e1val h\u00e9tf\u0151n indult el a n\u00e9gy napos tr\u00e9ning. Az \u00f3r\u00e1kat szakavatott m\u0171v\u00e9szek, Banda P\u00e1l \u00e9s Ber\u00e9nyi Zsuzsa vezetik.<\/p>\n<p>Banda P\u00e1l azt mutatja, hogyan kell j\u00f3l megsz\u00f3laltatni a csell\u00f3t. Vele szemben \u00fcl F\u00fcl\u00f6p Zsuzsanna, aki &#8211; kor\u00e1hoz k\u00e9pest &#8211; m\u00e1r r\u00e9gi motoros, t\u00f6bb \u00e9ve j\u00e1tszik a hangszeren.<\/p>\n<p>&#8220;Id\u00e9n volt az, hogy 4 \u00e9ve j\u00e1rok m\u00e1r csell\u00f3zni \u00e9s csell\u00f3n j\u00e1tszom, nagyon sok \u00faj dolgot tanulhattam \u00e9s nagyon j\u00f3l \u00e9rezhettem magamat.&#8221;&#8221; &#8211; mondta Zsuzsanna.<\/p>\n<p>Banda P\u00e1l csell\u00f3m\u0171v\u00e9sz diplom\u00e1ja megszerz\u00e9se ut\u00e1n Londonba k\u00f6lt\u00f6z\u00f6tt, t\u00f6bb von\u00f3sn\u00e9gyesnek is tagja volt. Sz\u00f3l\u00f3 \u00e9s kamarazenekari fell\u00e9p\u00e9sei sor\u00e1n megfordult t\u00f6bbek k\u00f6z\u00f6tt az Egyes\u00fclt \u00c1llamokban, Kanad\u00e1ban, Szingap\u00farban \u00e9s rengeteg eur\u00f3pai orsz\u00e1gban is. Azt mondta: b\u00e1r egy ilyen p\u00e1r napos kurzuson megv\u00e1ltoztatni senkit sem lehet, m\u00e9gis rendk\u00edv\u00fcl hasznosak ezek a p\u00e1r napos tr\u00e9ningek.<\/p>\n<p>&#8220;&#8221;Elkezd egy zenei gondolkod\u00e1st megv\u00e1ltoztatni egy olyan ir\u00e1nyba, ami tov\u00e1bb viszi &#8211; p\u00e9ld\u00e1ul arr\u00f3l besz\u00e9lgett\u00fcnk, hogy t\u00e1ncoljon ez a darab \u00e9s ne csak a hangok legyenek j\u00f3k, ilyen vitaind\u00edt\u00f3nak nagyon j\u00f3 egy kurzus.&#8221;&#8221; &#8211; mondta.<\/p>\n<p>A m\u00e1sik teremben Ber\u00e9nyi Zsuzs\u00e1t\u00f3l tanulhatnak a fiatalok. A heged\u0171m\u0171v\u00e9sz, aki &#8211; gyermekkor\u00e1t Szolnokon t\u00f6lt\u00f6tte &#8211; azt mondta: a fiatalok ebben a korban a legfog\u00e9konyabbak a tan\u00edt\u00e1sra.<\/p>\n<p>&#8220;&#8221;Nagyon sok mindent tanulnak egy-egy \u00f3ra alkalm\u00e1val \u00e9s hozz\u00e1k ezt a tud\u00e1st m\u00e1snap, teh\u00e1t t\u00e9nyleg gyakorolnak minden nap komolyan \u00e9s van eredm\u00e9ny \u00fagy l\u00e1tom.&#8221;&#8221; &#8211; mondta.<\/p>\n<p>A kurzuson n\u00f6vend\u00e9kek, pedag\u00f3gusok egyar\u00e1nt r\u00e9szt vesznek, hiszen ez az, ahol mindenki tanulhat.<\/p>\n<p>&#8220;&#8221;Egy-egy ilyen alkalommal az itt r\u00e9sztvev\u0151 pedag\u00f3gusok is, n\u00f6vend\u00e9kek is rengeteget tanulnak, \u00fatraval\u00f3t kapnak, ir\u00e1nymutat\u00e1st, motiv\u00e1ci\u00f3t a tov\u00e1bbiakhoz, \u00e9n azt gondolom, hogy nagyon-nagyon hasznos ebben a korban remek szakemberekt\u0151l tanulni.&#8221;&#8221; &#8211; fogalmazott Abonyi Katalin az int\u00e9zm\u00e9ny vezet\u0151je.<\/p>\n<p>A kurzust els\u0151 alkalommal rendezik a v\u00e1rosban, mindez az \u00f6nkorm\u00e1nyzat t\u00e1mogat\u00e1s\u00e1nak is k\u00f6sz\u00f6nhet\u0151. &#8221;<br \/>\n<div style=\"width: 640px;\" class=\"wp-video\"><!--[if lt IE 9]><script>document.createElement('video');<\/script><![endif]-->\n<video class=\"wp-video-shortcode\" id=\"video-15682-1\" width=\"640\" height=\"360\" preload=\"metadata\" controls=\"controls\"><source type=\"video\/mp4\" src=\"\/spots\/hir\/hir_160817_01.mp4?_=1\" \/><a href=\"\/spots\/hir\/hir_160817_01.mp4\">\/spots\/hir\/hir_160817_01.mp4<\/a><\/video><\/div><\/p>\n","protected":false},"excerpt":{"rendered":"<p>H\u00e9tf\u0151 \u00f3ta tart az I. szolnoki ny\u00e1ri von\u00f3s mesterkurzus a Bart\u00f3k B\u00e9la Zeneiskol\u00e1ban. Az \u00f6nkorm\u00e1nyzat t\u00e1mogat\u00e1s\u00e1val h\u00e9tf\u0151n indult el a n\u00e9gy napos tr\u00e9ning. Az \u00f3r\u00e1kat szakavatott m\u0171v\u00e9szek, Banda P\u00e1l \u00e9s Ber\u00e9nyi Zsuzsa vezetik. Banda P\u00e1l azt mutatja, hogyan kell j\u00f3l megsz\u00f3laltatni a csell\u00f3t. Vele szemben \u00fcl F\u00fcl\u00f6p Zsuzsanna, aki &#8211; kor\u00e1hoz k\u00e9pest &#8211; m\u00e1r r\u00e9gi [&hellip;]<\/p>\n","protected":false},"author":2,"featured_media":0,"comment_status":"closed","ping_status":"closed","sticky":false,"template":"","format":"standard","meta":[],"categories":[16],"tags":[],"_links":{"self":[{"href":"http:\/\/archiv.szolnoktv.hu\/index.php?rest_route=\/wp\/v2\/posts\/15682"}],"collection":[{"href":"http:\/\/archiv.szolnoktv.hu\/index.php?rest_route=\/wp\/v2\/posts"}],"about":[{"href":"http:\/\/archiv.szolnoktv.hu\/index.php?rest_route=\/wp\/v2\/types\/post"}],"author":[{"embeddable":true,"href":"http:\/\/archiv.szolnoktv.hu\/index.php?rest_route=\/wp\/v2\/users\/2"}],"replies":[{"embeddable":true,"href":"http:\/\/archiv.szolnoktv.hu\/index.php?rest_route=%2Fwp%2Fv2%2Fcomments&post=15682"}],"version-history":[{"count":1,"href":"http:\/\/archiv.szolnoktv.hu\/index.php?rest_route=\/wp\/v2\/posts\/15682\/revisions"}],"predecessor-version":[{"id":15697,"href":"http:\/\/archiv.szolnoktv.hu\/index.php?rest_route=\/wp\/v2\/posts\/15682\/revisions\/15697"}],"wp:attachment":[{"href":"http:\/\/archiv.szolnoktv.hu\/index.php?rest_route=%2Fwp%2Fv2%2Fmedia&parent=15682"}],"wp:term":[{"taxonomy":"category","embeddable":true,"href":"http:\/\/archiv.szolnoktv.hu\/index.php?rest_route=%2Fwp%2Fv2%2Fcategories&post=15682"},{"taxonomy":"post_tag","embeddable":true,"href":"http:\/\/archiv.szolnoktv.hu\/index.php?rest_route=%2Fwp%2Fv2%2Ftags&post=15682"}],"curies":[{"name":"wp","href":"https:\/\/api.w.org\/{rel}","templated":true}]}}