{"id":15680,"date":"2016-08-16T17:15:55","date_gmt":"2016-08-16T17:15:55","guid":{"rendered":"http:\/\/archiv.szolnoktv.hu\/?p=15680"},"modified":"2021-08-26T08:06:17","modified_gmt":"2021-08-26T08:06:17","slug":"legyen-a-tiszaligeti-az-ev-furdoje","status":"publish","type":"post","link":"http:\/\/archiv.szolnoktv.hu\/?p=15680","title":{"rendered":"Legyen a Tiszaligeti az \u00e9v f\u00fcrd\u0151je"},"content":{"rendered":"<div class='booster-block booster-read-block'><\/div><p>Legyen az Tiszaligeti strand az \u00e9v f\u00fcrd\u0151je. Hogy ez a megtisztel\u0151 c\u00edm a v\u00e1ros\u00e9 lehessen, nem kell m\u00e1st tenni, mint szavazni az interneten kereszt\u00fcl Szolnok 8 hekt\u00e1ros strandj\u00e1ra. A Magyar F\u00fcrd\u0151sz\u00f6vets\u00e9g \u00e9s a term\u00e1lfurdo.hu k\u00f6z\u00f6s p\u00e1ly\u00e1zat\u00e1n a f\u00fcrd\u0151k h\u00e1rom kateg\u00f3ri\u00e1ban versenyeznek egym\u00e1ssal. A szolnoki az \u201e\u00c9v f\u00fcrd\u0151je 2016\u201e c\u00edmet nyerheti el.<br \/>\n<br \/>\n<div style=\"width: 640px;\" class=\"wp-video\"><!--[if lt IE 9]><script>document.createElement('video');<\/script><![endif]-->\n<video class=\"wp-video-shortcode\" id=\"video-15680-1\" width=\"640\" height=\"360\" preload=\"metadata\" controls=\"controls\"><source type=\"video\/mp4\" src=\"\/spots\/hir\/hir_160816_05_1.mp4?_=1\" \/><a href=\"\/spots\/hir\/hir_160816_05_1.mp4\">\/spots\/hir\/hir_160816_05_1.mp4<\/a><\/video><\/div><\/p>\n","protected":false},"excerpt":{"rendered":"<p>Legyen az Tiszaligeti strand az \u00e9v f\u00fcrd\u0151je. Hogy ez a megtisztel\u0151 c\u00edm a v\u00e1ros\u00e9 lehessen, nem kell m\u00e1st tenni, mint szavazni az interneten kereszt\u00fcl Szolnok 8 hekt\u00e1ros strandj\u00e1ra. A Magyar F\u00fcrd\u0151sz\u00f6vets\u00e9g \u00e9s a term\u00e1lfurdo.hu k\u00f6z\u00f6s p\u00e1ly\u00e1zat\u00e1n a f\u00fcrd\u0151k h\u00e1rom kateg\u00f3ri\u00e1ban versenyeznek egym\u00e1ssal. A szolnoki az \u201e\u00c9v f\u00fcrd\u0151je 2016\u201e c\u00edmet nyerheti el.<\/p>\n","protected":false},"author":2,"featured_media":0,"comment_status":"closed","ping_status":"closed","sticky":false,"template":"","format":"standard","meta":[],"categories":[16],"tags":[],"_links":{"self":[{"href":"http:\/\/archiv.szolnoktv.hu\/index.php?rest_route=\/wp\/v2\/posts\/15680"}],"collection":[{"href":"http:\/\/archiv.szolnoktv.hu\/index.php?rest_route=\/wp\/v2\/posts"}],"about":[{"href":"http:\/\/archiv.szolnoktv.hu\/index.php?rest_route=\/wp\/v2\/types\/post"}],"author":[{"embeddable":true,"href":"http:\/\/archiv.szolnoktv.hu\/index.php?rest_route=\/wp\/v2\/users\/2"}],"replies":[{"embeddable":true,"href":"http:\/\/archiv.szolnoktv.hu\/index.php?rest_route=%2Fwp%2Fv2%2Fcomments&post=15680"}],"version-history":[{"count":1,"href":"http:\/\/archiv.szolnoktv.hu\/index.php?rest_route=\/wp\/v2\/posts\/15680\/revisions"}],"predecessor-version":[{"id":15699,"href":"http:\/\/archiv.szolnoktv.hu\/index.php?rest_route=\/wp\/v2\/posts\/15680\/revisions\/15699"}],"wp:attachment":[{"href":"http:\/\/archiv.szolnoktv.hu\/index.php?rest_route=%2Fwp%2Fv2%2Fmedia&parent=15680"}],"wp:term":[{"taxonomy":"category","embeddable":true,"href":"http:\/\/archiv.szolnoktv.hu\/index.php?rest_route=%2Fwp%2Fv2%2Fcategories&post=15680"},{"taxonomy":"post_tag","embeddable":true,"href":"http:\/\/archiv.szolnoktv.hu\/index.php?rest_route=%2Fwp%2Fv2%2Ftags&post=15680"}],"curies":[{"name":"wp","href":"https:\/\/api.w.org\/{rel}","templated":true}]}}