{"id":15678,"date":"2016-08-16T17:12:21","date_gmt":"2016-08-16T17:12:21","guid":{"rendered":"http:\/\/archiv.szolnoktv.hu\/?p=15678"},"modified":"2021-08-26T08:06:17","modified_gmt":"2021-08-26T08:06:17","slug":"egyuttmukodes-a-zseblopasok-ellen","status":"publish","type":"post","link":"http:\/\/archiv.szolnoktv.hu\/?p=15678","title":{"rendered":"Egy\u00fcttm\u0171k\u00f6d\u00e9s a zseblop\u00e1sok ellen"},"content":{"rendered":"<div class='booster-block booster-read-block'><\/div><p>A b\u0171nmegel\u0151z\u00e9s \u00e9rdek\u00e9ben egy\u00fcttm\u0171k\u00f6d\u00e9si meg\u00e1llapod\u00e1st k\u00f6t\u00f6tt a J\u00e1sz-Nagykun-Szolnok Megyei Rend\u0151r-f\u0151kapit\u00e1nys\u00e1g \u00e9s a K\u00f6z\u00e9pkelet-Magyarorsz\u00e1gi K\u00f6zleked\u00e9si K\u00f6zpont. Ennek r\u00e9szek\u00e9nt a helyi j\u00e1ratos buszokon m\u00e1r megjelennek a zseblop\u00e1sra figyelmeztet\u0151 piktogramok \u00e9s hangosbemond\u00f3n kereszt\u00fcl is t\u00f6bb hasznos tan\u00e1cs jut el az utasokhoz.<\/p>\n<p>A k\u00f6zleked\u00e9si v\u00e1llalat \u00e9s a rend\u0151rs\u00e9g ma \u00edrta al\u00e1 azt az egy\u00fcttm\u0171k\u00f6d\u00e9si meg\u00e1llapod\u00e1st, mellyel k\u00f6z\u00f6sen l\u00e9pnek fel a zseblop\u00e1sok ellen. Vigy\u00e1zat! Zsebtolvaj! Vigy\u00e1zzon \u00e9rt\u00e9keire! A meg\u00e1llapod\u00e1s r\u00e9szek\u00e9nt mostant\u00f3l ezekkel a piktogramokkal tal\u00e1lkozhatnak a helyi j\u00e1ratos buszok utasai. De nem csak \u00edgy igyekeznek felh\u00edvni a figyelmet a vesz\u00e9lyre. A buszokon hangosbemond\u00f3n kereszt\u00fcl t\u00f6bbf\u00e9le felh\u00edv\u00e1st hallhatnak az utasok, amelyek egy\u00e9b m\u00e1s b\u0171ncselekm\u00e9nyek elker\u00fcl\u00e9s\u00e9re is figyelmeztetnek. A k\u00f6zleked\u00e9si v\u00e1llalatn\u00e1l kor\u00e1bban is nagy hangs\u00falyt fektettek a zsebtolvajl\u00e1s sz\u00e1m\u00e1nak cs\u00f6kkent\u00e9s\u00e9re, \u00edgy viszont, hogy a rend\u0151rs\u00e9ggel k\u00f6z\u00f6sen dolgoznak, hat\u00e9konyabb lehet a megel\u0151z\u00e9s. A piktogramokon \u00e9s a hangosbemond\u00e1son t\u00fal a j\u00f6v\u0151ben b\u0171nmegel\u0151z\u00e9si plak\u00e1tokat helyeznek majd el a p\u00e1lyaudvarokon. Okt\u00f3bert\u0151l pedig a jegyek \u00e9s b\u00e9rletek h\u00e1toldal\u00e1ra is felker\u00fclnek a j\u00f3tan\u00e1csok valamint t\u00e1j\u00e9koztat\u00f3 f\u00fczeteket is kiadnak.<br \/>\n<div style=\"width: 640px;\" class=\"wp-video\"><!--[if lt IE 9]><script>document.createElement('video');<\/script><![endif]-->\n<video class=\"wp-video-shortcode\" id=\"video-15678-1\" width=\"640\" height=\"360\" preload=\"metadata\" controls=\"controls\"><source type=\"video\/mp4\" src=\"\/spots\/hir\/hir_160816_04.mp4?_=1\" \/><a href=\"\/spots\/hir\/hir_160816_04.mp4\">\/spots\/hir\/hir_160816_04.mp4<\/a><\/video><\/div><\/p>\n","protected":false},"excerpt":{"rendered":"<p>A b\u0171nmegel\u0151z\u00e9s \u00e9rdek\u00e9ben egy\u00fcttm\u0171k\u00f6d\u00e9si meg\u00e1llapod\u00e1st k\u00f6t\u00f6tt a J\u00e1sz-Nagykun-Szolnok Megyei Rend\u0151r-f\u0151kapit\u00e1nys\u00e1g \u00e9s a K\u00f6z\u00e9pkelet-Magyarorsz\u00e1gi K\u00f6zleked\u00e9si K\u00f6zpont. Ennek r\u00e9szek\u00e9nt a helyi j\u00e1ratos buszokon m\u00e1r megjelennek a zseblop\u00e1sra figyelmeztet\u0151 piktogramok \u00e9s hangosbemond\u00f3n kereszt\u00fcl is t\u00f6bb hasznos tan\u00e1cs jut el az utasokhoz. A k\u00f6zleked\u00e9si v\u00e1llalat \u00e9s a rend\u0151rs\u00e9g ma \u00edrta al\u00e1 azt az egy\u00fcttm\u0171k\u00f6d\u00e9si meg\u00e1llapod\u00e1st, mellyel k\u00f6z\u00f6sen l\u00e9pnek fel [&hellip;]<\/p>\n","protected":false},"author":2,"featured_media":0,"comment_status":"closed","ping_status":"closed","sticky":false,"template":"","format":"standard","meta":[],"categories":[16],"tags":[],"_links":{"self":[{"href":"http:\/\/archiv.szolnoktv.hu\/index.php?rest_route=\/wp\/v2\/posts\/15678"}],"collection":[{"href":"http:\/\/archiv.szolnoktv.hu\/index.php?rest_route=\/wp\/v2\/posts"}],"about":[{"href":"http:\/\/archiv.szolnoktv.hu\/index.php?rest_route=\/wp\/v2\/types\/post"}],"author":[{"embeddable":true,"href":"http:\/\/archiv.szolnoktv.hu\/index.php?rest_route=\/wp\/v2\/users\/2"}],"replies":[{"embeddable":true,"href":"http:\/\/archiv.szolnoktv.hu\/index.php?rest_route=%2Fwp%2Fv2%2Fcomments&post=15678"}],"version-history":[{"count":1,"href":"http:\/\/archiv.szolnoktv.hu\/index.php?rest_route=\/wp\/v2\/posts\/15678\/revisions"}],"predecessor-version":[{"id":15701,"href":"http:\/\/archiv.szolnoktv.hu\/index.php?rest_route=\/wp\/v2\/posts\/15678\/revisions\/15701"}],"wp:attachment":[{"href":"http:\/\/archiv.szolnoktv.hu\/index.php?rest_route=%2Fwp%2Fv2%2Fmedia&parent=15678"}],"wp:term":[{"taxonomy":"category","embeddable":true,"href":"http:\/\/archiv.szolnoktv.hu\/index.php?rest_route=%2Fwp%2Fv2%2Fcategories&post=15678"},{"taxonomy":"post_tag","embeddable":true,"href":"http:\/\/archiv.szolnoktv.hu\/index.php?rest_route=%2Fwp%2Fv2%2Ftags&post=15678"}],"curies":[{"name":"wp","href":"https:\/\/api.w.org\/{rel}","templated":true}]}}