{"id":15677,"date":"2016-08-16T16:01:21","date_gmt":"2016-08-16T16:01:21","guid":{"rendered":"http:\/\/archiv.szolnoktv.hu\/?p=15677"},"modified":"2021-08-26T08:06:17","modified_gmt":"2021-08-26T08:06:17","slug":"komaromban-jartunk-2","status":"publish","type":"post","link":"http:\/\/archiv.szolnoktv.hu\/?p=15677","title":{"rendered":"Kom\u00e1romban j\u00e1rtunk"},"content":{"rendered":"<div class='booster-block booster-read-block'><\/div><p>Megj\u00e1rtuk a Felvid\u00e9ket is. H\u00e9tf\u0151n \u00c9szak- Kom\u00e1romba utaztunk, ahonnan burgony\u00e1t hoztunk. A K\u00e1rp\u00e1t- medence kenyer\u00e9nek t\u00e9szt\u00e1j\u00e1ba sz\u00e1nt alapanyag\u00e9rt cser\u00e9be alf\u00f6ldi liszttel kedveskedt\u00fcnk. Augusztus 20- \u00e1n ism\u00e9t Szolnokra v\u00e1rjuk a helyi p\u00e9kmestert.<\/p>\n<p>R\u00e9gi ismer\u0151sk\u00e9nt \u00fcdv\u00f6z\u00f6lt\u00fck F\u00f6ldes Istv\u00e1n p\u00e9kmestert, aki a kezdetekt\u0151l fogva akt\u00edv r\u00e9szese a szolnoki keny\u00e9rs\u00fct\u00e9snek. Az F&#038;K p\u00e9ks\u00e9g tulajdonosa nemr\u00e9gen kapta meg a kisv\u00e1llalkoz\u00f3k &#8220;Oscar- D\u00edj\u00e1t&#8221;&#8221;. A v\u00e1s\u00e1rl\u00f3i \u00e9rt\u00e9kel\u00e9sek alapj\u00e1n oda\u00edt\u00e9lt orsz\u00e1gos elismer\u00e9s Pozsonyban vehette a p\u00e9kmester, aki megkezdte a felk\u00e9sz\u00fcl\u00e9st a szolnoki keny\u00e9rs\u00fct\u00e9sre. Am\u00edg \u0151 itt lesz, addig hozz\u00e1tartoz\u00f3i \u00fczemeltetik a csal\u00e1di p\u00e9ks\u00e9get. Augusztus 20- \u00e1n az Alf\u00f6ldr\u0151l hozott lisztb\u0151l dagasztj\u00e1k \u00c9szak Kom\u00e1romban az \u00fcnnepi cip\u00f3kat, melyeket a helyi esperes- Elek L\u00e1szl\u00f3 \u00e1ldja majd meg. A szolnoki kapcsolat az \u00f6nkorm\u00e1nyzat sz\u00e1m\u00e1ra is fontos. Mint Knirs Imre alpolg\u00e1rmester elmondta, a K\u00e1rp\u00e1t- medence kenyer\u00e9nek h\u00edre gyorsan eljutott a Felvid\u00e9kre. Kom\u00e1romban st\u00e1bunk megv\u00e1s\u00e1rolta a helyben termett burgony\u00e1t, amit augusztus 19- \u00e9n az \u00f3ri\u00e1skeny\u00e9r t\u00e9szt\u00e1j\u00e1ba gy\u00farnak majd. Augusztus 20- \u00e1n pedig az alf\u00f6ldi lisztet bontj\u00e1k meg a Felvid\u00e9ken, hogy kis\u00fcss\u00e9k bel\u0151le a helyieknek sz\u00e1nt cip\u00f3kat. &#8221;<br \/>\n<div style=\"width: 640px;\" class=\"wp-video\"><!--[if lt IE 9]><script>document.createElement('video');<\/script><![endif]-->\n<video class=\"wp-video-shortcode\" id=\"video-15677-1\" width=\"640\" height=\"360\" preload=\"metadata\" controls=\"controls\"><source type=\"video\/mp4\" src=\"\/spots\/hir\/hir_160816_02.mp4?_=1\" \/><a href=\"\/spots\/hir\/hir_160816_02.mp4\">\/spots\/hir\/hir_160816_02.mp4<\/a><\/video><\/div><\/p>\n","protected":false},"excerpt":{"rendered":"<p>Megj\u00e1rtuk a Felvid\u00e9ket is. H\u00e9tf\u0151n \u00c9szak- Kom\u00e1romba utaztunk, ahonnan burgony\u00e1t hoztunk. A K\u00e1rp\u00e1t- medence kenyer\u00e9nek t\u00e9szt\u00e1j\u00e1ba sz\u00e1nt alapanyag\u00e9rt cser\u00e9be alf\u00f6ldi liszttel kedveskedt\u00fcnk. Augusztus 20- \u00e1n ism\u00e9t Szolnokra v\u00e1rjuk a helyi p\u00e9kmestert. R\u00e9gi ismer\u0151sk\u00e9nt \u00fcdv\u00f6z\u00f6lt\u00fck F\u00f6ldes Istv\u00e1n p\u00e9kmestert, aki a kezdetekt\u0151l fogva akt\u00edv r\u00e9szese a szolnoki keny\u00e9rs\u00fct\u00e9snek. Az F&#038;K p\u00e9ks\u00e9g tulajdonosa nemr\u00e9gen kapta meg a kisv\u00e1llalkoz\u00f3k [&hellip;]<\/p>\n","protected":false},"author":2,"featured_media":0,"comment_status":"closed","ping_status":"closed","sticky":false,"template":"","format":"standard","meta":[],"categories":[16],"tags":[],"_links":{"self":[{"href":"http:\/\/archiv.szolnoktv.hu\/index.php?rest_route=\/wp\/v2\/posts\/15677"}],"collection":[{"href":"http:\/\/archiv.szolnoktv.hu\/index.php?rest_route=\/wp\/v2\/posts"}],"about":[{"href":"http:\/\/archiv.szolnoktv.hu\/index.php?rest_route=\/wp\/v2\/types\/post"}],"author":[{"embeddable":true,"href":"http:\/\/archiv.szolnoktv.hu\/index.php?rest_route=\/wp\/v2\/users\/2"}],"replies":[{"embeddable":true,"href":"http:\/\/archiv.szolnoktv.hu\/index.php?rest_route=%2Fwp%2Fv2%2Fcomments&post=15677"}],"version-history":[{"count":1,"href":"http:\/\/archiv.szolnoktv.hu\/index.php?rest_route=\/wp\/v2\/posts\/15677\/revisions"}],"predecessor-version":[{"id":15702,"href":"http:\/\/archiv.szolnoktv.hu\/index.php?rest_route=\/wp\/v2\/posts\/15677\/revisions\/15702"}],"wp:attachment":[{"href":"http:\/\/archiv.szolnoktv.hu\/index.php?rest_route=%2Fwp%2Fv2%2Fmedia&parent=15677"}],"wp:term":[{"taxonomy":"category","embeddable":true,"href":"http:\/\/archiv.szolnoktv.hu\/index.php?rest_route=%2Fwp%2Fv2%2Fcategories&post=15677"},{"taxonomy":"post_tag","embeddable":true,"href":"http:\/\/archiv.szolnoktv.hu\/index.php?rest_route=%2Fwp%2Fv2%2Ftags&post=15677"}],"curies":[{"name":"wp","href":"https:\/\/api.w.org\/{rel}","templated":true}]}}